{"id":626710,"date":"2025-12-28T08:20:09","date_gmt":"2025-12-28T08:20:09","guid":{"rendered":"https:\/\/www.europesays.com\/fr\/626710\/"},"modified":"2025-12-28T08:20:09","modified_gmt":"2025-12-28T08:20:09","slug":"nouvel-an-2026-ces-7-resolutions-deco-que-les-designers-dinterieur-simposent-et-les-pieces-a-shopper-avant-rupture-le-journal-de-la-maison","status":"publish","type":"post","link":"https:\/\/www.europesays.com\/fr\/626710\/","title":{"rendered":"Nouvel An 2026 : ces 7 r\u00e9solutions d\u00e9co que les designers d&#039;int\u00e9rieur s&#039;imposent (et les pi\u00e8ces \u00e0 shopper avant rupture) &#8211; Le Journal de la Maison."},"content":{"rendered":"<ol>\n<li><a href=\"https:\/\/news.google.com\/rss\/articles\/CBMi_AFBVV95cUxNWHEtb0NnSlY4VjBoNUU1Q3Z3el8wNkFHTXhzQUp6a05nX1NuSGhzVmQ2cEpZbmMxWlpGNl9iZXRPenJ3MjZTdm1DTWsxZGpQTkN2UFpXaEZ3YXJzV29WdzdnQ1o2bExGdzl0aHZYeGhJM0JjUXJISlk0MlF4SmYxemRzeDYxQ1JZTGFnZmd0OWZHanJHdnlVNEVVcUdNRVQ2Mm5SaWpJSkNaWnk3d1RUOUo0OWM2dzd0MXVrLTVsMW5HZVFCaTR6clJDclJMampnVEVZb3FLYUU1TkVxMl94NW5TeHRWWGNJWmZlYkd4ZUZCNGpUTTgyS1E1V1E?oc=5\" target=\"_blank\" rel=\"noopener\">Nouvel An 2026 : ces 7 r\u00e9solutions d\u00e9co que les designers d&rsquo;int\u00e9rieur s&rsquo;imposent (et les pi\u00e8ces \u00e0 shopper avant rupture)<\/a>&nbsp;&nbsp;Le Journal de la Maison.<\/li>\n<li><a href=\"https:\/\/news.google.com\/rss\/articles\/CBMi0wFBVV95cUxQWmJIRkZqaXJxNzlhZ2tOLUc5OXlIRm9iQ2pyak41QjFiWE5IYWd2N21STWZFLThDMFd6RzdiT0Y2UzBXZUdWWV9ITml5Z0lVLVFqcy1lRVh6aW11UmZHazVBeHdlVG9FWTFFcm9PMl9sbVFHcE5rcElCczJGaldiVFp6b04zWnY2MzRMaGR2SjVXQWExM3NuMVJUeVh0V0hCalFfVlhpTUVweXJiR3Z6MUdnVW1zQ3dPYTBsZ0lwc0hZWDhxSHJxUnQ2azhXUjVpTTZJ?oc=5\" target=\"_blank\" rel=\"noopener\">Cloud dancer : les astuces pour bien entretenir la couleur Pantone 2026 dans nos int\u00e9rieurs<\/a>&nbsp;&nbsp;Courrier picard<\/li>\n<li><a href=\"https:\/\/news.google.com\/rss\/articles\/CBMilgFBVV95cUxQQ1REbFBUOXgydWU1ZGpIUGxpSHA2Q3V3Wnk0Z1dQbEU2dVktLTB3YmxkVTcxRE1LZEd2Nm9pMUlsYmlWWDVBWHRLbWpCbmNfamVObTN5M2xvZ2x0d0FNQy1jeGpnZUtmdzFFTmQwNnBzQzFqU0VoUU5nLUVETVBMejRlVU9Ta3RZRDRJTmh6VFIyVHhrTlE?oc=5\" target=\"_blank\" rel=\"noopener\">Porter du blanc en hiver : pour ou contre ?<\/a>&nbsp;&nbsp;Madame Figaro<\/li>\n<li><a href=\"https:\/\/news.google.com\/rss\/articles\/CBMivwFBVV95cUxOZ3VPQ1FoSWZYbjVSdERuM0VqRFhGeldhREtjb1JNRjZYZmdldzhpZ2ZCV1E1Z2JweUI1eUMwbDJYOUNoVk1sc0syV202NHBGa0wyMjE3QWVoVlptVndLajBUcnFmQ2dkVzFpNVhqWFIyeTZRdHdhLTZHNFlQdi0xU3cxWllVMVpsa1lxSlB3ZEtLemtwR2EzOHBzOG1XSGdIcnBheU1qUG90Y2d3d3RqRmNQSUtRRFZwdDJiN2NkRQ?oc=5\" target=\"_blank\" rel=\"noopener\">Tout le monde va vouloir ces couleurs en 2026\u2026 mais peu sauront les utiliser<\/a>&nbsp;&nbsp;Masculin.com<\/li>\n<li><a href=\"https:\/\/news.google.com\/rss\/articles\/CBMihwFBVV95cUxQRTd6Y2gtcnRrRG9UVm9iRU5PU1QxODRabzhjT296SnFaQV9wN2IxZnE2Si1vcDQ2VGpxTEUwN0FHMFAyeWduZ0pmZDdsSm40d0NZRDVIN0E4N3dJd1VWU25ONU5fenR3djJURkRuUlp2RlBhMzVPR09sdnZMUXpYN1lEVDhnWnM?oc=5\" target=\"_blank\" rel=\"noopener\">Quelle est la couleur de l&rsquo;ann\u00e9e 2026 ?<\/a>&nbsp;&nbsp;Tameteo.com<\/li>\n<\/ol>\n","protected":false},"excerpt":{"rendered":"Nouvel An 2026 : ces 7 r\u00e9solutions d\u00e9co que les designers d&rsquo;int\u00e9rieur s&rsquo;imposent (et les pi\u00e8ces \u00e0 shopper&hellip;\n","protected":false},"author":2,"featured_media":395849,"comment_status":"","ping_status":"","sticky":false,"template":"","format":"standard","meta":{"footnotes":""},"categories":[7],"tags":[1011,27,43,40,41,39,42,44],"class_list":{"0":"post-626710","1":"post","2":"type-post","3":"status-publish","4":"format-standard","5":"has-post-thumbnail","7":"category-sciences-et-technologies","8":"tag-fr","9":"tag-france","10":"tag-science","11":"tag-science-and-technology","12":"tag-sciences","13":"tag-sciences-et-technologies","14":"tag-technologies","15":"tag-technology"},"share_on_mastodon":{"url":"https:\/\/pubeurope.com\/@fr\/115796222034726421","error":""},"_links":{"self":[{"href":"https:\/\/www.europesays.com\/fr\/wp-json\/wp\/v2\/posts\/626710","targetHints":{"allow":["GET"]}}],"collection":[{"href":"https:\/\/www.europesays.com\/fr\/wp-json\/wp\/v2\/posts"}],"about":[{"href":"https:\/\/www.europesays.com\/fr\/wp-json\/wp\/v2\/types\/post"}],"author":[{"embeddable":true,"href":"https:\/\/www.europesays.com\/fr\/wp-json\/wp\/v2\/users\/2"}],"replies":[{"embeddable":true,"href":"https:\/\/www.europesays.com\/fr\/wp-json\/wp\/v2\/comments?post=626710"}],"version-history":[{"count":0,"href":"https:\/\/www.europesays.com\/fr\/wp-json\/wp\/v2\/posts\/626710\/revisions"}],"wp:featuredmedia":[{"embeddable":true,"href":"https:\/\/www.europesays.com\/fr\/wp-json\/wp\/v2\/media\/395849"}],"wp:attachment":[{"href":"https:\/\/www.europesays.com\/fr\/wp-json\/wp\/v2\/media?parent=626710"}],"wp:term":[{"taxonomy":"category","embeddable":true,"href":"https:\/\/www.europesays.com\/fr\/wp-json\/wp\/v2\/categories?post=626710"},{"taxonomy":"post_tag","embeddable":true,"href":"https:\/\/www.europesays.com\/fr\/wp-json\/wp\/v2\/tags?post=626710"}],"curies":[{"name":"wp","href":"https:\/\/api.w.org\/{rel}","templated":true}]}}