{"id":626719,"date":"2025-12-28T08:25:13","date_gmt":"2025-12-28T08:25:13","guid":{"rendered":"https:\/\/www.europesays.com\/fr\/626719\/"},"modified":"2025-12-28T08:25:13","modified_gmt":"2025-12-28T08:25:13","slug":"loire-chez-gare-et-gamel-la-cuisine-de-bistrot-retrouve-ses-lettres-de-noblesse","status":"publish","type":"post","link":"https:\/\/www.europesays.com\/fr\/626719\/","title":{"rendered":"Loire. Chez Gare et Gamel, la cuisine de bistrot retrouve ses lettres de noblesse"},"content":{"rendered":"<p>Lorsque Philippe Mercier donne vie \u00e0 Gare et Gamel en 2014, apr\u00e8s le d\u00e9part de Christophe Roure, le virage est volontairement assum\u00e9. Originaire de l\u2019Ain, le chef poss\u00e8de alors un solide parcours derri\u00e8re lui, avec plusieurs postes de chef, notamment \u00e0 l\u2019Hostellerie du Lyon d\u2019Or \u00e0 Montbrison ou encore \u00e0 la Brasserie Le Cinq \u00e0 La Fouillouse.<\/p>\n<p>Nouvelle orientation<\/p>\n<p>Install\u00e9 \u00e0 son compte depuis onze ans, il revendique aujourd\u2019hui une trajectoire large, faite d\u2019exp\u00e9riences contrast\u00e9es. \u00ab J\u2019ai tout fait, du trois macarons Michelin en Alsace aux bouillons parisiens\u00a0\u00bb, r\u00e9sume-t-il.<\/p>\n<p>Chez Gare et Gamel, le choix est clair\u00a0: une cuisine classique et traditionnelle, <a href=\"https:\/\/www.leprogres.fr\/economie\/2024\/07\/06\/le-gare-gamel-a-fete-ses-dix-ans-et-la-passion-de-son-chef-reste-intacte\" target=\"_blank\" rel=\"noopener\">loin des effets de mode<\/a>. \u00ab Ici, on a d\u00e9cid\u00e9 de proposer de la bistronomie&#8230;<\/p>\n","protected":false},"excerpt":{"rendered":"Lorsque Philippe Mercier donne vie \u00e0 Gare et Gamel en 2014, apr\u00e8s le d\u00e9part de Christophe Roure, le&hellip;\n","protected":false},"author":2,"featured_media":626720,"comment_status":"","ping_status":"","sticky":false,"template":"","format":"standard","meta":{"footnotes":""},"categories":[9653],"tags":[1111,11,2430,1687,7359,1777,674,107,1011,27,3367,6016,12,2610,25,4001,20524,20525],"class_list":{"0":"post-626719","1":"post","2":"type-post","3":"status-publish","4":"format-standard","5":"has-post-thumbnail","7":"category-saint-etienne","8":"tag-actu","9":"tag-actualites","10":"tag-auvergne-rhone-alpes","11":"tag-culture-loisirs","12":"tag-edition-loire-centre","13":"tag-eu","14":"tag-europe","15":"tag-fil-info","16":"tag-fr","17":"tag-france","18":"tag-loire","19":"tag-magazine-cuisine-et-vins","20":"tag-news","21":"tag-recettes","22":"tag-republique-francaise","23":"tag-saint-etienne","24":"tag-saint-just-saint-rambert","25":"tag-saint-just-saint-rambert-ville"},"share_on_mastodon":{"url":"https:\/\/pubeurope.com\/@fr\/115796241497468858","error":""},"_links":{"self":[{"href":"https:\/\/www.europesays.com\/fr\/wp-json\/wp\/v2\/posts\/626719","targetHints":{"allow":["GET"]}}],"collection":[{"href":"https:\/\/www.europesays.com\/fr\/wp-json\/wp\/v2\/posts"}],"about":[{"href":"https:\/\/www.europesays.com\/fr\/wp-json\/wp\/v2\/types\/post"}],"author":[{"embeddable":true,"href":"https:\/\/www.europesays.com\/fr\/wp-json\/wp\/v2\/users\/2"}],"replies":[{"embeddable":true,"href":"https:\/\/www.europesays.com\/fr\/wp-json\/wp\/v2\/comments?post=626719"}],"version-history":[{"count":0,"href":"https:\/\/www.europesays.com\/fr\/wp-json\/wp\/v2\/posts\/626719\/revisions"}],"wp:featuredmedia":[{"embeddable":true,"href":"https:\/\/www.europesays.com\/fr\/wp-json\/wp\/v2\/media\/626720"}],"wp:attachment":[{"href":"https:\/\/www.europesays.com\/fr\/wp-json\/wp\/v2\/media?parent=626719"}],"wp:term":[{"taxonomy":"category","embeddable":true,"href":"https:\/\/www.europesays.com\/fr\/wp-json\/wp\/v2\/categories?post=626719"},{"taxonomy":"post_tag","embeddable":true,"href":"https:\/\/www.europesays.com\/fr\/wp-json\/wp\/v2\/tags?post=626719"}],"curies":[{"name":"wp","href":"https:\/\/api.w.org\/{rel}","templated":true}]}}