{"id":626727,"date":"2025-12-28T08:31:20","date_gmt":"2025-12-28T08:31:20","guid":{"rendered":"https:\/\/www.europesays.com\/fr\/626727\/"},"modified":"2025-12-28T08:31:20","modified_gmt":"2025-12-28T08:31:20","slug":"demographie-avec-522-542-habitants-la-metropole-de-montpellier-enregistre-une-croissance-record","status":"publish","type":"post","link":"https:\/\/www.europesays.com\/fr\/626727\/","title":{"rendered":"D\u00e9mographie\u00a0: avec 522\u00a0542 habitants, la M\u00e9tropole de Montpellier enregistre une croissance record"},"content":{"rendered":"<p>\n                                                                Depuis plus de cinquante ans, la M\u00e9tropole de Montpellier conna\u00eet une croissance d\u00e9mographique soutenue, port\u00e9e par l\u2019attractivit\u00e9 de la ville-centre et le d\u00e9veloppement progressif de ses communes p\u00e9riph\u00e9riques. Une dynamique qui place le territoire parmi les plus dynamiques de France, non sans poser de nouveaux d\u00e9fis.\n                            <\/p>\n<p>C\u2019est une courbe qui ne trompe pas. Depuis plus d\u2019un demi-si\u00e8cle, la d\u00e9mographie de la M\u00e9tropole de Montpellier suit une trajectoire r\u00e9solument ascendante, port\u00e9e par l\u2019attractivit\u00e9 de son c\u0153ur urbain et l\u2019essor continu, quoique plus mod\u00e9r\u00e9, de ses communes p\u00e9riph\u00e9riques. Des chiffres qui racontent, bien au-del\u00e0 des statistiques, l\u2019histoire d\u2019un territoire en perp\u00e9tuel mouvement, fa\u00e7onn\u00e9 par l\u2019arriv\u00e9e de nouvelles populations, les mutations urbaines et les choix d\u2019am\u00e9nagement.<\/p>\n<p>En 1968, Montpellier comptait un peu plus de 160\u00a0000 habitants. La ville sortait alors \u00e0 peine de son statut de pr\u00e9fecture r\u00e9gionale discr\u00e8te. Cinquante-cinq ans plus tard, le paysage a radicalement chang\u00e9. Au 1er\u00a0janvier 2023, la capitale h\u00e9raultaise affiche 310\u00a0240 habitants, contre environ 285\u00a0000 en 2017, soit une hausse de 8,8\u00a0% en six ans.<\/p>\n<p>        <img decoding=\"async\" class=\"std-img__img responsive-img\" src=\"https:\/\/www.europesays.com\/fr\/wp-content\/uploads\/2025\/12\/1766910680_917_image.png\" alt=\".\"\/><\/p>\n<p>Si Montpellier reste nettement moins peupl\u00e9e que Toulouse, capitale r\u00e9gionale avec 514\u00a0819 habitants au 1er\u00a0janvier 2023 (+\u00a035\u00a0266 habitants entre\u00a02017 et\u00a02023), l\u2019Insee souligne toutefois que sa croissance d\u00e9mographique y est encore plus forte. Elle atteint en moyenne +\u00a01,4\u00a0% par an sur la p\u00e9riode r\u00e9cente, contre +\u00a01,2\u00a0% entre\u00a02012 et\u00a02017. Dans les deux plus grandes communes d\u2019Occitanie, les soldes naturel et migratoire demeurent largement positifs.<\/p>\n<p>Castelnau-le-Lez assoit sa deuxi\u00e8me place<\/p>\n<p>Cette dynamique ne date pas d\u2019hier. D\u00e8s les ann\u00e9es 1970, Montpellier conna\u00eet un essor spectaculaire, aliment\u00e9 par l\u2019arriv\u00e9e des rapatri\u00e9s d\u2019Alg\u00e9rie, la cr\u00e9ation de nouvelles facult\u00e9s, puis l\u2019affirmation progressive d\u2019un p\u00f4le universitaire, m\u00e9dical et technologique reconnu \u00e0 l\u2019\u00e9chelle nationale.<\/p>\n<p>Autour de la ville-centre, les 31 communes de la M\u00e9tropole \u00e9voluent \u00e0 des rythmes tr\u00e8s contrast\u00e9s. S\u2019il manque toujours une grande ville p\u00e9riph\u00e9rique capable d\u2019\u00e9quilibrer Montpellier, Castelnau-le-Lez conforte sa place de deuxi\u00e8me commune avec 26\u00a0058 habitants et une croissance soutenue de 27,2\u00a0% entre\u00a02017 et\u00a02023. Elle devance d\u00e9sormais Lattes, qui compte 17\u00a0351 habitants et progresse plus modestement (+\u00a04,7\u00a0%).<\/p>\n<p>Certaines communes affichent des hausses spectaculaires en pourcentage, \u00e0 l\u2019image de Restincli\u00e8res (+\u00a038,3\u00a0%), mais sur des volumes de population plus faibles. Saint-Jean-de-V\u00e9das franchit, elle, la barre des 13\u00a0000 habitants (+\u00a033,2\u00a0%), illustrant un rattrapage progressif de l\u2019ouest de la M\u00e9tropole. Les progressions observ\u00e9es \u00e0 Pignan, Cournonterral, Saussan et surtout Juvignac, d\u00e9sormais forte de 14\u00a0055 habitants, confirment cette tendance.<\/p>\n<p>Le Cr\u00e8s a perdu une centaine d\u2019habitants<\/p>\n<p>Ces territoires s\u00e9duisent par leur cadre de vie, leur proximit\u00e9 avec Montpellier et le d\u00e9veloppement de nouveaux quartiers r\u00e9sidentiels. Seule commune en l\u00e9ger recul, Le Cr\u00e8s a perdu une centaine d\u2019habitants entre\u00a02017 et\u00a02023, tout en restant proche du seuil symbolique des 10\u00a0000 habitants.<\/p>\n<p>Au total, les 31 communes de la M\u00e9tropole de Montpellier rassemblent d\u00e9sormais 522\u00a0542 habitants, avec une croissance annuelle moyenne de 1,7\u00a0% entre\u00a02017 et\u00a02023. Un rythme sup\u00e9rieur \u00e0 celui de la M\u00e9tropole de Toulouse (+\u00a01,5\u00a0%), et nettement plus \u00e9lev\u00e9 que ceux observ\u00e9s \u00e0 N\u00eemes (+\u00a00,4\u00a0%) ou au sein de la communaut\u00e9 urbaine de Perpignan (+\u00a00,6\u00a0%).<\/p>\n<p>Une dynamique qui confirme la place de Montpellier parmi les territoires les plus attractifs de France, mais qui pose aussi, avec une acuit\u00e9 croissante, la question du logement, des transports et de l\u2019\u00e9quilibre entre la ville-centre et ses p\u00e9riph\u00e9ries.<\/p>\n","protected":false},"excerpt":{"rendered":"Depuis plus de cinquante ans, la M\u00e9tropole de Montpellier conna\u00eet une croissance d\u00e9mographique soutenue, port\u00e9e par l\u2019attractivit\u00e9 de&hellip;\n","protected":false},"author":2,"featured_media":626728,"comment_status":"","ping_status":"","sticky":false,"template":"","format":"standard","meta":{"footnotes":""},"categories":[9599],"tags":[1111,11,13029,1777,674,1011,27,2208,12,2680,25,1857],"class_list":{"0":"post-626727","1":"post","2":"type-post","3":"status-publish","4":"format-standard","5":"has-post-thumbnail","7":"category-montpellier","8":"tag-actu","9":"tag-actualites","10":"tag-du00e9mographie","11":"tag-eu","12":"tag-europe","13":"tag-fr","14":"tag-france","15":"tag-montpellier","16":"tag-news","17":"tag-occitanie","18":"tag-republique-francaise","19":"tag-sociu00e9tu00e9"},"share_on_mastodon":{"url":"https:\/\/pubeurope.com\/@fr\/115796265990989741","error":""},"_links":{"self":[{"href":"https:\/\/www.europesays.com\/fr\/wp-json\/wp\/v2\/posts\/626727","targetHints":{"allow":["GET"]}}],"collection":[{"href":"https:\/\/www.europesays.com\/fr\/wp-json\/wp\/v2\/posts"}],"about":[{"href":"https:\/\/www.europesays.com\/fr\/wp-json\/wp\/v2\/types\/post"}],"author":[{"embeddable":true,"href":"https:\/\/www.europesays.com\/fr\/wp-json\/wp\/v2\/users\/2"}],"replies":[{"embeddable":true,"href":"https:\/\/www.europesays.com\/fr\/wp-json\/wp\/v2\/comments?post=626727"}],"version-history":[{"count":0,"href":"https:\/\/www.europesays.com\/fr\/wp-json\/wp\/v2\/posts\/626727\/revisions"}],"wp:featuredmedia":[{"embeddable":true,"href":"https:\/\/www.europesays.com\/fr\/wp-json\/wp\/v2\/media\/626728"}],"wp:attachment":[{"href":"https:\/\/www.europesays.com\/fr\/wp-json\/wp\/v2\/media?parent=626727"}],"wp:term":[{"taxonomy":"category","embeddable":true,"href":"https:\/\/www.europesays.com\/fr\/wp-json\/wp\/v2\/categories?post=626727"},{"taxonomy":"post_tag","embeddable":true,"href":"https:\/\/www.europesays.com\/fr\/wp-json\/wp\/v2\/tags?post=626727"}],"curies":[{"name":"wp","href":"https:\/\/api.w.org\/{rel}","templated":true}]}}