{"id":626729,"date":"2025-12-28T08:32:21","date_gmt":"2025-12-28T08:32:21","guid":{"rendered":"https:\/\/www.europesays.com\/fr\/626729\/"},"modified":"2025-12-28T08:32:21","modified_gmt":"2025-12-28T08:32:21","slug":"montpellier-le-musee-dart-brut-devoile-pour-la-premiere-fois-loeuvre-dedmond-barrial","status":"publish","type":"post","link":"https:\/\/www.europesays.com\/fr\/626729\/","title":{"rendered":"Montpellier : le Mus\u00e9e d\u2019Art Brut d\u00e9voile pour la premi\u00e8re fois l\u2019\u0153uvre d\u2019Edmond Barrial"},"content":{"rendered":"<p>Apr\u00e8s une jeunesse marqu\u00e9e par le travail manuel et un passage difficile dans les mines du bassin houiller d\u2019Al\u00e8s, Edmond Barrial trouve dans la fabrication d\u2019objets en bois un refuge et un mode d\u2019expression. \u00c0 partir de sa retraite, prise pr\u00e9cocement \u00e0 47 ans, il consacre l\u2019essentiel de son temps \u00e0 sculpter, jour apr\u00e8s jour, des personnages, des oiseaux, des chars ou encore des figures issues de la culture populaire, de Laurel et Hardy \u00e0 Elvis Presley, taill\u00e9s dans le bois de ch\u00e2taignier ou de poirier ramass\u00e9 dans la montagne.<\/p>\n","protected":false},"excerpt":{"rendered":"Apr\u00e8s une jeunesse marqu\u00e9e par le travail manuel et un passage difficile dans les mines du bassin houiller&hellip;\n","protected":false},"author":2,"featured_media":626730,"comment_status":"","ping_status":"","sticky":false,"template":"","format":"standard","meta":{"footnotes":""},"categories":[9599],"tags":[1111,11,1777,674,1011,27,2208,12,2680,25],"class_list":{"0":"post-626729","1":"post","2":"type-post","3":"status-publish","4":"format-standard","5":"has-post-thumbnail","7":"category-montpellier","8":"tag-actu","9":"tag-actualites","10":"tag-eu","11":"tag-europe","12":"tag-fr","13":"tag-france","14":"tag-montpellier","15":"tag-news","16":"tag-occitanie","17":"tag-republique-francaise"},"share_on_mastodon":{"url":"https:\/\/pubeurope.com\/@fr\/115796269072534971","error":""},"_links":{"self":[{"href":"https:\/\/www.europesays.com\/fr\/wp-json\/wp\/v2\/posts\/626729","targetHints":{"allow":["GET"]}}],"collection":[{"href":"https:\/\/www.europesays.com\/fr\/wp-json\/wp\/v2\/posts"}],"about":[{"href":"https:\/\/www.europesays.com\/fr\/wp-json\/wp\/v2\/types\/post"}],"author":[{"embeddable":true,"href":"https:\/\/www.europesays.com\/fr\/wp-json\/wp\/v2\/users\/2"}],"replies":[{"embeddable":true,"href":"https:\/\/www.europesays.com\/fr\/wp-json\/wp\/v2\/comments?post=626729"}],"version-history":[{"count":0,"href":"https:\/\/www.europesays.com\/fr\/wp-json\/wp\/v2\/posts\/626729\/revisions"}],"wp:featuredmedia":[{"embeddable":true,"href":"https:\/\/www.europesays.com\/fr\/wp-json\/wp\/v2\/media\/626730"}],"wp:attachment":[{"href":"https:\/\/www.europesays.com\/fr\/wp-json\/wp\/v2\/media?parent=626729"}],"wp:term":[{"taxonomy":"category","embeddable":true,"href":"https:\/\/www.europesays.com\/fr\/wp-json\/wp\/v2\/categories?post=626729"},{"taxonomy":"post_tag","embeddable":true,"href":"https:\/\/www.europesays.com\/fr\/wp-json\/wp\/v2\/tags?post=626729"}],"curies":[{"name":"wp","href":"https:\/\/api.w.org\/{rel}","templated":true}]}}