{"id":626733,"date":"2025-12-28T08:42:14","date_gmt":"2025-12-28T08:42:14","guid":{"rendered":"https:\/\/www.europesays.com\/fr\/626733\/"},"modified":"2025-12-28T08:42:14","modified_gmt":"2025-12-28T08:42:14","slug":"chauffage-au-bois-quatre-conseils-pour-limiter-la-pollution-aux-particules-fines","status":"publish","type":"post","link":"https:\/\/www.europesays.com\/fr\/626733\/","title":{"rendered":"Chauffage au bois\u00a0: quatre conseils pour limiter la pollution aux particules fines"},"content":{"rendered":"<p>Une \u00e9tude men\u00e9e par l\u2019observatoire de la qualit\u00e9 de l\u2019air Air Breizh a montr\u00e9 que plus de <a href=\"https:\/\/quimper.maville.com\/actu\/actudet_-de-rennes-a-douarnenez-un-air-pollue-sur-tout-le-sud-de-la-bretagne-ce-mardi-_6-6682328_actu.Htm\" target=\"_self\" rel=\"noopener\">la moiti\u00e9 des particules fines<\/a> \u00e9mises dans la m\u00e9tropole rennaise <strong>\u00ab\u00a0sont dues au secteur r\u00e9sidentiel et que 93\u00a0% de ces \u00e9missions sont li\u00e9es au chauffage au bois individuel,<\/strong> souligne Rennes M\u00e9tropole. <strong>Les \u00e9quipements de chauffage individuel (chemin\u00e9e, insert, po\u00eale) \u00e9mettent, en proportion, beaucoup plus de particules que les chaufferies collectives. Ils constituent 43\u00a0% du parc d\u2019\u00e9quipement individuel et \u00e9mettent 60\u00a0% des \u00e9missions de particules fines\u00a0\u00bb. <\/strong>Sur base de ce constat, et avec la baisse des temp\u00e9ratures, voici<a href=\"https:\/\/rennes.maville.com\/actu\/actudet_-qualite-de-l-air-ces-astuces-simples-pour-reduire-les-pollutions-du-chauffage-au-bois-_52674-6688647_actu.Htm\" target=\"_self\" rel=\"noopener\"> les bonnes pratiques pour limiter les rejets de particules fines<\/a>.<\/p>\n<p>1. Bien s\u2019\u00e9quiper<\/p>\n<p>Les chemin\u00e9es ouvertes ou les vieux appareils \u00e9mettent davantage de particules car ils ont un rendement plus faible et consomment donc plus de bois. Il faudra \u00e9galement penser \u00e0 faire entretenir r\u00e9guli\u00e8rement votre appareil.<\/p>\n<p><strong>Lire aussi :<\/strong>\u00a0<a href=\"https:\/\/rennes.maville.com\/actu\/actudet_-en-2025-les-rennais-ont-respire-un-air-de-mauvaise-qualite-un-jour-sur-quatre-_7-6683319_actu.Htm\" target=\"_self\" rel=\"noopener\">En 2025, les Rennais ont respir\u00e9 un air de mauvaise qualit\u00e9 un jour sur quatre<\/a><\/p>\n<p>2. Allumer par le haut<\/p>\n<p>\u00c7a peut para\u00eetre contre intuitif mais il est pr\u00e9conis\u00e9 d\u2019allumer un feu par le haut. Pour cela, commencez par empiler les plus grosses b\u00fbches en dessous. Installez ensuite les plus petites au-dessus, tout en veillant \u00e0 les espacer. Terminez par du petit bois ou bois de cagette et enfin, positionnez un allume-feu naturel tout en haut. Ensuite, pensez \u00e0 alimenter r\u00e9guli\u00e8rement le foyer.<\/p>\n<p><strong>Lire aussi :<\/strong>\u00a0<a href=\"https:\/\/fougeres.maville.com\/actu\/actudet_-pollution-de-l-air-interdire-les-cheminees-a-foyer-ouvert-en-ille-et-vilaine-la-solution-_7-6688576_actu.Htm\" target=\"_self\" rel=\"noopener\">Pollution de l\u2019air : interdire les chemin\u00e9es \u00e0 foyer ouvert en Ille-et-Vilaine, la solution ?<\/a><\/p>\n<p>3. Bien choisir le bois<\/p>\n<p>Il faudra privil\u00e9gier du bois dur et sec, avec un taux d\u2019humidit\u00e9 inf\u00e9rieur \u00e0 23\u00a0%, car un bois humide d\u00e9gage plus de fum\u00e9e. Pour cela, il est conseill\u00e9 de le stocker \u00e0 l\u2019abri de l\u2019humidit\u00e9. Si vous coupez le bois de votre jardin, il faut compter 18\u00a0mois de s\u00e9chage dans un espace a\u00e9r\u00e9.<\/p>\n<p>4. Ma\u00eetriser le tirage<\/p>\n<p>Au moment d\u2019allumer le feu, ouvrez l\u2019entr\u00e9e d\u2019air. Un fois que le feu a bien pris, r\u00e9duisez l\u2019entr\u00e9e d\u2019air mais ne la fermez pas totalement.<\/p>\n<p>\u00a0<\/p>\n","protected":false},"excerpt":{"rendered":"Une \u00e9tude men\u00e9e par l\u2019observatoire de la qualit\u00e9 de l\u2019air Air Breizh a montr\u00e9 que plus de la&hellip;\n","protected":false},"author":2,"featured_media":626734,"comment_status":"","ping_status":"","sticky":false,"template":"","format":"standard","meta":{"footnotes":""},"categories":[2821],"tags":[1111,11,4154,829,27378,2612,1777,674,73609,1011,27,73608,12,63587,1800,584,25],"class_list":{"0":"post-626733","1":"post","2":"type-post","3":"status-publish","4":"format-standard","5":"has-post-thumbnail","7":"category-rennes","8":"tag-actu","9":"tag-actualites","10":"tag-bois","11":"tag-bretagne","12":"tag-chauffage","13":"tag-conseils","14":"tag-eu","15":"tag-europe","16":"tag-fines","17":"tag-fr","18":"tag-france","19":"tag-limiter","20":"tag-news","21":"tag-particules","22":"tag-pollution","23":"tag-rennes","24":"tag-republique-francaise"},"share_on_mastodon":{"url":"https:\/\/pubeurope.com\/@fr\/115796308458701945","error":""},"_links":{"self":[{"href":"https:\/\/www.europesays.com\/fr\/wp-json\/wp\/v2\/posts\/626733","targetHints":{"allow":["GET"]}}],"collection":[{"href":"https:\/\/www.europesays.com\/fr\/wp-json\/wp\/v2\/posts"}],"about":[{"href":"https:\/\/www.europesays.com\/fr\/wp-json\/wp\/v2\/types\/post"}],"author":[{"embeddable":true,"href":"https:\/\/www.europesays.com\/fr\/wp-json\/wp\/v2\/users\/2"}],"replies":[{"embeddable":true,"href":"https:\/\/www.europesays.com\/fr\/wp-json\/wp\/v2\/comments?post=626733"}],"version-history":[{"count":0,"href":"https:\/\/www.europesays.com\/fr\/wp-json\/wp\/v2\/posts\/626733\/revisions"}],"wp:featuredmedia":[{"embeddable":true,"href":"https:\/\/www.europesays.com\/fr\/wp-json\/wp\/v2\/media\/626734"}],"wp:attachment":[{"href":"https:\/\/www.europesays.com\/fr\/wp-json\/wp\/v2\/media?parent=626733"}],"wp:term":[{"taxonomy":"category","embeddable":true,"href":"https:\/\/www.europesays.com\/fr\/wp-json\/wp\/v2\/categories?post=626733"},{"taxonomy":"post_tag","embeddable":true,"href":"https:\/\/www.europesays.com\/fr\/wp-json\/wp\/v2\/tags?post=626733"}],"curies":[{"name":"wp","href":"https:\/\/api.w.org\/{rel}","templated":true}]}}