{"id":626735,"date":"2025-12-28T08:43:21","date_gmt":"2025-12-28T08:43:21","guid":{"rendered":"https:\/\/www.europesays.com\/fr\/626735\/"},"modified":"2025-12-28T08:43:21","modified_gmt":"2025-12-28T08:43:21","slug":"a-narbonne-des-commercants-genereux-et-des-creations-de-qualite-pour-le-concours-2025-des-rennes-de-noel","status":"publish","type":"post","link":"https:\/\/www.europesays.com\/fr\/626735\/","title":{"rendered":"A Narbonne, des commer\u00e7ants g\u00e9n\u00e9reux et des cr\u00e9ations de qualit\u00e9 pour le concours 2025 des \u00ab\u00a0Rennes de No\u00ebl\u00a0\u00bb"},"content":{"rendered":"<p>\n                                                                Les participants et laur\u00e9ats du concours de dessins de No\u00ebl du Comit\u00e9 Voltaire Joffre ont re\u00e7u leurs prix, samedi 28\u00a0d\u00e9cembre, dans l\u2019atelier-galerie de Vincenzo Galati. La qualit\u00e9 des \u0153uvres pr\u00e9sent\u00e9es a rendu le choix du jury complexe.\n                            <\/p>\n<p>C\u2019est dans le cadre appropri\u00e9 de l\u2019atelier-galerie de Vincenzo Galati au 1 Quai Dillon que les commer\u00e7ants du Comit\u00e9 Voltaire Joffre de Narbonne ont d\u00e9cern\u00e9, samedi 28\u00a0d\u00e9cembre \u00e0 midi, les prix de leur traditionnel concours de dessin de No\u00ebl. Cette ann\u00e9e, le th\u00e8me 2025, li\u00e9 \u00e0 celui des d\u00e9corations de la Ville, portait sur \u00ab\u00a0Les Rennes du P\u00e8re No\u00ebl\u00a0\u00bb et demandait qu\u2019un certain\u00a0nombre de mots &#8211; rennes, P\u00e8re No\u00ebl, cadeaux, sapins, chalet, bonhomme de neige, boules, \u00e9toiles, tra\u00eeneau, lutin &#8211;\u00a0soit repr\u00e9sent\u00e9\u00a0sans obligation d&rsquo;une technique sp\u00e9cifique.<\/p>\n<p>Le jury r\u00e9uni la veille au soir a confi\u00e9\u00a0avoir eu du mal \u00e0 d\u00e9cerner les prix tant les productions \u00e9taient de qualit\u00e9. Un prix d\u2019excellence a m\u00eame d\u00fb \u00eatre cr\u00e9\u00e9 dans l\u2019urgence pour la cr\u00e9ation en trois dimensions de Marl\u00e8ne\u00a0Milferstept\u00a0dans la cat\u00e9gorie 11-13 ans. Lors de la remise des prix, les dessins \u00e9taient pr\u00e9sent\u00e9s \u00e0 tous, ce qui a permis de comprendre les choix du jury.<\/p>\n<p>        <img decoding=\"async\" class=\"std-img__img responsive-img\" src=\"https:\/\/www.europesays.com\/fr\/wp-content\/uploads\/2025\/12\/1766911396_572_image.jpg\" alt=\"Un jury qui a eu du mal \u00e0 trancher\"\/><\/p>\n<p>                Un jury qui a eu du mal \u00e0 trancher<br \/>\n                                    L&rsquo;Ind\u00e9pendant &#8211; S. M.<\/p>\n<p>        <img decoding=\"async\" class=\"std-img__img responsive-img\" src=\"https:\/\/www.europesays.com\/fr\/wp-content\/uploads\/2025\/12\/1766911397_27_image.jpg\" alt=\"Une sc\u00e8ne pleine d'humour et d'imagination pour cette laur\u00e9ate.\"\/><\/p>\n<p>                Une sc\u00e8ne pleine d&rsquo;humour et d&rsquo;imagination pour cette laur\u00e9ate.<br \/>\n                                    L&rsquo;Ind\u00e9pendant &#8211; S. M.<\/p>\n<p>        <img decoding=\"async\" class=\"std-img__img responsive-img\" src=\"https:\/\/www.europesays.com\/fr\/wp-content\/uploads\/2025\/12\/1766911398_347_image.jpg\" alt=\"Les dessins gagnants \u00e9taient pr\u00e9sent\u00e9s \u00e0 tous\"\/><\/p>\n<p>                Les dessins gagnants \u00e9taient pr\u00e9sent\u00e9s \u00e0 tous<br \/>\n                                    L&rsquo;Ind\u00e9pendant &#8211; S. M.<\/p>\n<p>La\u00a0g\u00e9n\u00e9reuse association des commer\u00e7ants du\u00a0Comit\u00e9 Voltaire Joffre avait, globalement, dot\u00e9 son concours de 400\u00a0\u20ac de bons d\u2019achat chez Jou\u00e9 Club, de 440\u00a0\u20ac de bons d\u2019achat chez les commer\u00e7ants du quartier, de tickets de man\u00e8ge pour la f\u00eate foraine du cours Mirabeau et de friandises. Les participants qui n\u2019ont pas \u00e9t\u00e9 laur\u00e9ats ont aussi re\u00e7u des lots de consolation. Les dessins prim\u00e9s seront affich\u00e9s pendant le mois de janvier dans les vitrines des commer\u00e7ants participants.<\/p>\n<p>        <img decoding=\"async\" class=\"std-img__img responsive-img\" src=\"https:\/\/www.europesays.com\/fr\/wp-content\/uploads\/2025\/12\/1766911399_364_image.jpg\" alt=\"Un prix d'excellence pour le travail en trois dimensions de Marl\u00e8ne Milferstept.\"\/><\/p>\n<p>                Un prix d&rsquo;excellence pour le travail en trois dimensions de Marl\u00e8ne Milferstept.<br \/>\n                                    L&rsquo;Ind\u00e9pendant &#8211; S. M.<\/p>\n<p>        <img decoding=\"async\" class=\"std-img__img responsive-img\" src=\"https:\/\/www.europesays.com\/fr\/wp-content\/uploads\/2025\/12\/1766911400_907_image.jpg\" alt=\"Marl\u00e8ne a r\u00e9alis\u00e9 une cr\u00e9ation anim\u00e9e et en trois dimensions.\"\/><\/p>\n<p>                Marl\u00e8ne a r\u00e9alis\u00e9 une cr\u00e9ation anim\u00e9e et en trois dimensions.<br \/>\n                                    L&rsquo;Ind\u00e9pendant &#8211; S. M.<\/p>\n<p>Ont donc \u00e9t\u00e9 gagnants\u00a0: en cat\u00e9gorie maternelle,\u00a0Mamfoumbi Erynn, Dubois Ivy, Garcia Isaac, Vall\u00e9e Aliz\u00e9e, Busson Birouste Johanne. En cat\u00e9gorie CP\/CE1\/CE2,\u00a0Zurlo Benitez Rose, Garcia Cassandra, Weisser Giulia, Mamfoumbi Aryah, Besancenot Antoine. Dans la cat\u00e9gorie CM1\/CM2,\u00a0Picard Mia, Rooerch Manon, Selinguino Emma, Corsaletti Grotti Ilona. Dans la tranche des\u00a011\/13 ans, Milferstept Marl\u00e8ne (prix d\u2019excellence),\u00a0Roperch No\u00e9mie, Lino Andr\u00e9a et\u00a0Dubois Mao. Dans la cat\u00e9gorie\u00a014\/18ans, Oks\u00fcz Savanna, Duchemin Garcia Eloan, et\u00a0Decorte Bastien.<\/p>\n<p>        <img decoding=\"async\" class=\"std-img__img responsive-img\" src=\"https:\/\/www.europesays.com\/fr\/wp-content\/uploads\/2025\/12\/1766911401_267_image.jpg\" alt=\"Le benjamin des participants a re\u00e7u, en premier, son prix\"\/><\/p>\n<p>                Le benjamin des participants a re\u00e7u, en premier, son prix<br \/>\n                                    L&rsquo;Ind\u00e9pendant &#8211; S. M.<\/p>\n","protected":false},"excerpt":{"rendered":"Les participants et laur\u00e9ats du concours de dessins de No\u00ebl du Comit\u00e9 Voltaire Joffre ont re\u00e7u leurs prix,&hellip;\n","protected":false},"author":2,"featured_media":626736,"comment_status":"","ping_status":"","sticky":false,"template":"","format":"standard","meta":{"footnotes":""},"categories":[2821],"tags":[1111,11,4086,829,215,33,1777,674,1011,27,35514,12,584,25],"class_list":{"0":"post-626735","1":"post","2":"type-post","3":"status-publish","4":"format-standard","5":"has-post-thumbnail","7":"category-rennes","8":"tag-actu","9":"tag-actualites","10":"tag-aude","11":"tag-bretagne","12":"tag-commerce","13":"tag-economie","14":"tag-eu","15":"tag-europe","16":"tag-fr","17":"tag-france","18":"tag-narbonne","19":"tag-news","20":"tag-rennes","21":"tag-republique-francaise"},"share_on_mastodon":{"url":"https:\/\/pubeurope.com\/@fr\/115796314102070527","error":""},"_links":{"self":[{"href":"https:\/\/www.europesays.com\/fr\/wp-json\/wp\/v2\/posts\/626735","targetHints":{"allow":["GET"]}}],"collection":[{"href":"https:\/\/www.europesays.com\/fr\/wp-json\/wp\/v2\/posts"}],"about":[{"href":"https:\/\/www.europesays.com\/fr\/wp-json\/wp\/v2\/types\/post"}],"author":[{"embeddable":true,"href":"https:\/\/www.europesays.com\/fr\/wp-json\/wp\/v2\/users\/2"}],"replies":[{"embeddable":true,"href":"https:\/\/www.europesays.com\/fr\/wp-json\/wp\/v2\/comments?post=626735"}],"version-history":[{"count":0,"href":"https:\/\/www.europesays.com\/fr\/wp-json\/wp\/v2\/posts\/626735\/revisions"}],"wp:featuredmedia":[{"embeddable":true,"href":"https:\/\/www.europesays.com\/fr\/wp-json\/wp\/v2\/media\/626736"}],"wp:attachment":[{"href":"https:\/\/www.europesays.com\/fr\/wp-json\/wp\/v2\/media?parent=626735"}],"wp:term":[{"taxonomy":"category","embeddable":true,"href":"https:\/\/www.europesays.com\/fr\/wp-json\/wp\/v2\/categories?post=626735"},{"taxonomy":"post_tag","embeddable":true,"href":"https:\/\/www.europesays.com\/fr\/wp-json\/wp\/v2\/tags?post=626735"}],"curies":[{"name":"wp","href":"https:\/\/api.w.org\/{rel}","templated":true}]}}