{"id":626737,"date":"2025-12-28T08:44:13","date_gmt":"2025-12-28T08:44:13","guid":{"rendered":"https:\/\/www.europesays.com\/fr\/626737\/"},"modified":"2025-12-28T08:44:13","modified_gmt":"2025-12-28T08:44:13","slug":"histoire-dici-jean-de-manderscheid-celebre-pour-ses-exploits-bachiques-et-son-reglement-du-maitre-queux-au-xvie-siecle","status":"publish","type":"post","link":"https:\/\/www.europesays.com\/fr\/626737\/","title":{"rendered":"Histoire d&rsquo;ici. Jean de Manderscheid, c\u00e9l\u00e8bre pour ses exploits bachiques et son r\u00e8glement du ma\u00eetre queux au XVIe si\u00e8cle"},"content":{"rendered":"<p>\u00c9lu prince-\u00e9v\u00eaque de Strasbourg en 1569, Jean de Manderscheid a voulu mettre fin au d\u00e9labrement de l\u2019\u00e9v\u00each\u00e9 \u00e9branl\u00e9 par les querelles religieuses depuis une trentaine d\u2019ann\u00e9es. R\u00e9sidant \u00e0 Saverne, il a r\u00e9gn\u00e9 sur un territoire comprenant non seulement les trois quarts de la Basse Alsace, mais encore une partie situ\u00e9e sur la rive droite du Rhin. D\u2019embl\u00e9e, le prince-\u00e9v\u00eaque s\u2019est plus passionn\u00e9 pour la restauration de son autorit\u00e9 princi\u00e8re que pour l\u2019\u00e9tat spirituel de son \u00e9v\u00each\u00e9. Amateur de bonne ch\u00e8re, le personnage est c\u00e9l\u00e8bre pour ses exploits bachiques.<\/p>\n<p>En 1586, il fonde la confr\u00e9rie de la Corne, une soci\u00e9t\u00e9 de francs-buveurs install\u00e9e <a href=\"https:\/\/www.dna.fr\/culture-loisirs\/2024\/05\/26\/bien(s)-de-chez-nous-le-chateau-du-haut-barr-surveille-la-lorraine\" target=\"_blank\" rel=\"noopener\">au ch\u00e2teau du Haut-Barr<\/a> qu\u2019il fait restaurer et renforcer de\u00a01581 \u00e0\u00a01591. Outre ses pr\u00e9occupations administratives, Jean de Manderscheid renouvelle divers r\u00e8glements pour les fonctionnaires et les domestiques \u00e9piscopaux.<\/p>\n<p>Un r\u00e8glement pr\u00e9voyant en 29 points<\/p>\n<p>Parmi ces textes, on note le r\u00e8glement du ma\u00eetre queux de la&#8230;<\/p>\n","protected":false},"excerpt":{"rendered":"\u00c9lu prince-\u00e9v\u00eaque de Strasbourg en 1569, Jean de Manderscheid a voulu mettre fin au d\u00e9labrement de l\u2019\u00e9v\u00each\u00e9 \u00e9branl\u00e9&hellip;\n","protected":false},"author":2,"featured_media":626738,"comment_status":"","ping_status":"","sticky":false,"template":"","format":"standard","meta":{"footnotes":""},"categories":[2820],"tags":[1111,11,5644,1777,674,107,1011,27,775,937,6016,12,25,45554,40770,104,640],"class_list":{"0":"post-626737","1":"post","2":"type-post","3":"status-publish","4":"format-standard","5":"has-post-thumbnail","7":"category-strasbourg","8":"tag-actu","9":"tag-actualites","10":"tag-edition-saverne-sarre-union","11":"tag-eu","12":"tag-europe","13":"tag-fil-info","14":"tag-fr","15":"tag-france","16":"tag-grand-est","17":"tag-histoire","18":"tag-magazine-cuisine-et-vins","19":"tag-news","20":"tag-republique-francaise","21":"tag-saverne","22":"tag-secteur-de-saverne","23":"tag-societe","24":"tag-strasbourg"},"share_on_mastodon":{"url":"https:\/\/pubeurope.com\/@fr\/115796317342299235","error":""},"_links":{"self":[{"href":"https:\/\/www.europesays.com\/fr\/wp-json\/wp\/v2\/posts\/626737","targetHints":{"allow":["GET"]}}],"collection":[{"href":"https:\/\/www.europesays.com\/fr\/wp-json\/wp\/v2\/posts"}],"about":[{"href":"https:\/\/www.europesays.com\/fr\/wp-json\/wp\/v2\/types\/post"}],"author":[{"embeddable":true,"href":"https:\/\/www.europesays.com\/fr\/wp-json\/wp\/v2\/users\/2"}],"replies":[{"embeddable":true,"href":"https:\/\/www.europesays.com\/fr\/wp-json\/wp\/v2\/comments?post=626737"}],"version-history":[{"count":0,"href":"https:\/\/www.europesays.com\/fr\/wp-json\/wp\/v2\/posts\/626737\/revisions"}],"wp:featuredmedia":[{"embeddable":true,"href":"https:\/\/www.europesays.com\/fr\/wp-json\/wp\/v2\/media\/626738"}],"wp:attachment":[{"href":"https:\/\/www.europesays.com\/fr\/wp-json\/wp\/v2\/media?parent=626737"}],"wp:term":[{"taxonomy":"category","embeddable":true,"href":"https:\/\/www.europesays.com\/fr\/wp-json\/wp\/v2\/categories?post=626737"},{"taxonomy":"post_tag","embeddable":true,"href":"https:\/\/www.europesays.com\/fr\/wp-json\/wp\/v2\/tags?post=626737"}],"curies":[{"name":"wp","href":"https:\/\/api.w.org\/{rel}","templated":true}]}}