{"id":626739,"date":"2025-12-28T08:45:59","date_gmt":"2025-12-28T08:45:59","guid":{"rendered":"https:\/\/www.europesays.com\/fr\/626739\/"},"modified":"2025-12-28T08:45:59","modified_gmt":"2025-12-28T08:45:59","slug":"une-annee-de-mobilisations-sociales-en-images","status":"publish","type":"post","link":"https:\/\/www.europesays.com\/fr\/626739\/","title":{"rendered":"une ann\u00e9e de mobilisations sociales en images"},"content":{"rendered":"<p class=\"has-drop-cap\">Bien s\u00fbr, nous n\u2019avons pas pu \u00eatre partout en 2025. Mais nous avons essay\u00e9 de vous proposer, tout au long de l\u2019ann\u00e9e, des reportages sur les mobilisations sociales afin de donner la parole aux Alsaciens et aux Alsaciennes engag\u00e9es. Leurs r\u00e9cits ont \u00e9t\u00e9 port\u00e9s par le travail essentiel de nos photographes Mathilde Cybulski, Pascal Bastien et Abdesslam Mirdass. Parfois, ce sont les journalistes qui s\u2019en chargent : les images sont alors moins parfaites, mais nous faisons de notre mieux. N\u2019h\u00e9sitez pas \u00e0 nous soutenir en vous abonnant, pour que nous puissions plus souvent mandater nos photographes.<\/p>\n<p><a href=\"https:\/\/www.rue89strasbourg.com\/user\/offrez-rue89-strasbourg\" target=\"_blank\" rel=\" noreferrer noopener\"><img loading=\"lazy\" decoding=\"async\" width=\"1940\" height=\"500\" src=\"https:\/\/www.europesays.com\/fr\/wp-content\/uploads\/2025\/11\/banner-970x250px-promo-v2-.png\" alt=\"\" class=\"wp-image-367072\" style=\"object-fit:cover;width:970px;height:250px\"  \/><\/a><\/p>\n<p>Occupations d\u2019\u00e9coles<\/p>\n<p>\u00c7a a commenc\u00e9 fort le lundi 13 janvier, avec le d\u00e9but de l\u2019occupation de l\u2019\u00e9cole Saint-Jean pour loger des familles \u00e0 la rue. Tout au long de l\u2019hiver nous avons suivi cette grande mobilisation pour l\u2019h\u00e9bergement des enfants \u00e0 la rue, marqu\u00e9e par <a href=\"https:\/\/www.rue89strasbourg.com\/eleves-a-la-rue-quand-les-citoyens-et-citoyennes-se-substituent-a-letat-333626\" target=\"_blank\" rel=\"noreferrer noopener\">de nombreuses actions permettant de leur proposer un toit<\/a> : occupations d\u2019\u00e9tablissements, cagnottes solidaires ou <a href=\"https:\/\/www.rue89strasbourg.com\/hoenheim-familles-relayent-loger-enfants-rue-324606\" target=\"_blank\" rel=\"noreferrer noopener\">relais de Strasbourgeois et Strasbourgeoises pour les accueillir directement chez elles<\/a>.<\/p>\n<p><img loading=\"lazy\" decoding=\"async\" width=\"792\" height=\"446\" src=\"https:\/\/www.europesays.com\/fr\/wp-content\/uploads\/2025\/12\/54263631977-4d108fa7f5-k-792x446.jpg\" alt=\"\" class=\"wp-image-369527\"  \/> Des enseignantes, des parents d\u2019\u00e9l\u00e8ves et des enfants \u00e9taient pr\u00e9sents et pr\u00e9sentes pour le d\u00e9but de l\u2019occupation de l\u2019\u00e9cole.Photo\u00a0: Pierre France \/ Rue89 Strasbourg<\/p>\n<p>\t\tLes pompiers devant les urgences<\/p>\n<p>Rue89 Strasbourg s\u2019int\u00e9resse \u00e9galement de pr\u00e8s aux dysfonctionnements des urgences m\u00e9dicales, principalement li\u00e9s au manque de moyens de l\u2019h\u00f4pital public. C\u2019est ainsi que nous nous sommes rendus au <a href=\"https:\/\/www.rue89strasbourg.com\/pompiers-strasbourg-mobilises-sollicitations-non-urgentes-330974\" target=\"_blank\" rel=\"noreferrer noopener\">rassemblement des pompiers le 23 janvier<\/a>, devant les locaux du SAMU \u00e0 Hautepierre. Ils d\u00e9non\u00e7aient alors leur sollicitation pour des interventions anodines et les d\u00e9lais d\u2019attente devant les urgences.<\/p>\n<p><img loading=\"lazy\" decoding=\"async\" width=\"792\" height=\"528\" src=\"https:\/\/www.europesays.com\/fr\/wp-content\/uploads\/2025\/12\/54283213449-f2606eb633-k-792x528.jpg\" alt=\"\" class=\"wp-image-330992\"  \/> Des pompiers mobilis\u00e9s devant les urgences.Photo\u00a0: Pierrot Destrez \/ Rue89 Strasbourg<\/p>\n<p><img loading=\"lazy\" decoding=\"async\" width=\"792\" height=\"528\" src=\"https:\/\/www.europesays.com\/fr\/wp-content\/uploads\/2025\/12\/54283207853-814eec99f7-k-792x528.jpg\" alt=\"\" class=\"wp-image-369519\"  \/> Les syndicats pompiers Force Ouvri\u00e8re et Avenir secours r\u00e9clamaient une meilleure r\u00e9gulation des missions qui leur sont confi\u00e9es.Photo\u00a0: Pierrot Destrez \/ Rue89 Strasbourg<\/p>\n<p>Blocage de Sciences po<\/p>\n<p>D\u00e8s la fin du mois de janvier, des \u00e9tudiants et \u00e9tudiantes ont <a href=\"https:\/\/www.rue89strasbourg.com\/contre-partenariat-universite-israelienne-blocage-sciences-po-332130\" target=\"_blank\" rel=\"noreferrer noopener\">bloqu\u00e9 le b\u00e2timent de Sciences Po<\/a> Strasbourg pour d\u00e9noncer le partenariat de leur \u00e9cole avec l\u2019universit\u00e9 Reichman en Isra\u00ebl, accus\u00e9e d\u2019\u00eatre proche du gouvernement d\u2019extr\u00eame droite isra\u00e9lien. Malgr\u00e9 de nombreuses mobilisations au cours des semaines suivantes, le conseil d\u2019administration a choisi de <a href=\"https:\/\/www.rue89strasbourg.com\/sciences-po-strasbourg-universite-reichman-avril-339429\" target=\"_blank\" rel=\"noreferrer noopener\">maintenir le partenariat<\/a> en avril.<\/p>\n<p><img loading=\"lazy\" decoding=\"async\" width=\"792\" height=\"594\" src=\"https:\/\/www.europesays.com\/fr\/wp-content\/uploads\/2025\/12\/img-20250224-081949-2-792x594.jpg\" alt=\"\" class=\"wp-image-334807\"  \/> Les blocages commen\u00e7aient \u00e0 l\u2019aube.Photo\u00a0: doc remis<\/p>\n<p>8 mars<\/p>\n<p>La mobilisation du 8 mars, journ\u00e9e internationale de lutte pour les droits des femmes, a rassembl\u00e9 des milliers de personnes \u00e0 Strasbourg. Dans les discours des personnes interrog\u00e9es, <a href=\"https:\/\/www.rue89strasbourg.com\/manifestation-8-mars-feministe-contre-extreme-droite-336107\" target=\"_blank\" rel=\"noreferrer noopener\">la lutte contre l\u2019extr\u00eame droite s\u2019imposait comme une n\u00e9cessit\u00e9 f\u00e9ministe<\/a>.<\/p>\n<p><img loading=\"lazy\" decoding=\"async\" width=\"792\" height=\"528\" src=\"https:\/\/www.europesays.com\/fr\/wp-content\/uploads\/2025\/12\/08-03-2025-marche-du-8-mars-2025-54372375832-o-792x528.jpg\" alt=\"\" class=\"wp-image-336127\"  \/> Une place Kl\u00e9ber noire de monde pour la journ\u00e9e internationale de lutte pour les droits des femmes.Photo\u00a0: Mathilde Cybulski \/ Rue89 Strasbourg<\/p>\n<p><img loading=\"lazy\" decoding=\"async\" width=\"792\" height=\"528\" src=\"https:\/\/www.europesays.com\/fr\/wp-content\/uploads\/2025\/12\/08-03-2025-marche-du-8-mars-2025-54373453844-o-792x528.jpg\" alt=\"\" class=\"wp-image-336143\"  \/> Des milliers de manifestant-es \u00e0 l\u2019occasion de la marche pour la journ\u00e9e internationale des droits des femmes \u00e0 Strasbourg. Photo\u00a0: Mathilde Cybulski \/ Rue89 Strasbourg<\/p>\n<p>Soutien \u00e0 un jeune homme trans discrimin\u00e9<\/p>\n<p>Audric a re\u00e7u le soutien <a href=\"https:\/\/www.rue89strasbourg.com\/au-tribunal-le-combat-dun-jeune-homme-transgenre-pour-une-egalite-de-soins-336437\" target=\"_blank\" rel=\"noreferrer noopener\">d\u2019une trentaine de personnes devant le tribunal judiciaire<\/a> de Strasbourg le 12 mars. Il contestait la d\u00e9cision de la Caisse primaire d\u2019assurance maladie (CPAM) du Bas-Rhin de ne rembourser qu\u2019une partie des soins n\u00e9cessaires \u00e0 sa transition de genre. Les magistrats lui ont finalement donn\u00e9 raison, et <a href=\"https:\/\/www.rue89strasbourg.com\/operation-transgenre-cpam-decision-343373\" target=\"_blank\" rel=\"noreferrer noopener\">ont condamn\u00e9 la CPAM \u00e0 prendre en charge son op\u00e9ration d\u2019ablation des seins<\/a>.<\/p>\n<p><img loading=\"lazy\" decoding=\"async\" width=\"792\" height=\"528\" src=\"https:\/\/www.europesays.com\/fr\/wp-content\/uploads\/2025\/12\/54382585128-9999ae54ec-k-792x528.jpg\" alt=\"\" class=\"wp-image-369522\"  \/> La devanture du tribunal a \u00e9t\u00e9 d\u00e9cor\u00e9e avec des pancartes et des banderoles pour l\u2019occasion.Photo\u00a0: Camille Balzinger \/ Rue89 Strasbourg<\/p>\n<p><img loading=\"lazy\" decoding=\"async\" width=\"792\" height=\"528\" src=\"https:\/\/www.europesays.com\/fr\/wp-content\/uploads\/2025\/12\/54381476157-f1835c2d7a-k-792x528.jpg\" alt=\"\" class=\"wp-image-369521\"  \/> Des militant-es du centre LGBT La Station, de l\u2019association SOS Homophobie, de l\u2019organisation Fransgenre, du Bloc r\u00e9volutionnaire insurrectionnel et f\u00e9ministe, de l\u2019organisation solidarit\u00e9 trans, de Support transgenre Strasbourg et des syndicats CNT et CGT se sont d\u00e9plac\u00e9-es.Photo\u00a0: Camille Balzinger \/ Rue89 Strasbourg<\/p>\n<p>Artistes mobilis\u00e9-es<\/p>\n<p>Quelques jours plus tard, le 20 mars, environ 200 artistes se sont rassembl\u00e9-es devant la direction r\u00e9gionale des affaires culturelles (Drac) <a href=\"https:\/\/www.rue89strasbourg.com\/baisse-budgets-culture-artistes-disparition-337427\" target=\"_blank\" rel=\"noreferrer noopener\">contre les coupes budg\u00e9taires<\/a> dans les secteurs du spectacle vivant et de l\u2019audiovisuel.<\/p>\n<p><img loading=\"lazy\" decoding=\"async\" width=\"792\" height=\"446\" src=\"https:\/\/www.europesays.com\/fr\/wp-content\/uploads\/2025\/12\/manifestation-coupes-budgetaire-spectacle-vivant-mars-2025-792x446.jpg\" alt=\"\" class=\"wp-image-337546\"  \/> Environ 200 personnes devant la Drac, jeudi 20 mars 2025.Photo\u00a0: Magali Arrouays \/ Rue89 Strasbourg<\/p>\n<p>Soutien aux Serbes<\/p>\n<p>Une centaine de cyclistes serbes ont roul\u00e9 jusqu\u2019\u00e0 Strasbourg pour d\u00e9noncer la corruption de leur gouvernement devant les institutions europ\u00e9ennes. Le pays \u00e9tait en pleine mobilisation massive contre ce ph\u00e9nom\u00e8ne, notamment la jeunesse. \u00c0 leur arriv\u00e9e dans la capitale alsacienne, mardi 15 avril, les militants et militantes ont \u00e9t\u00e9 <a href=\"https:\/\/www.rue89strasbourg.com\/arrivee-cyclistes-serbes-contre-corruption-strasbourg-340409\" target=\"_blank\" rel=\"noreferrer noopener\">accueillies par des centaines de personnes<\/a> place Kl\u00e9ber.<\/p>\n<p><img loading=\"lazy\" decoding=\"async\" width=\"792\" height=\"528\" src=\"https:\/\/www.europesays.com\/fr\/wp-content\/uploads\/2025\/12\/54454758988-814e58d677-k-792x528.jpg\" alt=\"\" class=\"wp-image-340416\"  \/> Des centaines de personnes place Kl\u00e9ber le 15 avril, en soutien aux jeunes cyclistes serbes.Photo\u00a0: Mathilde Cybulski \/ Rue89 Strasbourg<\/p>\n<p>Rassemblement contre l\u2019islamophobie<\/p>\n<p>Le 28 avril, nouvelle mobilisation. Encore place Kleber, une centaine de personnes se sont <a href=\"https:\/\/www.rue89strasbourg.com\/rassemblement-islamophobie-strasbourg-2-341710\" target=\"_blank\" rel=\"noreferrer noopener\">rassembl\u00e9es contre l\u2019islamophobie<\/a>, dans un contexte o\u00f9 les discours publics hostiles aux musulmans se multiplient dans l\u2019espace m\u00e9diatique en France. Un fid\u00e8le venait d\u2019\u00eatre assassin\u00e9 dans une mosqu\u00e9e du Gard. Ce jour-l\u00e0, des participantes \u00e0 la manifestation nous ont racont\u00e9 leur v\u00e9cu, ainsi que les insultes et discriminations qu\u2019elles subissent au quotidien.<\/p>\n<p><img loading=\"lazy\" decoding=\"async\" width=\"792\" height=\"528\" src=\"https:\/\/www.europesays.com\/fr\/wp-content\/uploads\/2025\/12\/206a7890-792x528.jpg\" alt=\"\" class=\"wp-image-341716\"  \/> Chayma ne se \u00ab\u00a0sent pas l\u00e9gitime en France \u00e0 vivre son culte \u00ab\u00a0. C\u2019est d\u2019autant plus important pour elle de \u00ab\u00a0revendiquer ses choix\u00a0\u00bb. Photo\u00a0: Lucile Vitrac \/ Rue89 Strasbourg \/ cc<\/p>\n<p>Foire Saint-Jean\u00a0: blocage du Centre administratif<\/p>\n<p>Au mois de mai, les forains se sont mis en col\u00e8re. Ils ont estim\u00e9 que la Ville de Strasbourg ne leur avait pas propos\u00e9 de terrain adapt\u00e9 pour accueillir la traditionnelle foire Saint-Jean jusqu\u2019en 2027. Le 19 mai, ils ont <a href=\"https:\/\/www.rue89strasbourg.com\/foire-saint-jean-obtenir-terrain-ville-forains-bloquent-centre-administratif-343937\" target=\"_blank\" rel=\"noreferrer noopener\">bloqu\u00e9 le Centre administratif<\/a>, pour demander \u00e0 pouvoir s\u2019installer quelque part.<\/p>\n<p><img loading=\"lazy\" decoding=\"async\" width=\"792\" height=\"594\" src=\"https:\/\/www.europesays.com\/fr\/wp-content\/uploads\/2025\/12\/pxl-20250519-093041500-792x594.jpg\" alt=\"\" class=\"wp-image-343959\"  \/> Une cinquentaine de forains tenaient l\u2019entr\u00e9e principale du Centre administratif.Photo\u00a0: Roni Gocer \/ Rue89 Strasbourg<\/p>\n<p>H\u00e9bergement d\u2019urgence<\/p>\n<p>Malgr\u00e9 une intense chaleur le 18 juin, <a href=\"https:\/\/www.rue89strasbourg.com\/manifestation-hebergement-urgence-strasbourg-347659\" target=\"_blank\" rel=\"noreferrer noopener\">une centaine de personnes se sont r\u00e9unies<\/a> devant la pr\u00e9fecture du Bas-Rhin pour protester contre la suppression de places d\u2019h\u00e9bergement d\u2019urgence par l\u2019\u00c9tat. Des personnes \u00e0 la rue \u00e9taient pr\u00e9sentes pour raconter leur situation.<\/p>\n<p><img loading=\"lazy\" decoding=\"async\" width=\"792\" height=\"528\" src=\"https:\/\/www.europesays.com\/fr\/wp-content\/uploads\/2025\/12\/54598817847-c7150b1fcf-k-792x528.jpg\" alt=\"\" class=\"wp-image-347670\"  \/> Les militant-es ont install\u00e9 des tentes devant la pr\u00e9fecture.Photo\u00a0: Thibault Vetter \/ Rue89 Strasbourg<\/p>\n<p><img loading=\"lazy\" decoding=\"async\" width=\"792\" height=\"528\" src=\"https:\/\/www.europesays.com\/fr\/wp-content\/uploads\/2025\/12\/54598815312-2bd2523c7d-k-792x528.jpg\" alt=\"\" class=\"wp-image-347669\"  \/> Des personnes concern\u00e9es ont pu s\u2019exprimer.Photo\u00a0: Thibault Vetter \/ Rue89 Strasbourg<\/p>\n<p>Manifestation \u00e0 l\u2019appel des d\u00e9tenus de l\u2019Elsau<\/p>\n<p>Une cinquantaine de personnes ont <a href=\"https:\/\/www.rue89strasbourg.com\/strasbourg-detenus-manifestation-349917\" target=\"_blank\" rel=\"noreferrer noopener\">manifest\u00e9 devant la maison d\u2019arr\u00eat de l\u2019Elsau<\/a> samedi 5 juillet. Des d\u00e9tenus avaient appel\u00e9 \u00e0 ce rassemblement \u00e0 la suite du <a href=\"https:\/\/www.rue89strasbourg.com\/strasbourg-mort-detenu-aveugle-seul-cellule-colere-prison-349067\" target=\"_blank\" rel=\"noreferrer noopener\">d\u00e9c\u00e8s de Serge Meckes dans sa cellule<\/a>. D\u2019anciens prisonniers sont venus en solidarit\u00e9 et ont d\u00e9crit une prison insalubre o\u00f9 les morts se succ\u00e8dent.<\/p>\n<p><img loading=\"lazy\" decoding=\"async\" width=\"792\" height=\"529\" src=\"https:\/\/www.europesays.com\/fr\/wp-content\/uploads\/2025\/12\/54634719256-e3f9e346d8-k-792x529.jpg\" alt=\"\" class=\"wp-image-349928\"  \/> Une cinquantaine de personnes ont r\u00e9pondu pr\u00e9sentes \u00e0 l\u2019appel des prisonniers pour des conditions de d\u00e9tention dignes.Photo\u00a0: Guillaume Krempp \/ Rue89 Strasbourg<\/p>\n<p>Mobilisation pour la Palestine<\/p>\n<p>Bien s\u00fbr, tout au long de l\u2019ann\u00e9e, <a href=\"https:\/\/www.rue89strasbourg.com\/tag\/palestine\" target=\"_blank\" rel=\"noopener\">nous avons annonc\u00e9 et parfois couvert<\/a> les nombreuses mobilisations pour Gaza. En juillet, les rassemblements ont \u00e9t\u00e9 particuli\u00e8rement importants pour soutenir les flottilles humanitaires et demander la fin du blocus, alors que la famine provoqu\u00e9e par l\u2019arm\u00e9e isra\u00e9lienne s\u2019aggravait.<\/p>\n<p><img loading=\"lazy\" decoding=\"async\" width=\"792\" height=\"446\" src=\"https:\/\/www.europesays.com\/fr\/wp-content\/uploads\/2025\/12\/54595364964-1f8d70a711-k-792x446.jpg\" alt=\"\" class=\"wp-image-353070\"  \/> Des centaines de personnes ont manifest\u00e9 fin juillet place Kl\u00e9ber.Photo\u00a0: PF \/ Rue89 Strasbourg<\/p>\n<p>Bloquons tout<\/p>\n<p>Le 10 septembre, <a href=\"https:\/\/www.rue89strasbourg.com\/blocages-manifestation-strasbourg-alsace-359004\" target=\"_blank\" rel=\"noreferrer noopener\">nous avons \u00e9t\u00e9 sur tous les fronts \u00e0 Strasbourg<\/a>, pour vous raconter au mieux la manifestation massive et les actions de blocage qui ont eu lieu dans la ville.<\/p>\n<p><img loading=\"lazy\" decoding=\"async\" width=\"792\" height=\"528\" src=\"https:\/\/www.europesays.com\/fr\/wp-content\/uploads\/2025\/09\/dsc-8528-792x528.jpg\" alt=\"\" class=\"wp-image-358811\"  \/> Des dizaines de militants ont bloqu\u00e9 la M35 en p\u00e9n\u00e9trant sur l\u2019autoroute un peu apr\u00e8s 7h.Photo\u00a0: Mathilde Cybulski \/ Rue89 Strasbourg<\/p>\n<p><img loading=\"lazy\" decoding=\"async\" width=\"792\" height=\"528\" src=\"https:\/\/www.europesays.com\/fr\/wp-content\/uploads\/2025\/12\/54780156441-be2352c39d-k-792x528.jpg\" alt=\"\" class=\"wp-image-369296\"  \/> Comme d\u2019autres \u00e9tablissements, le lyc\u00e9e des Pontonniers a \u00e9t\u00e9 bloqu\u00e9 par des \u00e9l\u00e8ves.Photo\u00a0: Mathilde Cybulski \/ Rue89 Strasbourg<\/p>\n<p><img loading=\"lazy\" decoding=\"async\" width=\"792\" height=\"528\" src=\"https:\/\/www.europesays.com\/fr\/wp-content\/uploads\/2025\/12\/54780155991-5e3cf0f170-k-792x528.jpg\" alt=\"\" class=\"wp-image-369294\"  \/> Une foule impressionnante a d\u00e9fil\u00e9 dans les rues de Strasbourg dans l\u2019apr\u00e8s-midi.Photo\u00a0: Mathilde Cybulski \/ Rue89 Strasbourg<\/p>\n<p><img loading=\"lazy\" decoding=\"async\" width=\"792\" height=\"528\" src=\"https:\/\/www.europesays.com\/fr\/wp-content\/uploads\/2025\/12\/54780385009-c902c1b0fc-k-792x528.jpg\" alt=\"\" class=\"wp-image-369293\"  \/> \u00c0 la fin du rassemblement, il a \u00e9t\u00e9 d\u00e9cid\u00e9 de continuer \u00e0 manifester la semaine d\u2019apr\u00e8s. Photo\u00a0: Mathilde Cybulski \/ Rue89 Strasbourg<\/p>\n<p>Et le 18 septembre, sous les ordres de Bruno Retailleau (Les R\u00e9publicains), ministre de l\u2019Int\u00e9rieur d\u2019alors, <a href=\"https:\/\/www.rue89strasbourg.com\/resume-18-septembre-strasbourg-360194\" target=\"_blank\" rel=\"noreferrer noopener\">la police a mis en place un vaste dispositif de r\u00e9pression<\/a> des actions de blocage.<\/p>\n<p><img loading=\"lazy\" decoding=\"async\" width=\"792\" height=\"528\" src=\"https:\/\/www.europesays.com\/fr\/wp-content\/uploads\/2025\/12\/dsc-0090-792x528.jpg\" alt=\"\" class=\"wp-image-360014\"  \/> La gendarmerie a d\u00e9ploy\u00e9 des blind\u00e9s aux abords de la place de Haguenau.Photo\u00a0: Mathilde Cybulski \/ Rue89 Strasbourg<\/p>\n<p><img loading=\"lazy\" decoding=\"async\" width=\"792\" height=\"528\" src=\"https:\/\/www.europesays.com\/fr\/wp-content\/uploads\/2025\/12\/54798277403-ff90d8d692-k-792x528.jpg\" alt=\"\" class=\"wp-image-369298\"  \/> Une importante manifestation a eu lieu dans l\u2019apr\u00e8s-midi, dispers\u00e9e par la police nationale avec du gaz lacrymog\u00e8ne et des charges pour interpeller des militant-es.Photo\u00a0: Mathilde Cybulski \/ Rue89 Strasbourg<\/p>\n<p>Infirmi\u00e8res sous-pay\u00e9es<\/p>\n<p>Mardi 14 octobre, devant l\u2019h\u00f4pital de S\u00e9lestat, <a href=\"https:\/\/www.rue89strasbourg.com\/hopital-selestat-infirmieres-bloc-operatoire-moins-payees-colmar-363841\" target=\"_blank\" rel=\"noreferrer noopener\">les infirmi\u00e8res du bloc op\u00e9ratoire ont organis\u00e9 une mobilisation<\/a> pour d\u00e9noncer le manque de reconnaissance de la part de la direction et des salaires particuli\u00e8rement bas.<\/p>\n<p><img loading=\"lazy\" decoding=\"async\" width=\"792\" height=\"528\" src=\"https:\/\/www.europesays.com\/fr\/wp-content\/uploads\/2025\/12\/54858595318-aa9027310b-k-792x528.jpg\" alt=\"\" class=\"wp-image-364024\"  \/> Gr\u00e8ve du personnel du bloc op\u00e9ratoire de l\u2019h\u00f4pital de S\u00e9lestat, mardi 14 octobre 2025.Photo\u00a0: Line Baudriller \/ Rue89 Strasbourg<\/p>\n<p>La Conf\u00e9d\u00e9ration paysanne devant le Parlement europ\u00e9en<\/p>\n<p>\u00c0 l\u2019appel de la Conf\u00e9d\u00e9ration paysanne, <a href=\"https:\/\/www.rue89strasbourg.com\/parlement-europeen-agriculteurs-ue-mercosur-367383\" target=\"_blank\" rel=\"noreferrer noopener\">une centaine de personnes se sont rendues devant le Parlement europ\u00e9en le 24 novembre pour protester contre le Mercosur<\/a>, un trait\u00e9 de libre-\u00e9change entre l\u2019Europe et l\u2019Am\u00e9rique latine. Ils et elles ont amen\u00e9 des tracteurs, des b\u00eates et du foin sur place.<\/p>\n<p><img loading=\"lazy\" decoding=\"async\" width=\"792\" height=\"528\" src=\"https:\/\/www.europesays.com\/fr\/wp-content\/uploads\/2025\/12\/54943855441-99c1c63794-o-792x528.jpg\" alt=\"\" class=\"wp-image-367402\"  \/> Une centaine de manifestants de la Conf\u00e9d\u00e9ration paysanne se sont rassembl\u00e9s devant le Parlement europ\u00e9en lundi 14 novembre contre le trait\u00e9 UE-Mercosur.Photo\u00a0: Pascal Bastien \/ Rue89 Strasbourg<\/p>\n<p><img loading=\"lazy\" decoding=\"async\" width=\"792\" height=\"528\" src=\"https:\/\/www.europesays.com\/fr\/wp-content\/uploads\/2025\/12\/54944060103-a6b608e68a-o-792x528.jpg\" alt=\"\" class=\"wp-image-367406\"  \/> Dominique, Jean et Coralie sont venus rappeler leur opposition au trait\u00e9 de libre-\u00e9change  avec les pays d\u2019Am\u00e9rique du Sud. Photo\u00a0: Pascal Bastien \/ Rue89 Strasbourg<\/p>\n<p><img loading=\"lazy\" decoding=\"async\" width=\"792\" height=\"528\" src=\"https:\/\/www.europesays.com\/fr\/wp-content\/uploads\/2025\/12\/54944060053-a6dd4b9fda-k-792x528.jpg\" alt=\"\" class=\"wp-image-369380\"  \/> Ils se rassemblaient devant le Parlement europ\u00e9en \u00e0 l\u2019initiative du syndicat agricole anti-productiviste.Photo\u00a0: Pascal Bastien \/ Rue89 Strasbourg<\/p>\n<p>La gr\u00e8ve de la faim de Vanessa<\/p>\n<p>Vanessa avait commenc\u00e9 <a href=\"https:\/\/www.rue89strasbourg.com\/greve-faim-vanessa-dignite-enseignants-365071\" target=\"_blank\" rel=\"noreferrer noopener\">une gr\u00e8ve de la faim le 28 octobre<\/a>. Apr\u00e8s avoir fait des \u00e9tudes pour devenir professeure des \u00e9coles, elle \u00e9tait bien plac\u00e9e sur la liste compl\u00e9mentaire pour \u00eatre s\u00e9lectionn\u00e9e sur l\u2019ann\u00e9e 2025-2026. Mais le rectorat lui avait propos\u00e9 un poste de contractuelle. Une proposition r\u00e9serv\u00e9e th\u00e9oriquement aux personnes qui n\u2019ont pas fait les \u00e9tudes pour devenir enseignantes. Apr\u00e8s trois semaines de gr\u00e8ve de la faim, elle avait d\u00e9cid\u00e9 d\u2019arr\u00eater. <a href=\"https:\/\/www.rue89strasbourg.com\/greve-faim-vanessa-koehler-recrutement-367541\" target=\"_blank\" rel=\"noreferrer noopener\">Mais le rectorat lui a annonc\u00e9 son embauche<\/a> comme professeure titulaire le 25 novembre.<\/p>\n<p><img loading=\"lazy\" decoding=\"async\" width=\"792\" height=\"529\" src=\"https:\/\/www.europesays.com\/fr\/wp-content\/uploads\/2025\/12\/54907681100-0cb968c68c-k1-792x529.jpg\" alt=\"\" class=\"wp-image-369517\"  \/> Vanessa \u00e9tait affaibli lors de sa gr\u00e8ve de la faim. Elle avait besoin d\u2019un fauteuil roulant.Photo\u00a0: Guillaume Krempp \/ Rue89 Strasbourg<\/p>\n<p>Gr\u00e8ve \u00e0 la Fnac<\/p>\n<p>Nous essayons de couvrir les mobilisations de salari\u00e9s de secteurs qui se mobilisent peu, pour rendre visibles leurs conditions de travail et leurs contestations. C\u2019est pourquoi nous avons <a href=\"https:\/\/www.rue89strasbourg.com\/greve-salaries-fnac-strasbourg-367936\" target=\"_blank\" rel=\"noreferrer noopener\">recueilli les t\u00e9moignages<\/a> de salari\u00e9s de la Fnac de Strasbourg, qui se sont mis en gr\u00e8ve, le 29 novembre.Suite \u00e0 l\u2019\u00e9chec des n\u00e9gociations annuelles obligatoires sur leurs salaires, ils et elles ont d\u00e9nonc\u00e9 la pr\u00e9carit\u00e9 de leurs emplois et les d\u00e9g\u00e2ts de leur activit\u00e9 sur leur sant\u00e9, alors qu\u2019affluaient les clients du Black Friday.<\/p>\n<p><img loading=\"lazy\" decoding=\"async\" width=\"792\" height=\"578\" src=\"https:\/\/www.europesays.com\/fr\/wp-content\/uploads\/2025\/12\/54951839803-fca88e7a73-k-792x578.jpg\" alt=\"\" class=\"wp-image-369516\"  \/> Au total, une trentaine d\u2019employ\u00e9s de la Fnac se sont mobilis\u00e9s.Photo\u00a0: Margaux Delanys \/ Rue89 Strasbourg<\/p>\n<p>C\u2019est la fin de ce retour en images sur les mobilisations sociales de 2025. \u00c9videmment, nous continuerons en 2026. Si vous avez des suggestions, des frustrations, ou des informations \u00e0 nous transmettre, n\u2019h\u00e9sitez pas \u00e0 nous en faire part en utilisant notre <a href=\"https:\/\/www.rue89strasbourg.com\/contact\" target=\"_blank\" rel=\"noreferrer noopener\">formulaire de contact<\/a>.<\/p>\n","protected":false},"excerpt":{"rendered":"Bien s\u00fbr, nous n\u2019avons pas pu \u00eatre partout en 2025. Mais nous avons essay\u00e9 de vous proposer, tout&hellip;\n","protected":false},"author":2,"featured_media":626740,"comment_status":"","ping_status":"","sticky":false,"template":"","format":"standard","meta":{"footnotes":""},"categories":[2820],"tags":[1111,11,1777,674,1011,27,775,2088,10234,12,25,104,640],"class_list":{"0":"post-626739","1":"post","2":"type-post","3":"status-publish","4":"format-standard","5":"has-post-thumbnail","7":"category-strasbourg","8":"tag-actu","9":"tag-actualites","10":"tag-eu","11":"tag-europe","12":"tag-fr","13":"tag-france","14":"tag-grand-est","15":"tag-manifestation","16":"tag-mobilisation","17":"tag-news","18":"tag-republique-francaise","19":"tag-societe","20":"tag-strasbourg"},"share_on_mastodon":{"url":"https:\/\/pubeurope.com\/@fr\/115796327253177297","error":""},"_links":{"self":[{"href":"https:\/\/www.europesays.com\/fr\/wp-json\/wp\/v2\/posts\/626739","targetHints":{"allow":["GET"]}}],"collection":[{"href":"https:\/\/www.europesays.com\/fr\/wp-json\/wp\/v2\/posts"}],"about":[{"href":"https:\/\/www.europesays.com\/fr\/wp-json\/wp\/v2\/types\/post"}],"author":[{"embeddable":true,"href":"https:\/\/www.europesays.com\/fr\/wp-json\/wp\/v2\/users\/2"}],"replies":[{"embeddable":true,"href":"https:\/\/www.europesays.com\/fr\/wp-json\/wp\/v2\/comments?post=626739"}],"version-history":[{"count":0,"href":"https:\/\/www.europesays.com\/fr\/wp-json\/wp\/v2\/posts\/626739\/revisions"}],"wp:featuredmedia":[{"embeddable":true,"href":"https:\/\/www.europesays.com\/fr\/wp-json\/wp\/v2\/media\/626740"}],"wp:attachment":[{"href":"https:\/\/www.europesays.com\/fr\/wp-json\/wp\/v2\/media?parent=626739"}],"wp:term":[{"taxonomy":"category","embeddable":true,"href":"https:\/\/www.europesays.com\/fr\/wp-json\/wp\/v2\/categories?post=626739"},{"taxonomy":"post_tag","embeddable":true,"href":"https:\/\/www.europesays.com\/fr\/wp-json\/wp\/v2\/tags?post=626739"}],"curies":[{"name":"wp","href":"https:\/\/api.w.org\/{rel}","templated":true}]}}