{"id":626741,"date":"2025-12-28T08:47:11","date_gmt":"2025-12-28T08:47:11","guid":{"rendered":"https:\/\/www.europesays.com\/fr\/626741\/"},"modified":"2025-12-28T08:47:11","modified_gmt":"2025-12-28T08:47:11","slug":"cette-maison-est-la-plus-chere-vendue-a-nice-en-2025-son-prix-est-stratospherique","status":"publish","type":"post","link":"https:\/\/www.europesays.com\/fr\/626741\/","title":{"rendered":"Cette maison est la plus ch\u00e8re vendue \u00e0 Nice en 2025 : son prix est stratosph\u00e9rique"},"content":{"rendered":"<p>                    Par<br \/>\n        <strong><br \/>\n            <a href=\"https:\/\/actu.fr\/auteur\/ugo-maillard\" title=\"Consulter tous les articles de Ugo Maillard\" target=\"_blank\" rel=\"noopener\">Ugo Maillard<\/a><br \/>\n                    <\/strong><\/p>\n<p>        Publi\u00e9 le<\/p>\n<p>            28 d\u00e9c. 2025 \u00e0 9h16        <\/p>\n<p>Sa discr\u00e9tion et sa localisation en font l\u2019un des<strong> biens immobiliers les plus exceptionnels<\/strong> de la C\u00f4te d\u2019Azur. Par chance, si la question financi\u00e8re n\u2019est pas un souci pour vous, sachez qu\u2019il \u00e9tait r\u00e9cemment en vente sur le march\u00e9 immobilier. Selon les donn\u00e9es de la plateforme <a href=\"https:\/\/www.seloger.com\/\" target=\"_blank\" rel=\"noopener\">Se Loger<\/a>, une villa situ\u00e9e \u00e0 Nice (<a href=\"https:\/\/actu.fr\/provence-alpes-cote-d-azur\/alpes-maritimes_06\" target=\"_blank\" rel=\"noopener\">Alpes-Maritimes<\/a>) a affol\u00e9 les compteurs avec un prix affich\u00e9 \u00e0 <strong>8\u2009700\u2009000\u00a0\u20ac<\/strong>.<\/p>\n<p class=\" wall-content\">L\u2019occasion d\u2019acqu\u00e9rir ce bien est donc pass\u00e9e, mais vous le recroiserez peut-\u00eatre un jour sur les sites d\u2019annonces.<\/p>\n<p>Une villa au Cap de Nice<\/p>\n<p class=\" wall-content\">Situ\u00e9e au c\u0153ur du Cap de <a href=\"https:\/\/actu.fr\/nice\/\" target=\"_blank\" rel=\"noopener\">Nice<\/a>, dans un domaine priv\u00e9 et s\u00e9curis\u00e9 en premi\u00e8re ligne, cette villa d\u2019environ <strong>247 m\u00b2<\/strong> est r\u00e9partie sur deux \u00e9tages. \u00ab\u2009Un v\u00e9ritable joyau rare sur le march\u00e9\u2009\u00bb, selon Se Loger.<\/p>\n<p>    <a href=\"https:\/\/www.google.com\/maps\/embed?pb=!1m18!1m12!1m3!1d46162.69153115967!2d7.254078212534107!3d43.686266037605016!2m3!1f0!2f0!3f0!3m2!1i1024!2i768!4f13.1!3m3!1m2!1s0x12cddaef21514f41%3A0xbc1c2e0cf2fb098a!2sCap%20de%20Nice!5e0!3m2!1sfr!2sfr!4v1766591448033!5m2!1sfr!2sfr\" title=\"Ouvrie le lien\" target=\"_blank\" rel=\"noopener\">Cliquez ici pour visualiser le contenu<\/a><\/p>\n<p class=\" wall-content\">Si l\u2019adresse exacte et les photos du bien n\u2019ont pas \u00e9t\u00e9 d\u00e9voil\u00e9es, question de confidentialit\u00e9, le site pr\u00e9cise qu\u2019il s\u2019agit d\u2019une villa contemporaine \u201cpieds dans l\u2019eau\u201d qui offre un acc\u00e8s direct \u00e0 la mer.<\/p>\n<blockquote class=\"ac-article-quote wall-content\">\n<p>D&rsquo;un design audacieux, et con\u00e7ue au d\u00e9but des ann\u00e9es 1960 par l\u2019architecte ni\u00e7ois Honor\u00e9 Toscan, elle est un chef-d&rsquo;\u0153uvre de l\u2019architecture moderniste, mariant prouesses techniques et harmonie avec la nature environnante. Avec sa structure en porte-\u00e0-faux soutenue par de fins pilotis en b\u00e9ton, cette villa semble flotter au-dessus des eaux de la M\u00e9diterran\u00e9e. <\/p>\n<p>    <strong>Le Figaro Immobilier<\/strong>\n            <\/p><\/blockquote>\n<p class=\" wall-content\">\u00c9videmment, les annonces publi\u00e9es sur les sites sp\u00e9cialis\u00e9s ne repr\u00e9sentent pas l\u2019int\u00e9gralit\u00e9 des ventes. Sur le march\u00e9 immobilier du luxe, certaines offres ne sont jamais mises en ligne.<\/p>\n<p>Votre r\u00e9gion, votre actu !<\/p>\n<p>Recevez chaque jour les infos qui comptent pour vous.<\/p>\n<p>\t<a href=\"https:\/\/actu.fr\/newsletter\" class=\"ac-btn ac-btn--corner ac-btn--medium ac-btn--blue800\" target=\"_blank\" rel=\"noopener\">S&rsquo;incrire<\/a><br \/>\nLa m\u00e9thodologie de Se Loger<\/p>\n<p>1. Crit\u00e8res de tri :<br \/>\u25cb Popularit\u00e9 : somme de clics.<br \/>\u25cb Prix : prix par annonce.<br \/>2. Classement des quartiers le nombre de clics par annonce (janvier \u00e0 novembre 2025)<br \/>3. Filtrage \/\/ Contraintes statiques :<br \/>\u25cb Exclusion des anomalies (prix sous un seuil minimum ou au-del\u00e0 d\u2019un maximum).<br \/>\u25cb S\u00e9lection des cat\u00e9gories pertinentes (maisons et appartements).<br \/>4. Filtrage \/\/ Contraintes dynamiques :<br \/>\u25cb Application de seuils (0,1 % et 99,9 % des percentiles) sur le prix, la surface, et le prix au m\u00b2 pour \u00e9liminer les extr\u00eames et garantir une plage r\u00e9aliste. Cette approche en deux \u00e9tapes \u00e9limine les valeurs aberrantes, offrant une base fiable et repr\u00e9sentative<br \/>pour l\u2019analyse.<\/p>\n<p class=\" wall-content\">Personnalisez votre actualit\u00e9 en ajoutant vos villes et m\u00e9dias en favori avec <a href=\"https:\/\/moncompte.actu.fr\" title=\"D\u00e9couvez Mon Actu\" rel=\"nofollow noopener\" data-trk=\"{&quot;cta&quot;:{&quot;action&quot;:&quot;https:\\\/\\\/moncompte.actu.fr&quot;,&quot;category&quot;:&quot;mon compte&quot;,&quot;from&quot;:&quot;article footer&quot;,&quot;name&quot;:&quot;Mon actu&quot;,&quot;type&quot;:&quot;cta&quot;}}\" target=\"_blank\">Mon Actu<\/a>.<\/p>\n","protected":false},"excerpt":{"rendered":"Par Ugo Maillard Publi\u00e9 le 28 d\u00e9c. 2025 \u00e0 9h16 Sa discr\u00e9tion et sa localisation en font l\u2019un&hellip;\n","protected":false},"author":2,"featured_media":626742,"comment_status":"","ping_status":"","sticky":false,"template":"","format":"standard","meta":{"footnotes":""},"categories":[2819],"tags":[1111,11,33,1777,674,1011,27,1116,12,2401,882,25],"class_list":{"0":"post-626741","1":"post","2":"type-post","3":"status-publish","4":"format-standard","5":"has-post-thumbnail","7":"category-nice","8":"tag-actu","9":"tag-actualites","10":"tag-economie","11":"tag-eu","12":"tag-europe","13":"tag-fr","14":"tag-france","15":"tag-immobilier","16":"tag-news","17":"tag-nice","18":"tag-provence-alpes-cote-dazur","19":"tag-republique-francaise"},"share_on_mastodon":{"url":"https:\/\/pubeurope.com\/@fr\/115796328124908661","error":""},"_links":{"self":[{"href":"https:\/\/www.europesays.com\/fr\/wp-json\/wp\/v2\/posts\/626741","targetHints":{"allow":["GET"]}}],"collection":[{"href":"https:\/\/www.europesays.com\/fr\/wp-json\/wp\/v2\/posts"}],"about":[{"href":"https:\/\/www.europesays.com\/fr\/wp-json\/wp\/v2\/types\/post"}],"author":[{"embeddable":true,"href":"https:\/\/www.europesays.com\/fr\/wp-json\/wp\/v2\/users\/2"}],"replies":[{"embeddable":true,"href":"https:\/\/www.europesays.com\/fr\/wp-json\/wp\/v2\/comments?post=626741"}],"version-history":[{"count":0,"href":"https:\/\/www.europesays.com\/fr\/wp-json\/wp\/v2\/posts\/626741\/revisions"}],"wp:featuredmedia":[{"embeddable":true,"href":"https:\/\/www.europesays.com\/fr\/wp-json\/wp\/v2\/media\/626742"}],"wp:attachment":[{"href":"https:\/\/www.europesays.com\/fr\/wp-json\/wp\/v2\/media?parent=626741"}],"wp:term":[{"taxonomy":"category","embeddable":true,"href":"https:\/\/www.europesays.com\/fr\/wp-json\/wp\/v2\/categories?post=626741"},{"taxonomy":"post_tag","embeddable":true,"href":"https:\/\/www.europesays.com\/fr\/wp-json\/wp\/v2\/tags?post=626741"}],"curies":[{"name":"wp","href":"https:\/\/api.w.org\/{rel}","templated":true}]}}