{"id":626743,"date":"2025-12-28T08:48:28","date_gmt":"2025-12-28T08:48:28","guid":{"rendered":"https:\/\/www.europesays.com\/fr\/626743\/"},"modified":"2025-12-28T08:48:28","modified_gmt":"2025-12-28T08:48:28","slug":"la-fiorentina-richardson-ecarte-du-groupe-et-logc-nice-apparait-a-lhorizon","status":"publish","type":"post","link":"https:\/\/www.europesays.com\/fr\/626743\/","title":{"rendered":"La Fiorentina: Richardson \u00e9cart\u00e9 du groupe\u2026 et l\u2019OGC Nice appara\u00eet \u00e0 l\u2019horizon"},"content":{"rendered":"<p>Amir Richardson ne fera pas le d\u00e9placement \u00e0 Parme. Le milieu de la <a href=\"https:\/\/onefootball.com\/en\/team\/fiorentina-15\" target=\"_blank\" rel=\"noopener\">Fiorentina<\/a> a \u00e9t\u00e9 exclu des convoqu\u00e9s pour \u00ab\u00a0choix technique\u00a0\u00bb apr\u00e8s une prise de parole publique o\u00f9 il a exprim\u00e9 son souhait de partir d\u00e8s cet hiver et cit\u00e9 l\u2019OGC <a href=\"https:\/\/onefootball.com\/en\/team\/nice-262\" target=\"_blank\" rel=\"noopener\">Nice<\/a> comme priorit\u00e9. Une d\u00e9cision forte de Paolo Vanoli, qui acte une rupture d\u00e9sormais difficile \u00e0 r\u00e9parer.<\/p>\n<p>La mise \u00e0 l\u2019\u00e9cart intervient au terme d\u2019une premi\u00e8re partie de saison frustrante pour le milieu <a href=\"https:\/\/onefootball.com\/en\/player\/amir-richardson-434891\" target=\"_blank\" rel=\"noopener\">Amir Richardson<\/a>, peu utilis\u00e9. Ses d\u00e9clarations, effectu\u00e9es sans validation du club, n\u2019ont pas \u00e9t\u00e9 appr\u00e9ci\u00e9es \u00e0 Florence. R\u00e9sultat: la <a href=\"https:\/\/onefootball.com\/en\/team\/fiorentina-15\" target=\"_blank\" rel=\"noopener\">Viola<\/a> pr\u00e9pare d\u00e9j\u00e0 son hiver sans lui et un d\u00e9part en janvier est clairement sur la table.<\/p>\n<p>Nice s\u2019est positionn\u00e9 et des contacts ont \u00e9t\u00e9 nou\u00e9s. En Italie, des clubs suivent \u00e9galement le dossier: le Genoa et l\u2019Hellas V\u00e9rone se sont renseign\u00e9s. La <a href=\"https:\/\/onefootball.com\/en\/team\/fiorentina-15\" target=\"_blank\" rel=\"noopener\">Fiorentina<\/a>, elle, se concentre sur son match \u00e0 Parme avec une bonne nouvelle sur le plan m\u00e9dical: Robin Gosens est de retour dans le groupe.<\/p>\n<p>Reste \u00e0 trancher la formule: transfert sec ou pr\u00eat avec option. Quoi qu\u2019il en soit, l\u2019avenir de Richardson semble s\u2019\u00e9crire loin de Florence, et la piste azur\u00e9enne tient la corde \u00e0 l\u2019ouverture du mercato.<\/p>\n","protected":false},"excerpt":{"rendered":"Amir Richardson ne fera pas le d\u00e9placement \u00e0 Parme. Le milieu de la Fiorentina a \u00e9t\u00e9 exclu des&hellip;\n","protected":false},"author":2,"featured_media":626744,"comment_status":"","ping_status":"","sticky":false,"template":"","format":"standard","meta":{"footnotes":""},"categories":[2819],"tags":[1111,11,1777,674,1011,27,12,2401,882,25],"class_list":{"0":"post-626743","1":"post","2":"type-post","3":"status-publish","4":"format-standard","5":"has-post-thumbnail","7":"category-nice","8":"tag-actu","9":"tag-actualites","10":"tag-eu","11":"tag-europe","12":"tag-fr","13":"tag-france","14":"tag-news","15":"tag-nice","16":"tag-provence-alpes-cote-dazur","17":"tag-republique-francaise"},"share_on_mastodon":{"url":"https:\/\/pubeurope.com\/@fr\/115796332081100022","error":""},"_links":{"self":[{"href":"https:\/\/www.europesays.com\/fr\/wp-json\/wp\/v2\/posts\/626743","targetHints":{"allow":["GET"]}}],"collection":[{"href":"https:\/\/www.europesays.com\/fr\/wp-json\/wp\/v2\/posts"}],"about":[{"href":"https:\/\/www.europesays.com\/fr\/wp-json\/wp\/v2\/types\/post"}],"author":[{"embeddable":true,"href":"https:\/\/www.europesays.com\/fr\/wp-json\/wp\/v2\/users\/2"}],"replies":[{"embeddable":true,"href":"https:\/\/www.europesays.com\/fr\/wp-json\/wp\/v2\/comments?post=626743"}],"version-history":[{"count":0,"href":"https:\/\/www.europesays.com\/fr\/wp-json\/wp\/v2\/posts\/626743\/revisions"}],"wp:featuredmedia":[{"embeddable":true,"href":"https:\/\/www.europesays.com\/fr\/wp-json\/wp\/v2\/media\/626744"}],"wp:attachment":[{"href":"https:\/\/www.europesays.com\/fr\/wp-json\/wp\/v2\/media?parent=626743"}],"wp:term":[{"taxonomy":"category","embeddable":true,"href":"https:\/\/www.europesays.com\/fr\/wp-json\/wp\/v2\/categories?post=626743"},{"taxonomy":"post_tag","embeddable":true,"href":"https:\/\/www.europesays.com\/fr\/wp-json\/wp\/v2\/tags?post=626743"}],"curies":[{"name":"wp","href":"https:\/\/api.w.org\/{rel}","templated":true}]}}