{"id":626747,"date":"2025-12-28T08:50:20","date_gmt":"2025-12-28T08:50:20","guid":{"rendered":"https:\/\/www.europesays.com\/fr\/626747\/"},"modified":"2025-12-28T08:50:20","modified_gmt":"2025-12-28T08:50:20","slug":"le-toit-dune-maison-en-feu-dans-un-quartier-au-nord-de-nantes","status":"publish","type":"post","link":"https:\/\/www.europesays.com\/fr\/626747\/","title":{"rendered":"Le toit d\u2019une maison en feu dans un quartier au nord de Nantes"},"content":{"rendered":"<p><a href=\"https:\/\/rennes.maville.com\/actu\/actudet_-un-garage-en-feu-dans-une-commune-au-nord-de-la-loire-atlantique-_8-7125904_actu.Htm\" target=\"_self\" rel=\"noopener\">Les sapeurs-pompiers<\/a> sont toujours \u00e0 l\u2019\u0153uvre ce dimanche 28\u00a0d\u00e9cembre 2025 au matin, pour \u00e9teindre l\u2019incendie d\u2019un pavillon d\u2019habitation, quartier Chantrerie au nord de Nantes. \u00c0 leur arriv\u00e9e au 3,\u00a0chemin de Guilbini\u00e8re vers 2\u00a0h\u00a045 du matin, le feu avait pris dans les combles de la maison et embrasait la toiture.<\/p>\n<p>LIRE AUSSI : <a href=\"https:\/\/nantes.maville.com\/actu\/actudet_-incendie-volontaire-de-plusieurs-voitures-sur-le-parking-d-une-gare-de-loire-atlantique-un-suspect-a-ete-interpelle-_8-7123755_actu.Htm\" target=\"_self\" rel=\"noopener\">Incendie volontaire de plusieurs voitures sur le parking d\u2019une gare de Loire-Atlantique : un suspect a \u00e9t\u00e9 interpell\u00e9<\/a> <\/p>\n<p>Pas de bless\u00e9s<\/p>\n<p>\u00c0 l\u2019aide de trois lances \u00e0 incendie et cinq engins, 18\u00a0pompiers luttent contre les flammes, en pr\u00e9sence de techniciens d\u2019EDF, GRDF et un \u00e9quipage de police. Les occupants du logement avaient \u00e9vacu\u00e9 les lieux par leurs propres moyens avant l\u2019intervention des pompiers, il n\u2019y a pas de bless\u00e9s.<\/p>\n<p>\u00a0<\/p>\n","protected":false},"excerpt":{"rendered":"Les sapeurs-pompiers sont toujours \u00e0 l\u2019\u0153uvre ce dimanche 28\u00a0d\u00e9cembre 2025 au matin, pour \u00e9teindre l\u2019incendie d\u2019un pavillon d\u2019habitation,&hellip;\n","protected":false},"author":2,"featured_media":626748,"comment_status":"","ping_status":"","sticky":false,"template":"","format":"standard","meta":{"footnotes":""},"categories":[2818],"tags":[1111,11,1777,674,1312,1011,27,2142,766,12,1308,2636,5775,25,31663],"class_list":{"0":"post-626747","1":"post","2":"type-post","3":"status-publish","4":"format-standard","5":"has-post-thumbnail","7":"category-nantes","8":"tag-actu","9":"tag-actualites","10":"tag-eu","11":"tag-europe","12":"tag-feu","13":"tag-fr","14":"tag-france","15":"tag-maison","16":"tag-nantes","17":"tag-news","18":"tag-nord","19":"tag-pays-de-la-loire","20":"tag-quartier","21":"tag-republique-francaise","22":"tag-toit"},"share_on_mastodon":{"url":"https:\/\/pubeurope.com\/@fr\/115796339788863938","error":""},"_links":{"self":[{"href":"https:\/\/www.europesays.com\/fr\/wp-json\/wp\/v2\/posts\/626747","targetHints":{"allow":["GET"]}}],"collection":[{"href":"https:\/\/www.europesays.com\/fr\/wp-json\/wp\/v2\/posts"}],"about":[{"href":"https:\/\/www.europesays.com\/fr\/wp-json\/wp\/v2\/types\/post"}],"author":[{"embeddable":true,"href":"https:\/\/www.europesays.com\/fr\/wp-json\/wp\/v2\/users\/2"}],"replies":[{"embeddable":true,"href":"https:\/\/www.europesays.com\/fr\/wp-json\/wp\/v2\/comments?post=626747"}],"version-history":[{"count":0,"href":"https:\/\/www.europesays.com\/fr\/wp-json\/wp\/v2\/posts\/626747\/revisions"}],"wp:featuredmedia":[{"embeddable":true,"href":"https:\/\/www.europesays.com\/fr\/wp-json\/wp\/v2\/media\/626748"}],"wp:attachment":[{"href":"https:\/\/www.europesays.com\/fr\/wp-json\/wp\/v2\/media?parent=626747"}],"wp:term":[{"taxonomy":"category","embeddable":true,"href":"https:\/\/www.europesays.com\/fr\/wp-json\/wp\/v2\/categories?post=626747"},{"taxonomy":"post_tag","embeddable":true,"href":"https:\/\/www.europesays.com\/fr\/wp-json\/wp\/v2\/tags?post=626747"}],"curies":[{"name":"wp","href":"https:\/\/api.w.org\/{rel}","templated":true}]}}