{"id":626753,"date":"2025-12-28T08:54:18","date_gmt":"2025-12-28T08:54:18","guid":{"rendered":"https:\/\/www.europesays.com\/fr\/626753\/"},"modified":"2025-12-28T08:54:18","modified_gmt":"2025-12-28T08:54:18","slug":"cest-un-beau-cadeau-de-noel","status":"publish","type":"post","link":"https:\/\/www.europesays.com\/fr\/626753\/","title":{"rendered":"\u00ab\u00a0C&rsquo;est un beau cadeau de No\u00ebl\u00a0\u00bb"},"content":{"rendered":"\n<p>En qu\u00eate de son meilleur niveau avec Toulouse, Cyril Baille titularis\u00e9 face \u00e0 La\u00a0Rochelle  : \u00ab\u00a0C&rsquo;est un beau cadeau de No\u00ebl\u00a0\u00bb<\/p>\n<p>Tr\u00e8s peu utilis\u00e9 cette saison, en raison de douleurs r\u00e9currentes \u00e0 une cheville, le pilier gauche international du Stade Toulousain Cyril Baille va d\u00e9marrer face au Stade Rochelais, ce dimanche soir (21h05), au Stadium. Un sacr\u00e9 test pour un joueur toujours \u00e0 la recherche de son \u00e9tat de forme optimal.<\/p>\n","protected":false},"excerpt":{"rendered":"En qu\u00eate de son meilleur niveau avec Toulouse, Cyril Baille titularis\u00e9 face \u00e0 La\u00a0Rochelle : \u00ab\u00a0C&rsquo;est un beau&hellip;\n","protected":false},"author":2,"featured_media":626754,"comment_status":"","ping_status":"","sticky":false,"template":"","format":"standard","meta":{"footnotes":""},"categories":[2816],"tags":[1111,11,1777,674,1011,27,12,2680,25,2312],"class_list":{"0":"post-626753","1":"post","2":"type-post","3":"status-publish","4":"format-standard","5":"has-post-thumbnail","7":"category-toulouse","8":"tag-actu","9":"tag-actualites","10":"tag-eu","11":"tag-europe","12":"tag-fr","13":"tag-france","14":"tag-news","15":"tag-occitanie","16":"tag-republique-francaise","17":"tag-toulouse"},"share_on_mastodon":{"url":"https:\/\/pubeurope.com\/@fr\/115796355511324868","error":""},"_links":{"self":[{"href":"https:\/\/www.europesays.com\/fr\/wp-json\/wp\/v2\/posts\/626753","targetHints":{"allow":["GET"]}}],"collection":[{"href":"https:\/\/www.europesays.com\/fr\/wp-json\/wp\/v2\/posts"}],"about":[{"href":"https:\/\/www.europesays.com\/fr\/wp-json\/wp\/v2\/types\/post"}],"author":[{"embeddable":true,"href":"https:\/\/www.europesays.com\/fr\/wp-json\/wp\/v2\/users\/2"}],"replies":[{"embeddable":true,"href":"https:\/\/www.europesays.com\/fr\/wp-json\/wp\/v2\/comments?post=626753"}],"version-history":[{"count":0,"href":"https:\/\/www.europesays.com\/fr\/wp-json\/wp\/v2\/posts\/626753\/revisions"}],"wp:featuredmedia":[{"embeddable":true,"href":"https:\/\/www.europesays.com\/fr\/wp-json\/wp\/v2\/media\/626754"}],"wp:attachment":[{"href":"https:\/\/www.europesays.com\/fr\/wp-json\/wp\/v2\/media?parent=626753"}],"wp:term":[{"taxonomy":"category","embeddable":true,"href":"https:\/\/www.europesays.com\/fr\/wp-json\/wp\/v2\/categories?post=626753"},{"taxonomy":"post_tag","embeddable":true,"href":"https:\/\/www.europesays.com\/fr\/wp-json\/wp\/v2\/tags?post=626753"}],"curies":[{"name":"wp","href":"https:\/\/api.w.org\/{rel}","templated":true}]}}