{"id":626755,"date":"2025-12-28T08:56:15","date_gmt":"2025-12-28T08:56:15","guid":{"rendered":"https:\/\/www.europesays.com\/fr\/626755\/"},"modified":"2025-12-28T08:56:15","modified_gmt":"2025-12-28T08:56:15","slug":"noella-retrouvee-morte-dans-un-appartement-a-lille-le-conjoint-de-la-belge-mis-en-examen","status":"publish","type":"post","link":"https:\/\/www.europesays.com\/fr\/626755\/","title":{"rendered":"Noella, retrouv\u00e9e morte dans un appartement \u00e0 Lille\u00a0: le conjoint de la Belge mis en examen"},"content":{"rendered":"<p>  \tL\u2019enqu\u00eate sur la mort de Noella se poursuit. Le corps de cette Belge de 34 ans a \u00e9t\u00e9 retrouv\u00e9 sans vie le jour de No\u00ebl dans le logement de son compagnon \u00e0 Lille. On apprend ce dimanche matin que l\u2019homme a \u00e9t\u00e9 inculp\u00e9 pour meurtre.<\/p>\n<p>&#13;<br \/>\n&#13;<\/p>\n<p>Le compagnon de Noella, une Belge de 34 ans retrouv\u00e9e morte \u00e0 Lille le jour de No\u00ebl, a \u00e9t\u00e9 mis en examen samedi soir pour meurtre par conjoint, a indiqu\u00e9 samedi soir le parquet de Lille.<\/p>\n<p>Plac\u00e9 en d\u00e9tention provisoire, il ne reconna\u00eet pas les faits \u00e0 ce stade, a pr\u00e9cis\u00e9 le procureur de la R\u00e9publique adjoint de Lille, Antoine Berthelot.<\/p>\n<p>&#13;<br \/>\n&#13;<\/p>\n<p>&#13;<br \/>\n&#13;<\/p>\n<p>Le corps sans vie de cette femme belge avait \u00e9t\u00e9 retrouv\u00e9 couvert de plusieurs h\u00e9matomes et avec des dents cass\u00e9es le jour de No\u00ebl au domicile de son compagnon, \u00e2g\u00e9 de 36 ans, avait alors indiqu\u00e9 une source polici\u00e8re. Les policiers ont constat\u00e9 des traces de violences, dont du sang, une porte bris\u00e9e et du mobilier fractur\u00e9 lors de leur intervention, selon cette source.<\/p>\n<p>Le conjoint de la victime, un Alg\u00e9rien de 36 ans, connu de la justice pour d\u00e9lit routier, pr\u00e9sentait des griffures au moment de son interpellation, selon cette m\u00eame source. Toujours selon cette derni\u00e8re, il aurait assur\u00e9 avoir retrouv\u00e9 sa compagne morte \u00e0 son r\u00e9veil apr\u00e8s une soir\u00e9e alcoolis\u00e9e pendant laquelle \u00e9tait pr\u00e9sente une autre de leurs connaissances.<\/p>\n<p>Un deuxi\u00e8me homme mis en examen <\/p>\n<p>Un deuxi\u00e8me homme, \u00e2g\u00e9 de 47 ans et \u00ab\u00a0ami du compagnon de la victime, h\u00e9berg\u00e9 depuis plusieurs semaines au domicile commun\u00a0\u00bb a \u00e9galement \u00e9t\u00e9 mis en examen samedi soir pour non-assistance \u00e0 personne en danger, selon M. Berthelot. Ce deuxi\u00e8me homme est plac\u00e9 sous contr\u00f4le judiciaire, a-t-il ajout\u00e9.<\/p>\n<p>&#13;<br \/>\n&#13;<\/p>\n<p>Chaque jour en France, plus de trois femmes sont victimes de f\u00e9minicide ou tentative de f\u00e9minicide conjugal, un chiffre en hausse sur un an, selon les donn\u00e9es de 2024 de la mission interminist\u00e9rielle pour la protection des femmes (Miprof) publi\u00e9es en novembre.<\/p>\n<p>Samedi, \u00e0 Lille \u00e9galement, un homme de 29 ans s\u2019est d\u00e9nonc\u00e9 \u00e0 la police en affirmant avoir tu\u00e9 sa compagne de 25 ans \u00e0 coups de couteau, selon le parquet de Lille.<\/p>\n<p>&#13;<br \/>\n&#13;<\/p>\n<p>&#13;<br \/>\n&#13;<\/p>\n","protected":false},"excerpt":{"rendered":"L\u2019enqu\u00eate sur la mort de Noella se poursuit. Le corps de cette Belge de 34 ans a \u00e9t\u00e9&hellip;\n","protected":false},"author":2,"featured_media":626756,"comment_status":"","ping_status":"","sticky":false,"template":"","format":"standard","meta":{"footnotes":""},"categories":[2815],"tags":[1111,11,1777,674,1011,27,811,1307,12,25,63397],"class_list":{"0":"post-626755","1":"post","2":"type-post","3":"status-publish","4":"format-standard","5":"has-post-thumbnail","7":"category-lille","8":"tag-actu","9":"tag-actualites","10":"tag-eu","11":"tag-europe","12":"tag-fr","13":"tag-france","14":"tag-hauts-de-france","15":"tag-lille","16":"tag-news","17":"tag-republique-francaise","18":"tag-rtl-info"},"share_on_mastodon":{"url":"https:\/\/pubeurope.com\/@fr\/115796363552757116","error":""},"_links":{"self":[{"href":"https:\/\/www.europesays.com\/fr\/wp-json\/wp\/v2\/posts\/626755","targetHints":{"allow":["GET"]}}],"collection":[{"href":"https:\/\/www.europesays.com\/fr\/wp-json\/wp\/v2\/posts"}],"about":[{"href":"https:\/\/www.europesays.com\/fr\/wp-json\/wp\/v2\/types\/post"}],"author":[{"embeddable":true,"href":"https:\/\/www.europesays.com\/fr\/wp-json\/wp\/v2\/users\/2"}],"replies":[{"embeddable":true,"href":"https:\/\/www.europesays.com\/fr\/wp-json\/wp\/v2\/comments?post=626755"}],"version-history":[{"count":0,"href":"https:\/\/www.europesays.com\/fr\/wp-json\/wp\/v2\/posts\/626755\/revisions"}],"wp:featuredmedia":[{"embeddable":true,"href":"https:\/\/www.europesays.com\/fr\/wp-json\/wp\/v2\/media\/626756"}],"wp:attachment":[{"href":"https:\/\/www.europesays.com\/fr\/wp-json\/wp\/v2\/media?parent=626755"}],"wp:term":[{"taxonomy":"category","embeddable":true,"href":"https:\/\/www.europesays.com\/fr\/wp-json\/wp\/v2\/categories?post=626755"},{"taxonomy":"post_tag","embeddable":true,"href":"https:\/\/www.europesays.com\/fr\/wp-json\/wp\/v2\/tags?post=626755"}],"curies":[{"name":"wp","href":"https:\/\/api.w.org\/{rel}","templated":true}]}}