{"id":626757,"date":"2025-12-28T08:57:11","date_gmt":"2025-12-28T08:57:11","guid":{"rendered":"https:\/\/www.europesays.com\/fr\/626757\/"},"modified":"2025-12-28T08:57:11","modified_gmt":"2025-12-28T08:57:11","slug":"jusqua-quand-peut-on-sinscrire-sur-les-listes-electorales","status":"publish","type":"post","link":"https:\/\/www.europesays.com\/fr\/626757\/","title":{"rendered":"jusqu&rsquo;\u00e0 quand peut-on s&rsquo;inscrire sur les listes \u00e9lectorales\u00a0?"},"content":{"rendered":"<p>                    Par<br \/>\n        <strong><br \/>\n            <a href=\"https:\/\/actu.fr\/auteur\/thibault-nadal-actu-fr\" title=\"Consulter tous les articles de Thibault Nadal\" target=\"_blank\" rel=\"noopener\">Thibault Nadal<\/a><br \/>\n                    <\/strong><\/p>\n<p>        Publi\u00e9 le<\/p>\n<p>            28 d\u00e9c. 2025 \u00e0 9h42        <\/p>\n<p>S\u00e9bastien Delogu et <a href=\"https:\/\/actu.fr\/tag\/la-france-insoumise-lfi\" target=\"_blank\" rel=\"noopener\">la France insoumise<\/a> (LFI) en ont fait leur cheval de bataille depuis leur entr\u00e9e en campagne. Le candidat \u00e0 la <strong>mairie de Marseille<\/strong> multiplie les op\u00e9rations pour alerter sur l\u2019inscription sur les listes \u00e9lectorales.<\/p>\n<p class=\" wall-content\">Selon un d\u00e9compte des insoumis, <strong>plus de dix millions de personnes seraient mal inscrites<\/strong> en France. \u00c0 <a href=\"https:\/\/actu.fr\/marseille\/\" target=\"_blank\" rel=\"noopener\">Marseille<\/a> et dans les <a href=\"https:\/\/actu.fr\/provence-alpes-cote-d-azur\/bouches-du-rhone_13\" target=\"_blank\" rel=\"noopener\">Bouches-du-Rh\u00f4ne<\/a>, les chiffres ne sont pas connus.<\/p>\n<p>Deux dates \u00e0 conna\u00eetre et des conditions \u00e0 respecter<\/p>\n<p class=\" wall-content\">\u00c0 moins de trois mois du premier tour <a href=\"https:\/\/actu.fr\/marseille\/politique\/elections-municipales\" target=\"_blank\" rel=\"noopener\">des \u00e9lections municipales<\/a>, il vous <strong>reste encore quelques semaines<\/strong> pour r\u00e9aliser ce geste si vous souhaitez voter pour Franck Allisio, Erwan Davoux, S\u00e9bastien Delogu, Martine Vassal ou Beno\u00eet Payan, quand le maire annoncera sa candidature.<\/p>\n<p class=\" wall-content\">\n<p class=\" wall-content\">Pour s\u2019inscrire sur une liste \u00e9lectorale en France, il faut poss\u00e9der la nationalit\u00e9 fran\u00e7aise, avoir un document (carte d\u2019identit\u00e9 ou passeport) qui en atteste et \u00eatre majeur au plus tard la veille du scrutin.<\/p>\n<p class=\" wall-content\"><strong>Voici les dates \u00e0 retenir<\/strong>\u2009:<\/p>\n<ul class=\" wall-content\">\n<li><strong>Le 4\u00a0f\u00e9vrier en ligne<\/strong>\u2009: pour s\u2019inscrire sur Internet, il faut se rendre sur le site du minist\u00e8re de l\u2019Int\u00e9rieur en cliquant sur <a href=\"https:\/\/www.elections.interieur.gouv.fr\/mes-demarches\/je-minscris-sur-listes-electorales\" target=\"_blank\" rel=\"noopener\">ce lien<\/a>.<\/li>\n<li><strong>Le 6\u00a0f\u00e9vrier en mairie<\/strong>\u2009: se pr\u00e9senter dans votre mairie d\u2019arrondissement ou \u00e0 la mairie centrale. \u00ab\u2009Il faudra fournir un justificatif d\u2019identit\u00e9, un justificatif de domicile et un formulaire cerfa n\u00b012669 de demande d\u2019inscription disponible en mairie\u2009\u00bb, indique le minist\u00e8re public.<\/li>\n<\/ul>\n<p class=\" wall-content\">Le premier tour des \u00e9lections municipales se tiendra le 15\u00a0mars 2026, le second une semaine plus tard, le 22\u00a0mars.<\/p>\n<p class=\" wall-content\">Personnalisez votre actualit\u00e9 en ajoutant vos villes et m\u00e9dias en favori avec <a href=\"https:\/\/moncompte.actu.fr\" title=\"D\u00e9couvez Mon Actu\" rel=\"nofollow noopener\" data-trk=\"{&quot;cta&quot;:{&quot;action&quot;:&quot;https:\\\/\\\/moncompte.actu.fr&quot;,&quot;category&quot;:&quot;mon compte&quot;,&quot;from&quot;:&quot;article footer&quot;,&quot;name&quot;:&quot;Mon actu&quot;,&quot;type&quot;:&quot;cta&quot;}}\" target=\"_blank\">Mon Actu<\/a>.<\/p>\n","protected":false},"excerpt":{"rendered":"Par Thibault Nadal Publi\u00e9 le 28 d\u00e9c. 2025 \u00e0 9h42 S\u00e9bastien Delogu et la France insoumise (LFI) en&hellip;\n","protected":false},"author":2,"featured_media":626758,"comment_status":"","ping_status":"","sticky":false,"template":"","format":"standard","meta":{"footnotes":""},"categories":[2814],"tags":[1111,11,4188,1777,674,1011,27,884,3434,12,316,882,25],"class_list":{"0":"post-626757","1":"post","2":"type-post","3":"status-publish","4":"format-standard","5":"has-post-thumbnail","7":"category-marseille","8":"tag-actu","9":"tag-actualites","10":"tag-elections-municipales","11":"tag-eu","12":"tag-europe","13":"tag-fr","14":"tag-france","15":"tag-marseille","16":"tag-municipales-2026","17":"tag-news","18":"tag-politique","19":"tag-provence-alpes-cote-dazur","20":"tag-republique-francaise"},"share_on_mastodon":{"url":"https:\/\/pubeurope.com\/@fr\/115796367385536849","error":""},"_links":{"self":[{"href":"https:\/\/www.europesays.com\/fr\/wp-json\/wp\/v2\/posts\/626757","targetHints":{"allow":["GET"]}}],"collection":[{"href":"https:\/\/www.europesays.com\/fr\/wp-json\/wp\/v2\/posts"}],"about":[{"href":"https:\/\/www.europesays.com\/fr\/wp-json\/wp\/v2\/types\/post"}],"author":[{"embeddable":true,"href":"https:\/\/www.europesays.com\/fr\/wp-json\/wp\/v2\/users\/2"}],"replies":[{"embeddable":true,"href":"https:\/\/www.europesays.com\/fr\/wp-json\/wp\/v2\/comments?post=626757"}],"version-history":[{"count":0,"href":"https:\/\/www.europesays.com\/fr\/wp-json\/wp\/v2\/posts\/626757\/revisions"}],"wp:featuredmedia":[{"embeddable":true,"href":"https:\/\/www.europesays.com\/fr\/wp-json\/wp\/v2\/media\/626758"}],"wp:attachment":[{"href":"https:\/\/www.europesays.com\/fr\/wp-json\/wp\/v2\/media?parent=626757"}],"wp:term":[{"taxonomy":"category","embeddable":true,"href":"https:\/\/www.europesays.com\/fr\/wp-json\/wp\/v2\/categories?post=626757"},{"taxonomy":"post_tag","embeddable":true,"href":"https:\/\/www.europesays.com\/fr\/wp-json\/wp\/v2\/tags?post=626757"}],"curies":[{"name":"wp","href":"https:\/\/api.w.org\/{rel}","templated":true}]}}