{"id":626761,"date":"2025-12-28T08:59:10","date_gmt":"2025-12-28T08:59:10","guid":{"rendered":"https:\/\/www.europesays.com\/fr\/626761\/"},"modified":"2025-12-28T08:59:10","modified_gmt":"2025-12-28T08:59:10","slug":"sur-un-scooter-deux-individus-tirent-a-larme-de-guerre-devant-plusieurs-points-de-deal-a-venissieux","status":"publish","type":"post","link":"https:\/\/www.europesays.com\/fr\/626761\/","title":{"rendered":"Sur un scooter, deux individus tirent \u00e0 l&rsquo;arme de guerre devant plusieurs points de deal \u00e0 V\u00e9nissieux"},"content":{"rendered":"<p itemprop=\"description\"><strong>Ce samedi soir, la panique s&rsquo;est empar\u00e9e de nombreux habitants de V\u00e9nissieux.<\/strong><\/p>\n<p>Car deux individus sur un scooter ont arpent\u00e9 les rues de la 3e commune du Rh\u00f4ne en tirant \u00e0 l&rsquo;arme de guerre.<\/p>\n<p>On ne sait pas encore s&rsquo;ils visaient des personnes mais le duo a fait feu \u00e0 de nombreuses reprises avec une Kalachnikov dans diff\u00e9rents quartiers : avenue Vladimir Komarov, rue des Martyrs-de-la-R\u00e9sistance, rue du 8-Mai-1945\u2026<\/p>\n<p>Sur ces images film\u00e9es par une habitante de V\u00e9nissieux, on voit le scooter se faufiler sur un parking, puis le passager ouvrir le feu. Plusieurs v\u00e9hicules ont \u00e9t\u00e9 cribl\u00e9s de balles.<\/p>\n<blockquote class=\"twitter-tweet\"><p>&#13;<\/p>\n<p dir=\"ltr\" lang=\"fr\">A V\u00e9nissieux pr\u00e8s de <a href=\"https:\/\/twitter.com\/hashtag\/Lyon?src=hash&amp;ref_src=twsrc%5Etfw\" target=\"_blank\" rel=\"noopener\">#Lyon<\/a>, deux hommes sur un T-Max ont tir\u00e9 \u00e0 la Kalachnikov devant plusieurs points de deal ce samedi soir. Aucun bless\u00e9 n&rsquo;est \u00e0 d\u00e9plorer, une enqu\u00eate a \u00e9t\u00e9 ouverte pour retrouver les tireurs (vid\u00e9o t\u00e9moin) <a href=\"https:\/\/t.co\/3FezGhHnsU\">pic.twitter.com\/3FezGhHnsU<\/a><\/p>\n<p>&#13;<br \/>\n\u2014 Lyon Mag (@lyonmag) <a href=\"https:\/\/twitter.com\/lyonmag\/status\/2005188431882977461?ref_src=twsrc%5Etfw\" target=\"_blank\" rel=\"noopener\">December 28, 2025<\/a><\/p><\/blockquote>\n<p>Le puissant scooter et ses passagers ont ensuite pris la fuite, avant l&rsquo;arriv\u00e9e des policiers.<\/p>\n<p>Une enqu\u00eate a \u00e9t\u00e9 ouverte pour faire toute la lumi\u00e8re sur ces fusillades qui n&rsquo;ont pas fait de bless\u00e9s. Il s&rsquo;agirait d&rsquo;une tentative d&rsquo;intimidation, car les tirs ont eu lieu non loin de points de deal.<\/p>\n<p>\t\t  <script async src=\"https:\/\/platform.twitter.com\/widgets.js\" charset=\"utf-8\"><\/script><\/p>\n","protected":false},"excerpt":{"rendered":"Ce samedi soir, la panique s&rsquo;est empar\u00e9e de nombreux habitants de V\u00e9nissieux. Car deux individus sur un scooter&hellip;\n","protected":false},"author":2,"featured_media":626762,"comment_status":"","ping_status":"","sticky":false,"template":"","format":"standard","meta":{"footnotes":""},"categories":[1889],"tags":[1111,11,2813,2190,2430,1109,251,1112,2811,1777,674,118,1011,27,1922,1110,1114,2428,2810,12,241,316,25,2812,517,800],"class_list":{"0":"post-626761","1":"post","2":"type-post","3":"status-publish","4":"format-standard","5":"has-post-thumbnail","7":"category-lyon","8":"tag-actu","9":"tag-actualites","10":"tag-article","11":"tag-asvel","12":"tag-auvergne-rhone-alpes","13":"tag-breves","14":"tag-culture","15":"tag-depeches","16":"tag-economique","17":"tag-eu","18":"tag-europe","19":"tag-faits-divers","20":"tag-fr","21":"tag-france","22":"tag-info","23":"tag-informations","24":"tag-infos","25":"tag-lyon","26":"tag-lyonmag","27":"tag-news","28":"tag-ol","29":"tag-politique","30":"tag-republique-francaise","31":"tag-sociale","32":"tag-sport","33":"tag-transports"},"share_on_mastodon":{"url":"https:\/\/pubeurope.com\/@fr\/115796375364378172","error":""},"_links":{"self":[{"href":"https:\/\/www.europesays.com\/fr\/wp-json\/wp\/v2\/posts\/626761","targetHints":{"allow":["GET"]}}],"collection":[{"href":"https:\/\/www.europesays.com\/fr\/wp-json\/wp\/v2\/posts"}],"about":[{"href":"https:\/\/www.europesays.com\/fr\/wp-json\/wp\/v2\/types\/post"}],"author":[{"embeddable":true,"href":"https:\/\/www.europesays.com\/fr\/wp-json\/wp\/v2\/users\/2"}],"replies":[{"embeddable":true,"href":"https:\/\/www.europesays.com\/fr\/wp-json\/wp\/v2\/comments?post=626761"}],"version-history":[{"count":0,"href":"https:\/\/www.europesays.com\/fr\/wp-json\/wp\/v2\/posts\/626761\/revisions"}],"wp:featuredmedia":[{"embeddable":true,"href":"https:\/\/www.europesays.com\/fr\/wp-json\/wp\/v2\/media\/626762"}],"wp:attachment":[{"href":"https:\/\/www.europesays.com\/fr\/wp-json\/wp\/v2\/media?parent=626761"}],"wp:term":[{"taxonomy":"category","embeddable":true,"href":"https:\/\/www.europesays.com\/fr\/wp-json\/wp\/v2\/categories?post=626761"},{"taxonomy":"post_tag","embeddable":true,"href":"https:\/\/www.europesays.com\/fr\/wp-json\/wp\/v2\/tags?post=626761"}],"curies":[{"name":"wp","href":"https:\/\/api.w.org\/{rel}","templated":true}]}}