{"id":626767,"date":"2025-12-28T09:05:17","date_gmt":"2025-12-28T09:05:17","guid":{"rendered":"https:\/\/www.europesays.com\/fr\/626767\/"},"modified":"2025-12-28T09:05:17","modified_gmt":"2025-12-28T09:05:17","slug":"colere-des-agriculteurs-tu-arretes-le-moteur-et-tu-descends-calmement-des-policiers-sortent-leur-arme-pour-stopper-un-tracteur-a-auch","status":"publish","type":"post","link":"https:\/\/www.europesays.com\/fr\/626767\/","title":{"rendered":"Col\u00e8re des agriculteurs\u00a0: \u00ab Tu arr\u00eates le moteur et tu descends calmement \u00bb, des policiers sortent leur arme pour stopper un tracteur \u00e0 Auch"},"content":{"rendered":"<p class=\"lp-f-subtitle-01\">La pr\u00e9fecture du Gers indique que des policiers ont \u00e9t\u00e9 contraints de \u00ab\u00a0faire de nouvelles sommations avec sortie d\u2019arme\u00a0\u00bb alors qu\u2019un tracteur s\u2019\u00e9tait positionn\u00e9 en travers de la route \u00e0 proximit\u00e9 de la place de Verdun, \u00e0 Auch, ce samedi 27\u00a0d\u00e9cembre.<\/p>\n<p class=\"\">Vive tension dans le Sud-Ouest. <a href=\"https:\/\/www.leparisien.fr\/societe\/colere-des-agriculteurs-lozere-haute-garonne-landes-ou-reste-t-il-des-blocages-sur-les-routes-27-12-2025-T7Y2DLSKOVGDXC7ICJMDXEIYVA.php\" target=\"_self\" rel=\"noopener\">Si plusieurs barrages ont \u00e9t\u00e9 lev\u00e9s sur les autoroutes ces derniers jours,<\/a> la col\u00e8re des agriculteurs ne retombe pas. Vers 22h30 ce samedi, plusieurs d\u2019entre eux ont men\u00e9 \u00ab une action de d\u00e9gradations de biens \u00bb, \u00e0 Auch, dans le <a href=\"https:\/\/www.leparisien.fr\/gers-32\/\" target=\"_self\" rel=\"noopener\">Gers<\/a>, a d\u00e9nonc\u00e9 la pr\u00e9fecture du d\u00e9partement <a href=\"https:\/\/x.com\/Prefet32\/status\/2005071479835426935\" target=\"_self\" rel=\"\">dans un communiqu\u00e9<\/a> publi\u00e9 aux premi\u00e8res heures de ce dimanche 28 d\u00e9cembre. <\/p>\n<p class=\"\">\u00ab Un tracteur avec une \u00e9pandeuse s\u2019est positionn\u00e9 en travers de la route \u00e0 proximit\u00e9 de la place de Verdun, et a asperg\u00e9 la fa\u00e7ade du journal La D\u00e9p\u00eache du Midi \u00bb, expliquent les autorit\u00e9s.<\/p>\n<p class=\"\">Le conducteur du v\u00e9hicule a \u00e9t\u00e9 interpell\u00e9 apr\u00e8s une situation plus que tendue devant les locaux du quotidien.<\/p>\n<p>Des images film\u00e9es depuis l\u2019int\u00e9rieur du tracteur<\/p>\n<p class=\"\">Malgr\u00e9 les demandes des policiers et des gendarmes \u00e0 \u00ab cesser son action et immobiliser son engin \u00bb, \u00ab le conducteur (a entam\u00e9) une man\u0153uvre et (a avanc\u00e9) vers les forces de l\u2019ordre. Cette man\u0153uvre dangereuse les (a oblig\u00e9) \u00e0 faire de nouvelles sommations avec sortie d\u2019arme \u00bb, relate la pr\u00e9fecture, pr\u00e9cisant que le Directeur d\u00e9partemental de la police nationale \u00e9tait sur place.<\/p>\n<p class=\"\">Des images film\u00e9es \u00e0 l\u2019int\u00e9rieur du tracteur, diffus\u00e9es sur Facebook et relay\u00e9es par la Coordination rurale &#8211; et dont Le Parisien a pu v\u00e9rifier qu\u2019elles ont bien \u00e9t\u00e9 capt\u00e9es sur l\u2019Avenue de l\u2019Yser \u00e0 Auch, \u00e0 proximit\u00e9 du journal La D\u00e9p\u00eache &#8211; montre un des policiers pointer son arme vers le v\u00e9hicule. \u00ab Arr\u00eatez le tracteur ! \u00bb entend-on, tandis que les CRS sur la chauss\u00e9e font reculer d\u2019autres agriculteurs. \u00ab Tu arr\u00eates le moteur et tu descends calmement \u00bb lance un autre policier.<\/p>\n<p class=\"\">\u00ab C\u2019est la guerre avec le monde agricole ! On est l\u00e0 pour montrer notre mal-\u00eatre agricole, on casse rien !! Nous avons pass\u00e9 no\u00ebl dehors ! \u00bb a r\u00e9agi la <a href=\"https:\/\/www.leparisien.fr\/faits-divers\/dermatose-nodulaire-des-agriculteurs-posent-un-genou-a-terre-et-entament-la-marseillaise-lors-dun-barrage-sur-la20-en-correze-20-12-2025-OZFZNOWM7NG55L3Q73VHV2IOKU.php\" target=\"_self\" rel=\"noopener\">Coordination rurale<\/a> du Gers, s\u2019indignant de la sc\u00e8ne. \u00ab C\u2019est quoi \u00e7a ? ! Pointez une arme sur un de nos paysans qui vous nourrit ? ! Honteux !! On cr\u00e8vera pas en silence \u00bb, \u00e9crit le syndicat sur Facebook.<\/p>\n<p>Le conducteur plac\u00e9 en garde \u00e0 vue<\/p>\n<p class=\"\">\u00ab Le conducteur a imm\u00e9diatement stopp\u00e9 le mouvement et arr\u00eat\u00e9 le moteur du tracteur. Il a \u00e9t\u00e9 plac\u00e9 en garde \u00e0 vue pour d\u00e9gradations en r\u00e9union peu avant 23 heures \u00bb, indique le communiqu\u00e9 de la pr\u00e9fecture. L\u2019individu, dont l\u2019identit\u00e9 n\u2019a pas \u00e9t\u00e9 d\u00e9voil\u00e9e, devait \u00eatre \u00ab auditionn\u00e9 \u00bb dans la nuit.<\/p>\n<p class=\"\">Peu apr\u00e8s, le calme est \u00ab tr\u00e8s rapidement revenu sur place \u00bb et \u00ab les manifestants pr\u00e9sents ont rapidement engag\u00e9 le nettoyage de leurs m\u00e9faits sur la fa\u00e7ade concern\u00e9e \u00bb, concluent les autorit\u00e9s.<\/p>\n<p class=\"\">Le Gers est l\u2019un des d\u00e9partements o\u00f9 les agriculteurs sont les plus mobilis\u00e9s contre la gestion gouvernementale de la dermatose bovine. Dans la nuit de vendredi \u00e0 samedi, <a href=\"https:\/\/www.leparisien.fr\/societe\/dermatose-plus-de-la-moitie-des-bovins-vaccines-dans-le-sud-ouest-encore-quelques-blocages-dagriculteurs-27-12-2025-U6DIRHYCDNFCZKUE2IKRRULZPY.php\" target=\"_self\" rel=\"noopener\">ils avaient d\u00e9j\u00e0 d\u00e9vers\u00e9 de la paille et des d\u00e9chets<\/a> devant la pr\u00e9fecture du d\u00e9partement pour protester notamment contre l\u2019abattage des troupeaux entiers au moindre cas d\u00e9tect\u00e9 de dermatose.<\/p>\n<p class=\"\">Depuis le d\u00e9but de l\u2019\u00e9pid\u00e9mie de DNC en Savoie cet \u00e9t\u00e9, l\u2019\u00c9tat tente de contenir la propagation du virus en se basant sur \u00ab trois piliers \u00bb : l\u2019abattage syst\u00e9matique d\u2019un troupeau d\u00e8s la d\u00e9tection d\u2019un cas, la vaccination et la restriction de mouvements. Une gestion fortement contest\u00e9e par une partie des agriculteurs, notamment de la Coordination rurale (deuxi\u00e8me syndicat de la profession, class\u00e9 \u00e0 droite) et de la Conf\u00e9d\u00e9ration paysanne (troisi\u00e8me, class\u00e9 \u00e0 gauche), qui rejettent cette strat\u00e9gie d\u2019abattage des troupeaux entiers au moindre cas d\u00e9tect\u00e9.<\/p>\n","protected":false},"excerpt":{"rendered":"La pr\u00e9fecture du Gers indique que des policiers ont \u00e9t\u00e9 contraints de \u00ab\u00a0faire de nouvelles sommations avec sortie&hellip;\n","protected":false},"author":2,"featured_media":626768,"comment_status":"","ping_status":"","sticky":false,"template":"","format":"standard","meta":{"footnotes":""},"categories":[1888],"tags":[1111,1928,11,1927,1777,674,118,1011,27,12,1926,626,1925,25,104],"class_list":{"0":"post-626767","1":"post","2":"type-post","3":"status-publish","4":"format-standard","5":"has-post-thumbnail","7":"category-paris","8":"tag-actu","9":"tag-actu-paris","10":"tag-actualites","11":"tag-actualites-paris","12":"tag-eu","13":"tag-europe","14":"tag-faits-divers","15":"tag-fr","16":"tag-france","17":"tag-news","18":"tag-news-paris","19":"tag-paris","20":"tag-paris-news","21":"tag-republique-francaise","22":"tag-societe"},"share_on_mastodon":{"url":"https:\/\/pubeurope.com\/@fr\/115796398811472385","error":""},"_links":{"self":[{"href":"https:\/\/www.europesays.com\/fr\/wp-json\/wp\/v2\/posts\/626767","targetHints":{"allow":["GET"]}}],"collection":[{"href":"https:\/\/www.europesays.com\/fr\/wp-json\/wp\/v2\/posts"}],"about":[{"href":"https:\/\/www.europesays.com\/fr\/wp-json\/wp\/v2\/types\/post"}],"author":[{"embeddable":true,"href":"https:\/\/www.europesays.com\/fr\/wp-json\/wp\/v2\/users\/2"}],"replies":[{"embeddable":true,"href":"https:\/\/www.europesays.com\/fr\/wp-json\/wp\/v2\/comments?post=626767"}],"version-history":[{"count":0,"href":"https:\/\/www.europesays.com\/fr\/wp-json\/wp\/v2\/posts\/626767\/revisions"}],"wp:featuredmedia":[{"embeddable":true,"href":"https:\/\/www.europesays.com\/fr\/wp-json\/wp\/v2\/media\/626768"}],"wp:attachment":[{"href":"https:\/\/www.europesays.com\/fr\/wp-json\/wp\/v2\/media?parent=626767"}],"wp:term":[{"taxonomy":"category","embeddable":true,"href":"https:\/\/www.europesays.com\/fr\/wp-json\/wp\/v2\/categories?post=626767"},{"taxonomy":"post_tag","embeddable":true,"href":"https:\/\/www.europesays.com\/fr\/wp-json\/wp\/v2\/tags?post=626767"}],"curies":[{"name":"wp","href":"https:\/\/api.w.org\/{rel}","templated":true}]}}