{"id":626773,"date":"2025-12-28T09:09:12","date_gmt":"2025-12-28T09:09:12","guid":{"rendered":"https:\/\/www.europesays.com\/fr\/626773\/"},"modified":"2025-12-28T09:09:12","modified_gmt":"2025-12-28T09:09:12","slug":"la-garde-a-vue-du-suspect-levee-pour-raison-psychiatrique-2","status":"publish","type":"post","link":"https:\/\/www.europesays.com\/fr\/626773\/","title":{"rendered":"la garde \u00e0 vue du suspect lev\u00e9e pour raison psychiatrique"},"content":{"rendered":"<p>                    Par<br \/>\n        <strong><br \/>\n            <a href=\"https:\/\/actu.fr\/auteur\/redaction-paris\" title=\"Consulter tous les articles de R\u00e9daction Paris\" target=\"_blank\" rel=\"noopener\">R\u00e9daction Paris<\/a><br \/>\n                    <\/strong><\/p>\n<p>        Publi\u00e9 le<\/p>\n<p>            28 d\u00e9c. 2025 \u00e0 9h51        <\/p>\n<p>L\u2019homme soup\u00e7onn\u00e9 d\u2019avoir <a href=\"https:\/\/actu.fr\/ile-de-france\/paris_75056\/trois-femmes-blessees-a-l-arme-blanche-sur-la-ligne-3-du-metro-parisien-ce-que-l-on-sait_63626684.html\" target=\"_blank\" rel=\"noopener\">bless\u00e9 l\u00e9g\u00e8rement trois femmes au couteau sur la ligne 3<\/a> du <a href=\"https:\/\/actu.fr\/ile-de-france\/paris_75056\/ratp-un-conducteur-de-la-ligne-6-du-metro-poignarde-a-trois-reprises-place-de-la-nation-a-paris_63573476.html\" target=\"_blank\" rel=\"noopener\">m\u00e9tro \u00e0 Paris<\/a> vendredi 26\u00a0d\u00e9cembre 2025 n\u2019est plus en garde \u00e0 vue depuis samedi soir, a indiqu\u00e9 le parquet \u00e0 l\u2019AFP. La mesure a en effet \u00e9t\u00e9 lev\u00e9e car \u00ab\u2009consid\u00e9r\u00e9e comme <strong>incompatible avec son \u00e9tat de sant\u00e9\u2009<\/strong>\u00bb et le suspect \u00ab\u2009a \u00e9t\u00e9 conduit \u00e0 <a href=\"https:\/\/actu.fr\/ile-de-france\/paris_75056\/mort-d-un-nourrisson-jete-par-une-fenetre-d-hotel-a-paris-la-mere-du-bebe-admise-en-psychiatrie_62306410.html\" target=\"_blank\" rel=\"noopener\">l\u2019infirmerie psychiatrique<\/a>\u2009\u00bb, a pr\u00e9cis\u00e9 le minist\u00e8re public.<\/p>\n<p>Une mesure r\u00e9versible en cas de d\u00e9cision du m\u00e9decin<\/p>\n<p class=\" wall-content\">Une garde \u00e0 vue peut \u00eatre lev\u00e9e pour raison psychiatrique lorsqu\u2019un m\u00e9decin consid\u00e8re, apr\u00e8s examen, que l\u2019\u00e9tat de sant\u00e9 du suspect est incompatible avec cette mesure. La garde \u00e0 vue peut <strong>toutefois reprendre<\/strong> si le m\u00e9decin estime qu\u2019elle est d\u00e9sormais compatible avec son \u00e9tat de sant\u00e9.<\/p>\n<p class=\" wall-content\">Vendredi, l\u2019homme de 25 ans aurait, entre 16h10 et 16h45, agress\u00e9 trois femmes \u00e0 trois stations diff\u00e9rentes\u2009: Arts-et-M\u00e9tiers, R\u00e9publique et Op\u00e9ra. Il a ensuite pris la fuite mais a \u00e9t\u00e9 identifi\u00e9 gr\u00e2ce aux signalements adress\u00e9s aux forces de l\u2019ordre ainsi qu\u2019\u00e0 l\u2019exploitation d\u2019images de vid\u00e9osurveillance.<\/p>\n<p class=\" wall-content\">Il a finalement pu \u00eatre <strong>interpell\u00e9<\/strong> en d\u00e9but de soir\u00e9e \u00e0 Sarcelles (Val-d\u2019Oise), gr\u00e2ce notamment \u00e0 \u00ab\u2009la g\u00e9olocalisation de son t\u00e9l\u00e9phone portable\u2009\u00bb, indiquait le parquet de Paris vendredi.<\/p>\n<p>Un Malien d\u00e9j\u00e0 condamn\u00e9 et en situation irr\u00e9guli\u00e8re<\/p>\n<p class=\" wall-content\">Selon le minist\u00e8re de l\u2019Int\u00e9rieur, il s\u2019agit d\u2019un Malien en situation irr\u00e9guli\u00e8re sur le territoire national. \u00ab\u2009D\u00e9j\u00e0 connu pour destruction de biens sous l\u2019emprise de stup\u00e9fiants\u2009\u00bb, il avait \u00ab\u2009\u00e9t\u00e9 \u00e9crou\u00e9 en janvier\u00a02024 pour vol aggrav\u00e9 et agression sexuelle apr\u00e8s avoir \u00e9t\u00e9 condamn\u00e9 p\u00e9nalement\u2009\u00bb, selon le minist\u00e8re de l\u2019Int\u00e9rieur.<\/p>\n<p class=\" wall-content\">Lib\u00e9r\u00e9 en juillet, \u00ab\u2009il a fait l\u2019objet d\u2019une obligation de quitter le territoire fran\u00e7ais (OQTF) et a \u00e9t\u00e9 plac\u00e9 en centre de r\u00e9tention administrative\u2009\u00bb, a ajout\u00e9 le minist\u00e8re. \u00ab\u2009L\u2019\u00e9loignement n\u2019ayant pu aboutir dans le d\u00e9lai l\u00e9gal des 90\u00a0jours, faute d\u2019obtention d\u2019un laisser-passer consulaire en l\u2019absence de titre d\u2019identit\u00e9 valide, il a \u00e9t\u00e9 <strong>lib\u00e9r\u00e9 avec assignation \u00e0 r\u00e9sidence<\/strong>\u2009\u00bb, a expliqu\u00e9 le minist\u00e8re, pr\u00e9cisant qu\u2019il \u00e9tait \u00ab\u2009sous mandat de recherche\u2009\u00bb.<\/p>\n<p class=\" wall-content\">Le ministre de l\u2019Int\u00e9rieur Laurent Nu\u00f1ez avait appel\u00e9 la semaine pass\u00e9e les pr\u00e9fets et responsables de la s\u00e9curit\u00e9 \u00e0 \u00ab\u2009une vigilance maximale\u2009\u00bb \u00e0 l\u2019approche du Nouvel an, notamment en raison \u00ab\u2009du niveau tr\u00e8s \u00e9lev\u00e9 de la menace terroriste\u2009\u00bb, et demand\u00e9 qu\u2019une attention \u00ab\u2009sp\u00e9cifique\u2009\u00bb soit port\u00e9e aux \u00ab\u2009transports en commun\u2009\u00bb.<\/p>\n<p class=\" wall-content\">Avec AFP.<\/p>\n<p class=\" wall-content\">Personnalisez votre actualit\u00e9 en ajoutant vos villes et m\u00e9dias en favori avec <a href=\"https:\/\/moncompte.actu.fr\" title=\"D\u00e9couvez Mon Actu\" rel=\"nofollow noopener\" data-trk=\"{&quot;cta&quot;:{&quot;action&quot;:&quot;https:\\\/\\\/moncompte.actu.fr&quot;,&quot;category&quot;:&quot;mon compte&quot;,&quot;from&quot;:&quot;article footer&quot;,&quot;name&quot;:&quot;Mon actu&quot;,&quot;type&quot;:&quot;cta&quot;}}\" target=\"_blank\">Mon Actu<\/a>.<\/p>\n","protected":false},"excerpt":{"rendered":"Par R\u00e9daction Paris Publi\u00e9 le 28 d\u00e9c. 2025 \u00e0 9h51 L\u2019homme soup\u00e7onn\u00e9 d\u2019avoir bless\u00e9 l\u00e9g\u00e8rement trois femmes au&hellip;\n","protected":false},"author":2,"featured_media":624349,"comment_status":"","ping_status":"","sticky":false,"template":"","format":"standard","meta":{"footnotes":""},"categories":[1888],"tags":[11,1777,674,118,1011,27,303,4047,12,626,1072,25],"class_list":{"0":"post-626773","1":"post","2":"type-post","3":"status-publish","4":"format-standard","5":"has-post-thumbnail","7":"category-paris","8":"tag-actualites","9":"tag-eu","10":"tag-europe","11":"tag-faits-divers","12":"tag-fr","13":"tag-france","14":"tag-justice","15":"tag-metro","16":"tag-news","17":"tag-paris","18":"tag-police","19":"tag-republique-francaise"},"share_on_mastodon":{"url":"https:\/\/pubeurope.com\/@fr\/115796414566670646","error":""},"_links":{"self":[{"href":"https:\/\/www.europesays.com\/fr\/wp-json\/wp\/v2\/posts\/626773","targetHints":{"allow":["GET"]}}],"collection":[{"href":"https:\/\/www.europesays.com\/fr\/wp-json\/wp\/v2\/posts"}],"about":[{"href":"https:\/\/www.europesays.com\/fr\/wp-json\/wp\/v2\/types\/post"}],"author":[{"embeddable":true,"href":"https:\/\/www.europesays.com\/fr\/wp-json\/wp\/v2\/users\/2"}],"replies":[{"embeddable":true,"href":"https:\/\/www.europesays.com\/fr\/wp-json\/wp\/v2\/comments?post=626773"}],"version-history":[{"count":0,"href":"https:\/\/www.europesays.com\/fr\/wp-json\/wp\/v2\/posts\/626773\/revisions"}],"wp:featuredmedia":[{"embeddable":true,"href":"https:\/\/www.europesays.com\/fr\/wp-json\/wp\/v2\/media\/624349"}],"wp:attachment":[{"href":"https:\/\/www.europesays.com\/fr\/wp-json\/wp\/v2\/media?parent=626773"}],"wp:term":[{"taxonomy":"category","embeddable":true,"href":"https:\/\/www.europesays.com\/fr\/wp-json\/wp\/v2\/categories?post=626773"},{"taxonomy":"post_tag","embeddable":true,"href":"https:\/\/www.europesays.com\/fr\/wp-json\/wp\/v2\/tags?post=626773"}],"curies":[{"name":"wp","href":"https:\/\/api.w.org\/{rel}","templated":true}]}}