{"id":626780,"date":"2025-12-28T09:13:16","date_gmt":"2025-12-28T09:13:16","guid":{"rendered":"https:\/\/www.europesays.com\/fr\/626780\/"},"modified":"2025-12-28T09:13:16","modified_gmt":"2025-12-28T09:13:16","slug":"le-royaume-uni-suit-de-pres-la-situation-entre-le-gouvernement-armenien-et-leglise","status":"publish","type":"post","link":"https:\/\/www.europesays.com\/fr\/626780\/","title":{"rendered":"Le Royaume-Uni suit de pr\u00e8s la situation entre le gouvernement arm\u00e9nien et l&rsquo;\u00c9glise"},"content":{"rendered":"<p data-dl-uid=\"31\" data-dl-original=\"true\" data-dl-translated=\"true\">\u00a0Le Royaume-Uni suit de pr\u00e8s la situation entre le gouvernement arm\u00e9nien et l\u2019\u00c9glise apostolique arm\u00e9nienne (EAA). C\u2019est ce qu\u2019indique la d\u00e9claration de la ministre d\u2019\u00c9tat britannique charg\u00e9e du d\u00e9veloppement, la baronne Jenny Chapman.<\/p>\n<p data-dl-uid=\"33\" data-dl-original=\"true\" data-dl-translated=\"true\">\u00ab Nous esp\u00e9rons que toutes les mesures prises seront conformes au cadre constitutionnel et juridique de l\u2019Arm\u00e9nie, que les proc\u00e9dures l\u00e9gales appropri\u00e9es seront respect\u00e9es et que toutes les personnes seront trait\u00e9es de mani\u00e8re \u00e9quitable, conform\u00e9ment \u00e0 la loi, et que les proc\u00e9dures judiciaires seront transparentes et impartiales. Le gouvernement britannique est fermement attach\u00e9 \u00e0 la promotion et \u00e0 la protection du droit \u00e0 la libert\u00e9 de religion et de conviction dans le monde entier \u00bb, a-t-elle d\u00e9clar\u00e9 en r\u00e9ponse \u00e0 une question sur la discussion entre la partie britannique et les responsables arm\u00e9niens concernant les arrestations de membres du clerg\u00e9 en Arm\u00e9nie et la mesure dans laquelle cela est conforme \u00e0 la garantie de la libert\u00e9 religieuse en Arm\u00e9nie.<\/p>\n<p data-dl-uid=\"34\" data-dl-original=\"true\" data-dl-translated=\"true\">Chapman a assur\u00e9 que les ministres et les responsables britanniques discutaient r\u00e9guli\u00e8rement d\u2019une s\u00e9rie de questions avec leurs homologues arm\u00e9niens.<\/p>\n","protected":false},"excerpt":{"rendered":"\u00a0Le Royaume-Uni suit de pr\u00e8s la situation entre le gouvernement arm\u00e9nien et l\u2019\u00c9glise apostolique arm\u00e9nienne (EAA). C\u2019est ce&hellip;\n","protected":false},"author":2,"featured_media":626781,"comment_status":"","ping_status":"","sticky":false,"template":"","format":"standard","meta":{"footnotes":""},"categories":[1588],"tags":[11,1777,674,12,4020,473,1853,1851,1850,1852],"class_list":{"0":"post-626780","1":"post","2":"type-post","3":"status-publish","4":"format-standard","5":"has-post-thumbnail","7":"category-royaume-uni","8":"tag-actualites","9":"tag-eu","10":"tag-europe","11":"tag-news","12":"tag-religion","13":"tag-royaume-uni","14":"tag-royaume-uni-de-grande-bretagne-et-dirlande-du-nord","15":"tag-uk","16":"tag-united-kingdom","17":"tag-united-kingdom-of-great-britain-and-northern-ireland"},"share_on_mastodon":{"url":"https:\/\/pubeurope.com\/@fr\/115796430240740165","error":""},"_links":{"self":[{"href":"https:\/\/www.europesays.com\/fr\/wp-json\/wp\/v2\/posts\/626780","targetHints":{"allow":["GET"]}}],"collection":[{"href":"https:\/\/www.europesays.com\/fr\/wp-json\/wp\/v2\/posts"}],"about":[{"href":"https:\/\/www.europesays.com\/fr\/wp-json\/wp\/v2\/types\/post"}],"author":[{"embeddable":true,"href":"https:\/\/www.europesays.com\/fr\/wp-json\/wp\/v2\/users\/2"}],"replies":[{"embeddable":true,"href":"https:\/\/www.europesays.com\/fr\/wp-json\/wp\/v2\/comments?post=626780"}],"version-history":[{"count":0,"href":"https:\/\/www.europesays.com\/fr\/wp-json\/wp\/v2\/posts\/626780\/revisions"}],"wp:featuredmedia":[{"embeddable":true,"href":"https:\/\/www.europesays.com\/fr\/wp-json\/wp\/v2\/media\/626781"}],"wp:attachment":[{"href":"https:\/\/www.europesays.com\/fr\/wp-json\/wp\/v2\/media?parent=626780"}],"wp:term":[{"taxonomy":"category","embeddable":true,"href":"https:\/\/www.europesays.com\/fr\/wp-json\/wp\/v2\/categories?post=626780"},{"taxonomy":"post_tag","embeddable":true,"href":"https:\/\/www.europesays.com\/fr\/wp-json\/wp\/v2\/tags?post=626780"}],"curies":[{"name":"wp","href":"https:\/\/api.w.org\/{rel}","templated":true}]}}