{"id":626803,"date":"2025-12-28T09:32:23","date_gmt":"2025-12-28T09:32:23","guid":{"rendered":"https:\/\/www.europesays.com\/fr\/626803\/"},"modified":"2025-12-28T09:32:23","modified_gmt":"2025-12-28T09:32:23","slug":"cette-cathedrale-offre-un-voyage-immersif-au-coeur-de-lart","status":"publish","type":"post","link":"https:\/\/www.europesays.com\/fr\/626803\/","title":{"rendered":"cette cath\u00e9drale offre un voyage immersif au c\u0153ur de l&rsquo;art"},"content":{"rendered":"<p class=\"article__intro\">Et si vous plongiez au c\u0153ur d\u2019une toile d\u2019un grand ma\u00eetre de l\u2019impressionnisme ou dans les inventions de L\u00e9onard de Vinci gr\u00e2ce \u00e0 la technique du mapping ? C\u2019est l\u2019exp\u00e9rience immersive propos\u00e9e par le centre d\u2019art num\u00e9rique de l\u2019ensemble H\u00f4tel-Dieu de la cath\u00e9drale du Puy-en-Velay.<\/p>\n<p>\n      L\u2019actu des r\u00e9gions\n    <\/p>\n<p>\n      Chaque jour, un tour d\u2019horizon des principales infos de toutes les r\u00e9gions.\n    <\/p>\n<p>    France T\u00e9l\u00e9visions utilise votre adresse e-mail afin de vous envoyer la newsletter \u00ab\u00a0L\u2019actu des r\u00e9gions\u00a0\u00bb. Vous pouvez vous d\u00e9sinscrire \u00e0 tout moment via le lien en bas de cette newsletter. <a target=\"_blank\" href=\"https:\/\/www.francetelevisions.fr\/groupe\/confidentialite\/politique-de-confidentialite\/politique-de-confidentialite-de-france-televisions-6503\" rel=\"noopener\">Notre politique de confidentialit\u00e9<\/a><\/p>\n<p>Impression, soleil levant (1873), toile de Claude Monet \u00e0 l\u2019origine du terme \u00ab\u00a0impressionnisme\u00a0\u00bb, ouvre la premi\u00e8re sc\u00e9nographie propos\u00e9e par le centre d\u2019art num\u00e9rique de l\u2019H\u00f4tel-Dieu. Cette vision du Havre au petit matin marque le d\u00e9but d\u2019un parcours immersif in\u00e9dit. <\/p>\n<p><a data-article-figure=\"\" href=\"https:\/\/france3-regions.franceinfo.fr\/image\/S59ffqFCUVJ1BLOKpmFsveQjY5U\/1920x1080\/regions\/2025\/12\/27\/s43-compostella-illuminations-h-tel-dieu-00-00-06-05-694faabbab8b2936515379.jpg\" data-pswp-width=\"1920\" data-pswp-height=\"1080\" target=\"_blank\" rel=\"noopener\"><\/p>\n<p>          <img width=\"600\" height=\"400\" class=\"article-image lazy\" data-src=\"https:\/\/www.europesays.com\/fr\/wp-content\/uploads\/2025\/12\/s43-compostella-illuminations-h-tel-dieu-00-00-06-05-694faabbab8b2936515379.jpg\" alt=\"Les visiteurs de l'H\u00f4tel-Dieu du Puy-en-Velay peuvent admirer les oeuvres de Claude Monet \u00e0 travers une exp\u00e9rience 3D. \" fetchpriority=\"high\" as=\"image\"\/><\/p>\n<p>\n            Les visiteurs de l&rsquo;H\u00f4tel-Dieu du Puy-en-Velay peuvent admirer les oeuvres de Claude Monet \u00e0 travers une exp\u00e9rience 3D.<br \/>\n                           \u2022<br \/>\n                                      \u00a9 FTV\n                      <\/p>\n<p><\/a><\/p>\n<p>Une autre mani\u00e8re d\u2019aborder les chefs-d\u2019\u0153uvre d\u2019un courant artistique qui n\u2019aura dur\u00e9 qu\u2019une douzaine d\u2019ann\u00e9es, mais dont les artistes sont \u00e0 jamais inscrits dans l\u2019histoire de l\u2019art.<br \/>Une jeune visiteuse se dit admirative : \u00ab\u00a0Dans un mus\u00e9e, on regarde les tableaux accroch\u00e9s aux murs, mais ici, on est plong\u00e9s \u00e0 l\u2019int\u00e9rieur m\u00eame de la sc\u00e8ne. C\u2019est prenant et diff\u00e9rent. C&rsquo;est une autre mani\u00e8re de voir les choses\u00a0\u00bb.<\/p>\n<p>Monument class\u00e9 au patrimoine mondial de l\u2019UNESCO, l\u2019H\u00f4tel-Dieu du Puy-en-Velay propose de d\u00e9couvrir ou red\u00e9couvrir, pour la derni\u00e8re fois, les cinq sc\u00e9nographies qui ont fait son succ\u00e8s. De nouvelles cr\u00e9ations sont en pr\u00e9paration pour le printemps prochain. Romain Sagnard, chef du service \u00e9v\u00e9nementiel de l\u2019agglom\u00e9ration du Puy-en-Velay, pr\u00e9cise : \u00ab\u00a0Quatre spectacles th\u00e9matiques vont dispara\u00eetre pour laisser place \u00e0 deux nouvelles sc\u00e9nographies, davantage tourn\u00e9es vers la technologie et l\u2019histoire du territoire. Le public sera plong\u00e9 dans un voyage in\u00e9dit, \u00e0 la d\u00e9couverte de ce que la 3D peut offrir, en lien avec la r\u00e9alit\u00e9\u00a0\u00bb.<\/p>\n<p><a data-article-figure=\"\" href=\"https:\/\/france3-regions.franceinfo.fr\/image\/SICZXBkg1oxN6VPWq1d07sqj79A\/1920x1080\/regions\/2025\/12\/27\/s43-compostella-illuminations-h-tel-dieu-00-01-27-08-694fa85e41ad8206603825.jpg\" data-pswp-width=\"1920\" data-pswp-height=\"1080\" target=\"_blank\" rel=\"noopener\"><\/p>\n<p>          <img width=\"600\" height=\"400\" class=\"article-image lazy\" data-src=\"https:\/\/www.europesays.com\/fr\/wp-content\/uploads\/2025\/12\/s43-compostella-illuminations-h-tel-dieu-00-01-27-08-694fa85e41ad8206603825.jpg\" alt=\"Les visiteurs peuvent embarquer \u00e0 bord de l'Hermione gr\u00e2ce \u00e0 l'exp\u00e9rience 3D propos\u00e9e par l'H\u00f4tel-Dieu du Puy-en-Velay. \" fetchpriority=\"high\" as=\"image\"\/><\/p>\n<p>\n            Les visiteurs peuvent embarquer \u00e0 bord de l&rsquo;Hermione gr\u00e2ce \u00e0 l&rsquo;exp\u00e9rience 3D propos\u00e9e par l&rsquo;H\u00f4tel-Dieu du Puy-en-Velay.<br \/>\n                           \u2022<br \/>\n                                      \u00a9 FTV\n                      <\/p>\n<p><\/a><\/p>\n<p>Embarquez \u00e0 bord de l\u2019Hermione ou plongez dans l\u2019univers des inventions visionnaires de L\u00e9onard de Vinci. Ces th\u00e9matiques originales sont projet\u00e9es jusqu\u2019au 31 janvier, avec, sous les vo\u00fbtes majestueuses de la chapelle, un final lumineux inspir\u00e9 du chemin de Saint-Jacques-de-Compostelle. \u00ab\u00a0On se laisse porter par ce qu\u2019on voit et par les histoires\u00a0\u00bb, confie une visiteuse. Un autre ajoute : \u00ab\u00a0J\u2019ai beaucoup aim\u00e9 le spectacle sur L\u00e9onard de Vinci. Il retrace toutes ses inventions, c\u2019est tr\u00e8s agr\u00e9able\u00a0\u00bb.<\/p>\n<p>Les projections durent environ une heure et se d\u00e9roulent chaque jour de 10h00 \u00e0 17 h 30. Il est recommand\u00e9 de r\u00e9server le cr\u00e9neau horaire de votre choix sur <a href=\"https:\/\/compostella-hoteldieu.com\/\" target=\"_blank\" rel=\"noopener noreferrer nofollow\" data-tooltip-url=\"https:\/\/compostella-hoteldieu.com\/\">le site internet du centre d\u2019art num\u00e9rique de l\u2019H\u00f4tel-Dieu du Puy-en-Velay<\/a>.<\/p>\n<p>Article r\u00e9dig\u00e9 \u00e0 partir du reportage de Laurent Cluzel et Elodie Monnier pour France 3 Auvergne. <\/p>\n","protected":false},"excerpt":{"rendered":"Et si vous plongiez au c\u0153ur d\u2019une toile d\u2019un grand ma\u00eetre de l\u2019impressionnisme ou dans les inventions de&hellip;\n","protected":false},"author":2,"featured_media":626804,"comment_status":"","ping_status":"","sticky":false,"template":"","format":"standard","meta":{"footnotes":""},"categories":[1358],"tags":[1348,1384,1385,1386,58,59,1011,27],"class_list":{"0":"post-626803","1":"post","2":"type-post","3":"status-publish","4":"format-standard","5":"has-post-thumbnail","7":"category-arts-et-design","8":"tag-arts","9":"tag-arts-and-design","10":"tag-arts-et-design","11":"tag-design","12":"tag-divertissement","13":"tag-entertainment","14":"tag-fr","15":"tag-france"},"share_on_mastodon":{"url":"https:\/\/pubeurope.com\/@fr\/115796504937250494","error":""},"_links":{"self":[{"href":"https:\/\/www.europesays.com\/fr\/wp-json\/wp\/v2\/posts\/626803","targetHints":{"allow":["GET"]}}],"collection":[{"href":"https:\/\/www.europesays.com\/fr\/wp-json\/wp\/v2\/posts"}],"about":[{"href":"https:\/\/www.europesays.com\/fr\/wp-json\/wp\/v2\/types\/post"}],"author":[{"embeddable":true,"href":"https:\/\/www.europesays.com\/fr\/wp-json\/wp\/v2\/users\/2"}],"replies":[{"embeddable":true,"href":"https:\/\/www.europesays.com\/fr\/wp-json\/wp\/v2\/comments?post=626803"}],"version-history":[{"count":0,"href":"https:\/\/www.europesays.com\/fr\/wp-json\/wp\/v2\/posts\/626803\/revisions"}],"wp:featuredmedia":[{"embeddable":true,"href":"https:\/\/www.europesays.com\/fr\/wp-json\/wp\/v2\/media\/626804"}],"wp:attachment":[{"href":"https:\/\/www.europesays.com\/fr\/wp-json\/wp\/v2\/media?parent=626803"}],"wp:term":[{"taxonomy":"category","embeddable":true,"href":"https:\/\/www.europesays.com\/fr\/wp-json\/wp\/v2\/categories?post=626803"},{"taxonomy":"post_tag","embeddable":true,"href":"https:\/\/www.europesays.com\/fr\/wp-json\/wp\/v2\/tags?post=626803"}],"curies":[{"name":"wp","href":"https:\/\/api.w.org\/{rel}","templated":true}]}}