{"id":626805,"date":"2025-12-28T09:34:16","date_gmt":"2025-12-28T09:34:16","guid":{"rendered":"https:\/\/www.europesays.com\/fr\/626805\/"},"modified":"2025-12-28T09:34:16","modified_gmt":"2025-12-28T09:34:16","slug":"vivement-dimanche-michel-drucker-accueille-une-personnalite-tele-chouchou-des-francais","status":"publish","type":"post","link":"https:\/\/www.europesays.com\/fr\/626805\/","title":{"rendered":"Vivement Dimanche : Michel Drucker accueille une personnalit\u00e9 t\u00e9l\u00e9 chouchou des Fran\u00e7ais"},"content":{"rendered":"<p>                <img loading=\"lazy\" decoding=\"async\" src=\"https:\/\/www.europesays.com\/fr\/wp-content\/uploads\/2025\/04\/144-64f8c016610ee-35x35-1.jpg\" class=\"author-article-picture\" width=\"35\" height=\"35\"\/><\/p>\n<p>                    Par<\/p>\n<p>                                            <a class=\"author-article-bio-link\" href=\"https:\/\/www.purepeople.com\/auteur\/louise-martin_a144\" target=\"_blank\" rel=\"noopener\">Louise Martin<\/a><\/p>\n<p>                    |<\/p>\n<p>                                            R\u00e9dactrice<\/p>\n<p>\n                Koh Lanta, Les Marseillais mais aussi Mari\u00e9s au Premier regards\u2026 Louise Martin est une t\u00e9l\u00e9vore qui essaye, \u00e0 ses heures perdues, de refaire les g\u00e2teaux qu\u2019elle admire devant le Meilleur P\u00e2tissier\u2026 mais elle ne risque pas de gagner le tablier bleu ! Les r\u00e9seaux sociaux n\u2019ont pas de secret pour elle, les derniers scoops, les derni\u00e8res \u00e9missions, elle les conna\u00eet tous.\n            <\/p>\n<p>\n    Ce dimanche 28 d\u00e9cembre, \u00ab\u00a0Vivement dimanche\u00a0\u00bb s\u2019offre une \u00e9mission tr\u00e8s sp\u00e9ciale puisque Michel Drucker re\u00e7oit l&rsquo;animateur pr\u00e9f\u00e9r\u00e9 des Fran\u00e7ais en la personne de Cyril F\u00e9raud. Pour ce num\u00e9ro festif et symbolique, le pr\u00e9sentateur de France 3 accueille \u00e9galement sur son fauteuil rouge Laurent Luyat, Camille Cerf, Salvatore Adamo, Lola Dubini, et bien d&rsquo;autres !\n<\/p>\n<p>                            <img loading=\"lazy\" decoding=\"async\" class=\"player-thumbnail\" src=\"https:\/\/www.europesays.com\/fr\/wp-content\/uploads\/2025\/12\/41590cb61388cb6f-580x326-1.jpg\" width=\"580\" height=\"326\"\/><\/p>\n<p>                            Vivement Dimanche : Michel Drucker accueille une personnalit\u00e9 t\u00e9l\u00e9 chouchou des Fran\u00e7ais<\/p>\n<p>La suite apr\u00e8s la publicit\u00e9<\/p>\n<p>Install\u00e9e depuis longtemps dans le paysage t\u00e9l\u00e9visuel fran\u00e7ais, Vivement dimanche a su traverser les \u00e9poques sans perdre son identit\u00e9. Autour de <a href=\"https:\/\/www.purepeople.com\/people\/michel-drucker_p155\" target=\"_blank\" rel=\"noopener\">Michel Drucker<\/a>, l\u2019\u00e9mission s\u2019est construite comme un espace \u00e0 part, loin du rythme effr\u00e9n\u00e9 de l\u2019actualit\u00e9 et o\u00f9 la parole prend le temps de s\u2019installer. Pas de s\u00e9quences exp\u00e9ditives donc mais des invit\u00e9s qui se livrent, racontent leurs parcours, \u00e9voquent leurs doutes comme leurs r\u00e9ussites, avec une belle sinc\u00e9rit\u00e9. Comme chaque semaine, Michel Drucker re\u00e7oit du beau monde ce dimanche 28\u00a0d\u00e9cembre \u00e0 13h25 sur France 3. Apr\u00e8s avoir accueilli, la semaine pass\u00e9e, H\u00e9l\u00e8ne Segara, Julie Zenatti, mais aussi Daniel Lavoie et Eric Antoine qui s&rsquo;est r\u00e9cemment mari\u00e9 avec Gennifer Demey, le pr\u00e9sentateur embl\u00e9matique du service public <a href=\"https:\/\/www.purepeople.com\/article\/le-nouvel-animateur-prefere-des-francais-qui-succede-a-faustine-bollaert-reagit-a-la-grande-nouvelle-jai-mis-une-journee-a-men-remettre_a545877\/1\" target=\"_blank\" rel=\"noopener\">re\u00e7oit la personnalit\u00e9 pr\u00e9f\u00e9r\u00e9e des Fran\u00e7ais, qui n&rsquo;est autre que Cyril F\u00e9raud <\/a>! <strong>Ce dimanche 28 d\u00e9cembre 2025, en premi\u00e8re partie, il y aura aussi Laurent Luyat, tr\u00e8s proche de Cyril F\u00e9raud, Salvatore Adamo, Lola Dubini et Camille Cerf.\u00a0<\/strong><\/p>\n<p>En seconde partie, ce sont\u00a0Lorie, Nathalie P\u00e9chalat, Antoine Hamel, L\u00e9a Deturche, Sol\u00e8ne Maqu\u00e8re, Julia Vaneri et Emmanuel Chaunu qui s&rsquo;assi\u00e9ront sur le c\u00e9l\u00e8bre fauteuil rouge. Et pour en revenir \u00e0 l&rsquo;animateur pr\u00e9f\u00e9r\u00e9 des Fran\u00e7ais, <a href=\"https:\/\/www.purepeople.com\/people\/cyril-feraud_p420473\" target=\"_blank\" rel=\"noopener\">Cyril F\u00e9raud<\/a> a de quoi \u00eatre fier d&rsquo;avoir une place si ch\u00e8re dans le coeur des t\u00e9l\u00e9spectateurs alors qu&rsquo;<strong>il a d\u00e9tr\u00f4n\u00e9 Faustine Bollaert.<\/strong> En effet, <a href=\"https:\/\/www.purepeople.com\/article\/faustine-bollaert-nest-plus-lanimatrice-preferee-des-francais-qui-a-pris-sa-place-dans-le-classement-2025_a545833\/1\" target=\"_blank\" rel=\"noopener\">apr\u00e8s deux ann\u00e9es pass\u00e9es en t\u00eate du classement<\/a>, elle n\u2019est plus l\u2019animatrice pr\u00e9f\u00e9r\u00e9e des Fran\u00e7ais puisque le sondage annuel r\u00e9alis\u00e9 par TV Magazine et d\u00e9voil\u00e9 ce mardi 23 d\u00e9cembre a consacr\u00e9 un nouveau visage du petit \u00e9cran.<strong> Avec 42,4 % des suffrages, Cyril F\u00e9raud devance de peu Nikos Aliagas<\/strong> (41,5 %) et Julien Courbet (40,1 %). Derri\u00e8re ce trio de t\u00eate, le classement reste tr\u00e8s dense : <a href=\"https:\/\/www.purepeople.com\/article\/faustine-bollaert-perd-sa-place-danimatrice-preferee-des-francais-et-sexprime-fiere-detre-toujours-la-premiere_a545853\/1\" target=\"_blank\" rel=\"noopener\">Faustine Bollaert recule \u00e0 la quatri\u00e8me place mais demeure l\u2019une des figures les plus appr\u00e9ci\u00e9es du public<\/a>, suivie par Olivier Minne. Pour Cyril F\u00e9raud, l\u2019annonce a eu l\u2019effet d\u2019un choc \u00e9motionnel ! Le papa du petit Tim, n\u00e9 en juillet dernier, a racont\u00e9 aupr\u00e8s de TV Magazine : <strong>\u00ab\u00a0<\/strong><strong>J\u2019ai \u00e9t\u00e9 sonn\u00e9. \u00c7a m\u2019a touch\u00e9 en plein c\u0153ur et j\u2019ai mis une journ\u00e9e \u00e0 m\u2019en remettre !\u00a0\u00bb<\/strong><strong>.\u00a0<\/strong><\/p>\n<p><strong>Cyril F\u00e9raud r\u00e9compens\u00e9 par le public<\/strong><\/p>\n<p>Et de poursuivre : \u00ab\u00a0Il n\u2019y a pas de plus belle r\u00e9compense que celle-l\u00e0 : \u00eatre choisi par le public comme personnalit\u00e9 t\u00e9l\u00e9 pr\u00e9f\u00e9r\u00e9e en France ! \u00c7a prouve l\u2019attachement et le lien qui s\u2019est cr\u00e9\u00e9 depuis vingt ans avec les t\u00e9l\u00e9spectateurs.<strong> C\u2019est la reconnaissance du travail accompli depuis des ann\u00e9es\u00a0\u00bb<\/strong>. Au-del\u00e0 du classement, l\u2019animateur a insist\u00e9 sur la dimension affective de cette reconnaissance \u00ab\u00a0parce que cette premi\u00e8re place signifie que le public me dit : &lsquo;On t\u2019aime, on t\u2019a adopt\u00e9&rsquo;. Il n\u2019y a pas de plus belle r\u00e9compense que d\u2019entrer dans le c\u0153ur des gens\u00a0\u00bb. Loin de savourer seul sa victoire, Cyril F\u00e9raud a tenu \u00e0 \u00e9voquer celle qu\u2019il d\u00e9tr\u00f4ne cette ann\u00e9e. \u00ab\u00a0Avec Faustine, on est de la m\u00eame g\u00e9n\u00e9ration.<strong> On a un peu le m\u00eame parcours et c\u2019\u00e9tait notre r\u00eave de faire de la t\u00e9l\u00e9\u00a0\u00bb<\/strong>, a-t-il comment\u00e9. Puis de poursuivre au sujet des autres membres du trio de t\u00eate : \u00ab\u00a0J\u2019ai beaucoup d\u2019estime pour Nikos. (\u2026) Je ne suis pas surpris que Julien Courbet soit sur le podium\u00a0\u00bb. Quant \u00e0 Olivier Minne ? \u00ab\u00a0C\u2019est mon ami et je suis ravi que sa nouvelle aventure sur M6 soit couronn\u00e9e de succ\u00e8s\u00a0\u00bb, a conclu Cyril F\u00e9raud.\u00a0<\/p>\n","protected":false},"excerpt":{"rendered":"Par Louise Martin | R\u00e9dactrice Koh Lanta, Les Marseillais mais aussi Mari\u00e9s au Premier regards\u2026 Louise Martin est&hellip;\n","protected":false},"author":2,"featured_media":626806,"comment_status":"","ping_status":"","sticky":false,"template":"","format":"standard","meta":{"footnotes":""},"categories":[1356],"tags":[58,59,1011,27,252,1364],"class_list":{"0":"post-626805","1":"post","2":"type-post","3":"status-publish","4":"format-standard","5":"has-post-thumbnail","7":"category-television","8":"tag-divertissement","9":"tag-entertainment","10":"tag-fr","11":"tag-france","12":"tag-television","13":"tag-tv"},"share_on_mastodon":{"url":"https:\/\/pubeurope.com\/@fr\/115796514656089320","error":""},"_links":{"self":[{"href":"https:\/\/www.europesays.com\/fr\/wp-json\/wp\/v2\/posts\/626805","targetHints":{"allow":["GET"]}}],"collection":[{"href":"https:\/\/www.europesays.com\/fr\/wp-json\/wp\/v2\/posts"}],"about":[{"href":"https:\/\/www.europesays.com\/fr\/wp-json\/wp\/v2\/types\/post"}],"author":[{"embeddable":true,"href":"https:\/\/www.europesays.com\/fr\/wp-json\/wp\/v2\/users\/2"}],"replies":[{"embeddable":true,"href":"https:\/\/www.europesays.com\/fr\/wp-json\/wp\/v2\/comments?post=626805"}],"version-history":[{"count":0,"href":"https:\/\/www.europesays.com\/fr\/wp-json\/wp\/v2\/posts\/626805\/revisions"}],"wp:featuredmedia":[{"embeddable":true,"href":"https:\/\/www.europesays.com\/fr\/wp-json\/wp\/v2\/media\/626806"}],"wp:attachment":[{"href":"https:\/\/www.europesays.com\/fr\/wp-json\/wp\/v2\/media?parent=626805"}],"wp:term":[{"taxonomy":"category","embeddable":true,"href":"https:\/\/www.europesays.com\/fr\/wp-json\/wp\/v2\/categories?post=626805"},{"taxonomy":"post_tag","embeddable":true,"href":"https:\/\/www.europesays.com\/fr\/wp-json\/wp\/v2\/tags?post=626805"}],"curies":[{"name":"wp","href":"https:\/\/api.w.org\/{rel}","templated":true}]}}