{"id":62681,"date":"2025-04-29T20:40:12","date_gmt":"2025-04-29T20:40:12","guid":{"rendered":"https:\/\/www.europesays.com\/fr\/62681\/"},"modified":"2025-04-29T20:40:12","modified_gmt":"2025-04-29T20:40:12","slug":"un-mec-bien-a-courbevoie-le-college-des-renardieres-sous-le-choc-apres-la-chute-mortelle-du-chef-detablissement","status":"publish","type":"post","link":"https:\/\/www.europesays.com\/fr\/62681\/","title":{"rendered":"\u00ab\u00a0Un mec bien\u00a0\u00bb\u00a0: \u00e0 Courbevoie, le coll\u00e8ge des Renardi\u00e8res sous le choc apr\u00e8s la chute mortelle du chef d\u2019\u00e9tablissement"},"content":{"rendered":"<p class=\"paragraph text_align_left\">Grosse angoisse ce mardi apr\u00e8s-midi, aux abords du coll\u00e8ge Les Renardi\u00e8res, \u00e0 Courbevoie, o\u00f9 les parents regardent pompiers et policiers faire des all\u00e9es venues entre l\u2019\u00e9tablissement et leurs v\u00e9hicules de services. Les secours sont intervenus apr\u00e8s que le chef de l\u2019\u00e9tablissement a fait une chute depuis le b\u00e2timent, vers 14h25, avant la r\u00e9cr\u00e9ation.<\/p>\n<p class=\"paragraph text_align_left\">Selon nos informations, il se trouvait en arr\u00eat cardiorespiratoire \u00e0 l\u2019arriv\u00e9e des secours. Il est d\u00e9c\u00e9d\u00e9 depuis, comme le confirmait l\u2019arriv\u00e9e sur place de l\u2019unit\u00e9 m\u00e9dico-judiciaire de Garches aux alentours de 16 heures. C\u2019est avec \u00ab une profonde tristesse \u00bb qu\u2019\u00c9tienne Champion, recteur de l\u2019acad\u00e9mie de Versailles, confirmait \u00e0 son tour le d\u00e9c\u00e8s du principal du coll\u00e8ge dans l\u2019apr\u00e8s-midi.<\/p>\n<p class=\"paragraph text_align_left\">On ignore encore les circonstances pr\u00e9cises du drame. Le parquet de Nanterre a ouvert une enqu\u00eate pour rechercher les causes de la mort et pr\u00e9cise que \u00ab toutes les hypoth\u00e8ses sont envisag\u00e9es, y compris celle de l\u2019accident \u00bb. Selon le rectorat qui indiquait dans un premier temps un \u00ab geste volontaire \u00bb, il s\u2019agirait bien \u00ab d\u2019un accident \u00bb. \u00ab En cette p\u00e9riode douloureuse, toutes les pens\u00e9es vont \u00e0 la famille, aux proches, aux coll\u00e8gues et \u00e0 l\u2019ensemble de la communaut\u00e9 \u00e9ducative \u00bb, r\u00e9agit le recteur.<\/p>\n<p>\u00ab On ne sait pas ce qui s\u2019est vraiment pass\u00e9 \u00bb<\/p>\n<p class=\"paragraph text_align_left\">\u00ab Ce n\u2019est pas possible, pas Monsieur M. \u00bb, l\u00e2chaient \u00e0 l\u2019unisson des m\u00e8res de famille, alert\u00e9es en milieu d\u2019apr\u00e8s-midi par le logiciel Pronote et qui dressaient le portrait d\u2019un homme affable, souriant et accessible. Dans l\u2019encadrement depuis 2006, le chef d\u2019\u00e9tablissement \u00e9tait arriv\u00e9 au coll\u00e8ge de Courbevoie le 1er septembre 2023, en provenance du coll\u00e8ge Th\u00e9ophile-Gautier de Neuilly-sur-Seine. L\u2019homme, qui \u00e9tait notamment connu pour \u00eatre accompagn\u00e9 de son gros chien blanc, habitait dans l\u2019enceinte de l\u2019\u00e9tablissement. Selon plusieurs \u00e9l\u00e8ves, il serait tomb\u00e9 de son logement de fonction.<\/p>\n<p class=\"paragraph text_align_left\">\u00ab Il a saut\u00e9 devant les \u00e9l\u00e8ves \u00bb, l\u00e2chait une maman, p\u00e9remptoire, en affirmant tenir ses informations de son fils, confin\u00e9 dans l\u2019\u00e9cole comme les autres coll\u00e9giens. \u00ab On ne sait pas ce qui s\u2019est vraiment pass\u00e9, temp\u00e9rait une autre. Un suicide, je n\u2019y crois pas, \u00e7a ne colle pas avec sa personnalit\u00e9. \u00bb<\/p>\n<p class=\"paragraph text_align_left\">\u00ab Mon fils a vu le corps au sol, soufflait une troisi\u00e8me maman. Il se dit que certains l\u2019ont vu tomber. \u00bb \u00ab Le choc est d\u2019autant important qu\u2019il ne semblait pas \u00eatre tourment\u00e9, toujours disponible \u00bb, murmurait Samia, une autre maman. \u00ab C\u2019\u00e9tait un mec bien, saluait un lyc\u00e9en pass\u00e9 par Les Renardi\u00e8res. C\u2019est gr\u00e2ce \u00e0 lui que j\u2019ai pu int\u00e9grer Painlev\u00e9. Sans lui, c\u2019\u00e9tait Nanterre direct. \u00bb<\/p>\n<p>Une cellule psychologique mise en place<\/p>\n<p class=\"paragraph text_align_left\">Inquiets pour leurs enfants, les parents avaient \u00e9t\u00e9 en partie rassur\u00e9s par un repr\u00e9sentant de l\u2019\u00e9tablissement, qui leur a dit que \u00ab tous les enfants \u00e9taient en s\u00e9curit\u00e9 \u00bb. \u00ab Comment en \u00eatre s\u00fbre ? marmonnait une m\u00e8re de famille. Il y a quand m\u00eame beaucoup de policiers. \u00bb \u00ab Il n\u2019y a pas de souci concernant les enfants \u00bb, expliquaient un pompier et un agent municipal, alors qu\u2019une cellule psychologique a \u00e9t\u00e9 mise en place.<\/p>\n<p class=\"paragraph text_align_left\">Vers 16h30, les coll\u00e9giens commen\u00e7aient \u00e0 \u00eatre \u00e9vacu\u00e9s du coll\u00e8ge par le gymnase. Ils sortaient au compte-goutte au grand soulagement des parents. Selon nos informations, seuls ont \u00e9t\u00e9 gard\u00e9s plus longtemps dans l\u2019\u00e9tablissement les t\u00e9moins directs de la sc\u00e8ne.<\/p>\n<p class=\"paragraph text_align_left\">La cellule d\u2019urgence m\u00e9dico-psychologique et le CAAEE-EM (centre acad\u00e9mique d\u2019aide aux \u00e9coles et \u00e9tablissements &#8211; \u00e9quipes mobiles de s\u00e9curit\u00e9) s\u2019est d\u00e9plac\u00e9e dans l\u2019\u00e9tablissement afin de venir en aide aux t\u00e9moins et \u00e0 toute personne qui en exprimait en besoin. Le pr\u00e9fet des Hauts-de-Seine, Alexandre Brug\u00e8re, Jacques Kossowski, le maire de Courbevoie, le recteur et le directeur acad\u00e9mique se sont \u00e9galement rendus sur place.<\/p>\n","protected":false},"excerpt":{"rendered":"Grosse angoisse ce mardi apr\u00e8s-midi, aux abords du coll\u00e8ge Les Renardi\u00e8res, \u00e0 Courbevoie, o\u00f9 les parents regardent pompiers&hellip;\n","protected":false},"author":2,"featured_media":62682,"comment_status":"","ping_status":"","sticky":false,"template":"","format":"standard","meta":{"footnotes":""},"categories":[1888],"tags":[1111,1928,11,1927,1777,674,1011,27,3314,1944,12,1926,626,1925,25,2955],"class_list":{"0":"post-62681","1":"post","2":"type-post","3":"status-publish","4":"format-standard","5":"has-post-thumbnail","7":"category-paris","8":"tag-actu","9":"tag-actu-paris","10":"tag-actualites","11":"tag-actualites-paris","12":"tag-eu","13":"tag-europe","14":"tag-fr","15":"tag-france","16":"tag-hauts-de-seine","17":"tag-ma-ville","18":"tag-news","19":"tag-news-paris","20":"tag-paris","21":"tag-paris-news","22":"tag-republique-francaise","23":"tag-videos"},"share_on_mastodon":{"url":"https:\/\/pubeurope.com\/@fr\/114423190208536324","error":""},"_links":{"self":[{"href":"https:\/\/www.europesays.com\/fr\/wp-json\/wp\/v2\/posts\/62681","targetHints":{"allow":["GET"]}}],"collection":[{"href":"https:\/\/www.europesays.com\/fr\/wp-json\/wp\/v2\/posts"}],"about":[{"href":"https:\/\/www.europesays.com\/fr\/wp-json\/wp\/v2\/types\/post"}],"author":[{"embeddable":true,"href":"https:\/\/www.europesays.com\/fr\/wp-json\/wp\/v2\/users\/2"}],"replies":[{"embeddable":true,"href":"https:\/\/www.europesays.com\/fr\/wp-json\/wp\/v2\/comments?post=62681"}],"version-history":[{"count":0,"href":"https:\/\/www.europesays.com\/fr\/wp-json\/wp\/v2\/posts\/62681\/revisions"}],"wp:featuredmedia":[{"embeddable":true,"href":"https:\/\/www.europesays.com\/fr\/wp-json\/wp\/v2\/media\/62682"}],"wp:attachment":[{"href":"https:\/\/www.europesays.com\/fr\/wp-json\/wp\/v2\/media?parent=62681"}],"wp:term":[{"taxonomy":"category","embeddable":true,"href":"https:\/\/www.europesays.com\/fr\/wp-json\/wp\/v2\/categories?post=62681"},{"taxonomy":"post_tag","embeddable":true,"href":"https:\/\/www.europesays.com\/fr\/wp-json\/wp\/v2\/tags?post=62681"}],"curies":[{"name":"wp","href":"https:\/\/api.w.org\/{rel}","templated":true}]}}