{"id":626811,"date":"2025-12-28T09:37:12","date_gmt":"2025-12-28T09:37:12","guid":{"rendered":"https:\/\/www.europesays.com\/fr\/626811\/"},"modified":"2025-12-28T09:37:12","modified_gmt":"2025-12-28T09:37:12","slug":"dans-quels-cas-faut-il-se-rendre-aux-urgences","status":"publish","type":"post","link":"https:\/\/www.europesays.com\/fr\/626811\/","title":{"rendered":"dans quels cas faut-il se rendre aux urgences\u00a0?"},"content":{"rendered":"<p>                    Par<br \/>\n        <strong><br \/>\n            <a href=\"https:\/\/actu.fr\/auteur\/redaction-actu\" title=\"Consulter tous les articles de R\u00e9daction Actu\" target=\"_blank\" rel=\"noopener\">R\u00e9daction Actu<\/a><br \/>\n                    <\/strong><\/p>\n<p>        Publi\u00e9 le<\/p>\n<p>            28 d\u00e9c. 2025 \u00e0 7h52        <\/p>\n<p>En pleine p\u00e9riode de f\u00eates, la <a href=\"https:\/\/actu.fr\/tag\/grippe\" target=\"_blank\" rel=\"noopener\">grippe<\/a> circule activement dans tout le pays. Et le r\u00e9flexe, pour les personnes qui auraient attrap\u00e9 le virus, peut \u00eatre de se rendre aux <a href=\"https:\/\/actu.fr\/tag\/sante\" target=\"_blank\" rel=\"noopener\">urgences<\/a>. Sauf que les urgences sont d\u00e9j\u00e0 bond\u00e9es, et ce n\u2019est pas la pr\u00e9conisation faite sauf dans des cas pr\u00e9cis, on vous explique.<\/p>\n<p>D\u2019abord le m\u00e9decin<\/p>\n<p class=\" wall-content\">Ce qu\u2019il faut comprendre, rappelle Atnoine Flahault, \u00e9pid\u00e9miologiste et professeur \u00e0 l\u2019universit\u00e9 Paris Cit\u00e9 \u2013 Inserm, c\u2019est que <strong>\u00ab\u2009les soignants (de l\u2019h\u00f4pital, ndlr) ne feront rien de plus que le m\u00e9decin ou le pharmacien<\/strong>, en proposant un traitement symptomatique contre la fi\u00e8vre et les signes respiratoires b\u00e9nins\u2009\u00bb.<\/p>\n<p class=\" wall-content\">Et <strong>c\u2019est bien le b\u00e9nin qu\u2019il faut regarder<\/strong>. Ainsi, il faut \u00e9viter d\u2019aller aux urgences pour \u00ab\u2009grippe banale quand on est en bonne sant\u00e9 par ailleurs\u2009\u00bb, explique Antoine Flahault, et privil\u00e9gier le m\u00e9decin de ville.<\/p>\n<p>Se poser les bonnes questions dans certains cas<\/p>\n<p class=\" wall-content\">N\u00e9anmoins, dans certains cas, <strong>il faut aller plus vite qu\u2019un simple rendez-vous.<\/strong> Ainsi l\u2019Assurance maladie appelle \u00e0 \u00ab\u2009consulter rapidement votre m\u00e9decin traitant\u2009\u00bb dans les cas suivants\u2009:<\/p>\n<ul class=\" wall-content\">\n<li>si vous \u00eates enceinte\u2009;<\/li>\n<li>si vous soup\u00e7onnez la grippe chez votre b\u00e9b\u00e9\u2009;<\/li>\n<li>si vous avez plus de 65\u00a0ans\u2009;<\/li>\n<li>si vous \u00eates atteint d\u2019une maladie chronique\u2009;<\/li>\n<li>si vous suivez un traitement responsable d\u2019une immunod\u00e9pression (cortico\u00efdes, anti TNF alpha, traitement post-greffe\u2026) ;<\/li>\n<li>en cas de fi\u00e8vre mal support\u00e9e (plus de 40\u00a0\u00b0C) ou de\u00a0sympt\u00f4mes inhabituels pour une grippe.<\/li>\n<\/ul>\n<p class=\" wall-content\">Il faut aussi envisager de se rendre aux urgences lorsque votre \u00e9tat clinique se d\u00e9t\u00e9riore et qu\u2019une insuffisance respiratoire appara\u00eet ou si vous avez une fragilit\u00e9 particuli\u00e8re.<\/p>\n<p>Votre r\u00e9gion, votre actu !<\/p>\n<p>Recevez chaque jour les infos qui comptent pour vous.<\/p>\n<p>\t<a href=\"https:\/\/actu.fr\/newsletter\" class=\"ac-btn ac-btn--corner ac-btn--medium ac-btn--blue800\" target=\"_blank\" rel=\"noopener\">S&rsquo;incrire<\/a><br \/>\nQuels sont les sympt\u00f4mes inhabituels et graves de la grippe ?<\/p>\n<p>&#8211; un essoufflement au repos et difficult\u00e9s pour respirer ;<br \/>&#8211; la r\u00e9apparition d&rsquo;une fi\u00e8vre apr\u00e8s une am\u00e9lioration des sympt\u00f4mes ;<br \/>&#8211; la survenue d&rsquo;une toux productive avec crachats purulents ou avec pr\u00e9sence de sang ;<br \/>&#8211; une diarrh\u00e9e associ\u00e9e et une d\u00e9shydratation ;<br \/>&#8211; des troubles de la conscience.<\/p>\n<p class=\" wall-content\">Si vous avez un doute, \u00ab\u2009l\u2019appel du m\u00e9decin traitant (ou du 15 en son absence) d\u00e9nouera le probl\u00e8me et orientera \u00e9ventuellement vers les urgences\u2009\u00bb, note Antoine Flahault.<\/p>\n<p class=\" wall-content\">Personnalisez votre actualit\u00e9 en ajoutant vos villes et m\u00e9dias en favori avec <a href=\"https:\/\/moncompte.actu.fr\" title=\"D\u00e9couvez Mon Actu\" rel=\"nofollow noopener\" data-trk=\"{&quot;cta&quot;:{&quot;action&quot;:&quot;https:\\\/\\\/moncompte.actu.fr&quot;,&quot;category&quot;:&quot;mon compte&quot;,&quot;from&quot;:&quot;article footer&quot;,&quot;name&quot;:&quot;Mon actu&quot;,&quot;type&quot;:&quot;cta&quot;}}\" target=\"_blank\">Mon Actu<\/a>.<\/p>\n","protected":false},"excerpt":{"rendered":"Par R\u00e9daction Actu Publi\u00e9 le 28 d\u00e9c. 2025 \u00e0 7h52 En pleine p\u00e9riode de f\u00eates, la grippe circule&hellip;\n","protected":false},"author":2,"featured_media":626812,"comment_status":"","ping_status":"","sticky":false,"template":"","format":"standard","meta":{"footnotes":""},"categories":[10],"tags":[1011,27,29786,72,100,71,104],"class_list":{"0":"post-626811","1":"post","2":"type-post","3":"status-publish","4":"format-standard","5":"has-post-thumbnail","7":"category-sante","8":"tag-fr","9":"tag-france","10":"tag-grippe","11":"tag-health","12":"tag-hopital","13":"tag-sante","14":"tag-societe"},"share_on_mastodon":{"url":"https:\/\/pubeurope.com\/@fr\/115796524737196808","error":""},"_links":{"self":[{"href":"https:\/\/www.europesays.com\/fr\/wp-json\/wp\/v2\/posts\/626811","targetHints":{"allow":["GET"]}}],"collection":[{"href":"https:\/\/www.europesays.com\/fr\/wp-json\/wp\/v2\/posts"}],"about":[{"href":"https:\/\/www.europesays.com\/fr\/wp-json\/wp\/v2\/types\/post"}],"author":[{"embeddable":true,"href":"https:\/\/www.europesays.com\/fr\/wp-json\/wp\/v2\/users\/2"}],"replies":[{"embeddable":true,"href":"https:\/\/www.europesays.com\/fr\/wp-json\/wp\/v2\/comments?post=626811"}],"version-history":[{"count":0,"href":"https:\/\/www.europesays.com\/fr\/wp-json\/wp\/v2\/posts\/626811\/revisions"}],"wp:featuredmedia":[{"embeddable":true,"href":"https:\/\/www.europesays.com\/fr\/wp-json\/wp\/v2\/media\/626812"}],"wp:attachment":[{"href":"https:\/\/www.europesays.com\/fr\/wp-json\/wp\/v2\/media?parent=626811"}],"wp:term":[{"taxonomy":"category","embeddable":true,"href":"https:\/\/www.europesays.com\/fr\/wp-json\/wp\/v2\/categories?post=626811"},{"taxonomy":"post_tag","embeddable":true,"href":"https:\/\/www.europesays.com\/fr\/wp-json\/wp\/v2\/tags?post=626811"}],"curies":[{"name":"wp","href":"https:\/\/api.w.org\/{rel}","templated":true}]}}