{"id":626829,"date":"2025-12-28T09:50:17","date_gmt":"2025-12-28T09:50:17","guid":{"rendered":"https:\/\/www.europesays.com\/fr\/626829\/"},"modified":"2025-12-28T09:50:17","modified_gmt":"2025-12-28T09:50:17","slug":"retrospective-les-faits-divers-qui-ont-marque-lannee-2025-en-lorraine","status":"publish","type":"post","link":"https:\/\/www.europesays.com\/fr\/626829\/","title":{"rendered":"R\u00e9trospective. Les faits divers qui ont marqu\u00e9 l&rsquo;ann\u00e9e 2025 en Lorraine"},"content":{"rendered":"<p>  6 f\u00e9vrier : un corps calcin\u00e9 retrouv\u00e9 dans la for\u00eat d&rsquo;Epinal<\/p>\n<p>Un corps, en partie calcin\u00e9, <a href=\"https:\/\/www.vosgesmatin.fr\/faits-divers-justice\/2025\/02\/08\/cadavre-decouvert-en-foret-d-epinal-une-enquete-et-des-questions\" target=\"_blank\" rel=\"noopener\">a \u00e9t\u00e9 retrouv\u00e9 en for\u00eat d&rsquo;Epinal<\/a> par deux agents municipaux. Les investigations ont ensuite permis de confirmer que la victime \u00e9tait d\u00e9c\u00e9d\u00e9e depuis longtemps : elle a \u00e9t\u00e9 <a href=\"https:\/\/www.vosgesmatin.fr\/faits-divers-justice\/2025\/04\/11\/assassinat-de-bernard-trombini-la-victime-a-bien-ete-brulee-vive\" target=\"_blank\" rel=\"noopener\">br\u00fbl\u00e9e vive sur le secteur de Vittel avant d\u2019\u00eatre d\u00e9plac\u00e9e<\/a>.<\/p>\n<p>    &#13;<br \/>\n    &#13;<br \/>\n    &#13;<br \/>\n    <a href=\"https:\/\/cdn-s-www.estrepublicain.fr\/images\/813ac982-fb49-45ef-96c2-50cced20c72c\/NW_raw\/decouverte-du-corps-bernard-trombini-rue-general-sere-de-rivieres-a-proximite-du-stand-de-tir-en-foret-d-epinal-photo-jerome-humbrecht-1742053440.jpg\" title=\"D\u00e9couverte du corps Bernard Trombini, rue g\u00e9n\u00e9ral S\u00e9r\u00e9 de Rivi\u00e8res, \u00e0 proximit\u00e9 du stand de tir, en for\u00eat d&#039;Epinal. Photo J\u00e9r\u00f4me Humbrecht\" class=\"chocolat-image GA-tracking\" data-ga_type=\"click\" data-ga_category=\"D\u00e9tail\" data-ga_action=\"zoomer\" data-ga_label=\"aggrandir image\" target=\"_blank\" rel=\"noopener\">&#13;<br \/>\n        <img src=\"https:\/\/www.europesays.com\/fr\/wp-content\/uploads\/2025\/12\/decouverte-du-corps-bernard-trombini-rue-general-sere-de-rivieres-a-proximite-du-stand-de-tir-en-for.jpeg\"   alt=\"D\u00e9couverte du corps Bernard Trombini, rue g\u00e9n\u00e9ral S\u00e9r\u00e9 de Rivi\u00e8res, \u00e0 proximit\u00e9 du stand de tir, en for\u00eat d'Epinal. Photo J\u00e9r\u00f4me Humbrecht\" fetchpriority=\"high\" decoding=\"async\" data-mobile=\"NW_listA_M|1742053440\" data-base=\"NW_listA|1743413192\"\/>&#13;<br \/>\n    <\/a>&#13;<\/p>\n<p>D\u00e9couverte du corps Bernard Trombini, rue g\u00e9n\u00e9ral S\u00e9r\u00e9 de Rivi\u00e8res, \u00e0 proximit\u00e9 du stand de tir, en for\u00eat d&rsquo;Epinal. Photo J\u00e9r\u00f4me Humbrecht<\/p>\n<p>L&rsquo;homme d\u00e9c\u00e9d\u00e9 est Bernard Trombini, <a href=\"https:\/\/www.vosgesmatin.fr\/faits-divers-justice\/2025\/02\/25\/le-corps-decouvert-en-foret-d-epinal-serait-celui-de-bernard-trombini-un-vosgien-disparu-il-y-a-trois-mois\" target=\"_blank\" rel=\"noopener\">un\u00a0<\/a><a href=\"https:\/\/www.vosgesmatin.fr\/faits-divers-justice\/2025\/02\/25\/le-corps-decouvert-en-foret-d-epinal-serait-celui-de-bernard-trombini-un-vosgien-disparu-il-y-a-trois-mois\" target=\"_blank\" rel=\"noopener\">Mirecurtien de 49 ans qui n\u2019avait plus donn\u00e9 signe de vie<\/a> depuis fin novembre\u00a02024. Il\u00a0aurait \u00e9t\u00e9 victime d\u2019un guet-apens avant d&rsquo;\u00eatre transport\u00e9\u00a0dans un endroit isol\u00e9, puis br\u00fbl\u00e9 vif, les poignets ligot\u00e9s. Mi mars, une\u00a0<a href=\"https:\/\/www.vosgesmatin.fr\/faits-divers-justice\/2025\/03\/14\/mort-de-bernard-trombini-deux-hommes-et-une-femme-arretes-pour-assassinat-et-sequestration\" target=\"_blank\" rel=\"noopener\">famille a \u00e9t\u00e9 arr\u00eat\u00e9e\u00a0\u00e0 Gemmelaincourt<\/a>, compos\u00e9e d&rsquo;un couple et du fils mineur au moment des faits.<\/p>\n<p>  22 f\u00e9vrier :\u00a0un conducteur cause la mort de son \u00e9pouse dans un accident<\/p>\n<p>\u00ab\u00a0Je vis dans la culpabilit\u00e9 totale (&#8230;). Je regrette ma femme tous les jours, je pleure son absence toutes les nuits\u2026\u00a0\u00bb\u00a0Lors de son proc\u00e8s, l\u2019homme \u00e0 l&rsquo;origine de ce huis clos routier \u00e9tait rempli de regrets.<\/p>\n<p>Dans la nuit du 22 f\u00e9vrier\u00a0\u00e0 Domr\u00e9my-aux-Bois pr\u00e8s de Commercy, il a\u00a0<a href=\"https:\/\/www.estrepublicain.fr\/faits-divers-justice\/2025\/02\/22\/accident-mortel-a-domremy-aux-bois-la-voiture-fait-plusieurs-tonneaux-la-passagere-de-50-ans-est-decedee#PlugCommentsList2\" target=\"_blank\" rel=\"noopener\">perdu le contr\u00f4le de son v\u00e9hicule, qui est parti en tonneaux.<\/a> \u00c9ject\u00e9e, la passag\u00e8re est d\u00e9c\u00e9d\u00e9 d\u2019un traumatisme cr\u00e2nien. Apr\u00e8s\u00a0une soir\u00e9e d\u2019anniversaire, le couple \u00e9tait rentr\u00e9 en voiture alors que l&rsquo;homme avait bu le triple du taux l\u00e9gal. <a href=\"https:\/\/www.estrepublicain.fr\/faits-divers-justice\/2025\/09\/04\/son-epouse-tuee-dans-un-accident-le-conducteur-fait-face-a-la-justice-ronge-de-remords\" target=\"_blank\" rel=\"noopener\">Sur la route, sa femme se serait mise dans une col\u00e8re noire.<\/a><\/p>\n<p>    &#13;<br \/>\n    &#13;<br \/>\n    &#13;<br \/>\n    <a href=\"https:\/\/cdn-s-www.estrepublicain.fr\/images\/88713757-7c40-4f23-bcd0-dc570ddb4e84\/NW_raw\/le-conducteur-a-perdu-le-controle-a-l-entree-du-village-et-a-termine-sa-course-en-sens-inverse-sur-le-toit-photo-jean-noel-portmann-1756814702.jpg\" title=\"Le conducteur a perdu le contr\u00f4le \u00e0 l&#039;entr\u00e9e du village et a termin\u00e9 sa course en sens inverse sur le toit. Photo Jean-No\u00ebl Portmann\" class=\"chocolat-image GA-tracking\" data-ga_type=\"click\" data-ga_category=\"D\u00e9tail\" data-ga_action=\"zoomer\" data-ga_label=\"aggrandir image\" target=\"_blank\" rel=\"noopener\">&#13;<br \/>\n        <img src=\"https:\/\/www.europesays.com\/fr\/wp-content\/uploads\/2025\/12\/le-conducteur-a-perdu-le-controle-a-l-entree-du-village-et-a-termine-sa-course-en-sens-inverse-sur-l.jpeg\"   alt=\"Le conducteur a perdu le contr\u00f4le \u00e0 l'entr\u00e9e du village et a termin\u00e9 sa course en sens inverse sur le toit. Photo Jean-No\u00ebl Portmann\" fetchpriority=\"high\" decoding=\"async\" data-mobile=\"NW_listA_M|1756814702\" data-base=\"NW_listA|1756814702\"\/>&#13;<br \/>\n    <\/a>&#13;<\/p>\n<p>Le conducteur a perdu le contr\u00f4le \u00e0 l&rsquo;entr\u00e9e du village et a termin\u00e9 sa course en sens inverse sur le toit. Photo Jean-No\u00ebl Portmann<\/p>\n<p>  24 f\u00e9vrier : un convoi exceptionnel de 165 tonnes proche de tomber dans le canal pr\u00e8s de Nancy<\/p>\n<p>Durant plusieurs jours, l&rsquo;\u00e9v\u00e9nement <a href=\"https:\/\/www.estrepublicain.fr\/economie\/2025\/02\/24\/manoeuvre-sur-le-pont-gabreil-faure-a-jarville-pour-faire-passer-un-convoi-exceptionnel\" target=\"_blank\" rel=\"noopener\">a tenu en haleine les habitants du Grand Nancy,<\/a> curieux de savoir si le poids lourd de 165 tonnes allait s&rsquo;\u00e9craser dans le canal.\u00a0Alors qu&rsquo;il traversait un pont \u00e0 Jarville, le convoi exceptionnel de 30 m\u00e8tres de long qui transportait une chaudi\u00e8re\u00a0<a href=\"https:\/\/www.estrepublicain.fr\/transport\/2025\/02\/24\/un-convoi-exceptionnel-de-165-tonnes-qui-traversait-le-grand-nancy-menace-de-tomber-dans-le-canal\" target=\"_blank\" rel=\"noopener\">a \u00e9t\u00e9 d\u00e9s\u00e9quilibr\u00e9 et a failli basculer par-dessus la rambarde.<\/a> Le chauffeur a juste eu le temps <a href=\"https:\/\/www.estrepublicain.fr\/videos\/un-convoi-exceptionnel-manque-de-tomber-dans-un-canal-pres-de-nancy-xm5zl0z\" target=\"_blank\" rel=\"noopener\">de sauter de sa cabine<\/a> lorsque le camion a commenc\u00e9 \u00e0 se coucher.<\/p>\n<p>                                            <img class=\"placeholder-svg\" loading=\"lazy\" decoding=\"async\" src=\"https:\/\/cdn-files.prsmedia.fr\/files\/REDAC\/images\/svg\/placeholders\/digiteka.svg\" alt=\"Digiteka PlaceHolder\"\/><\/p>\n<p>Plus de peur que de mal, il n&rsquo;a \u00e9t\u00e9 que l\u00e9g\u00e8rement\u00a0bless\u00e9 \u00e0 la t\u00eate. Mais les op\u00e9rations de sauvetage et d&rsquo;\u00e9vacuation <a href=\"https:\/\/www.estrepublicain.fr\/faits-divers-justice\/2025\/02\/24\/le-convoi-exceptionnel-bascule-sur-un-pont-un-sauvetage-espere-dans-les-prochains-jours\" target=\"_blank\" rel=\"noopener\">ont \u00e9t\u00e9 compliqu\u00e9es et longues.<\/a>\u00a0Durant 5 jours, la rambarde, solide, a retenu la chaudi\u00e8re,\u00a0s\u00e9curis\u00e9e par des attaches. Elle a ensuite \u00e9t\u00e9 d\u00e9pos\u00e9e sur un nouveau plateau gr\u00e2ce \u00e0 une grue venue de Belgique.\u00a0Puis le v\u00e9hicule a\u00a0repris sa route vers\u00a0le chantier de Novasteam, \u00e0 Laneuveville-devant-Nancy.<\/p>\n<p>  15 mars :\u00a0un jeune de 22 ans frappe \u00e0 mort son p\u00e8re \u00e0 Frouard<\/p>\n<p>Un habitant d\u2019un des paisibles pavillons de Frouard a \u00e9t\u00e9 tu\u00e9 par son fils de 22\u2002ans. La victime a eu le temps de marcher sur une centaine de m\u00e8tres dans la rue avant de s\u2019\u00e9crouler. La victime,\u00a0un prof de math de 57 ans, <a href=\"https:\/\/www.estrepublicain.fr\/faits-divers-justice\/2025\/09\/11\/pere-frappe-a-mort-a-frouard-le-fils-nie-l-intention-de-tuer-et-veut-sortir-de-prison\" target=\"_blank\" rel=\"noopener\">\u00e9tait en froid avec son fils<\/a> qui vivait quelques m\u00e8tres plus loin, chez sa m\u00e8re.\u00a0\u00ab\u00a0Il avait des marques de blessures et du sang sur la figure \u00bb expliquait Christophe,\u00a0<a href=\"https:\/\/www.estrepublicain.fr\/faits-divers-justice\/2025\/03\/16\/parricide-a-frouard-un-jeune-de-22-ans-en-garde-a-vue-pour-avoir-frappe-a-mort-son-pere\" target=\"_blank\" rel=\"noopener\">un voisin qui a assist\u00e9 \u00e0 la fin de la sc\u00e8ne.<\/a><\/p>\n<p>    &#13;<br \/>\n    &#13;<br \/>\n    &#13;<br \/>\n    <a href=\"https:\/\/cdn-s-www.estrepublicain.fr\/images\/72c037c1-351d-49b2-9620-96163ee10f1d\/NW_raw\/christophe-a-assiste-a-la-fin-de-la-scene-qui-a-coute-la-vie-a-son-voisin-d-en-face-photo-christophe-gobin-1764947349.jpg\" title=\"Christophe a assist\u00e9 \u00e0 la fin de la sc\u00e8ne qui a co\u00fbt\u00e9 la vie \u00e0 son voisin d\u2019en face. Photo Christophe Gobin\" class=\"chocolat-image GA-tracking\" data-ga_type=\"click\" data-ga_category=\"D\u00e9tail\" data-ga_action=\"zoomer\" data-ga_label=\"aggrandir image\" target=\"_blank\" rel=\"noopener\">&#13;<br \/>\n        <img src=\"https:\/\/www.europesays.com\/fr\/wp-content\/uploads\/2025\/12\/christophe-a-assiste-a-la-fin-de-la-scene-qui-a-coute-la-vie-a-son-voisin-d-en-face-photo-christophe.jpeg\"   alt=\"Christophe a assist\u00e9 \u00e0 la fin de la sc\u00e8ne qui a co\u00fbt\u00e9 la vie \u00e0 son voisin d\u2019en face. Photo Christophe Gobin\" fetchpriority=\"high\" decoding=\"async\" data-mobile=\"NW_listA_M|1764947349\" data-base=\"NW_listA|1764947349\"\/>&#13;<br \/>\n    <\/a>&#13;<\/p>\n<p>Christophe a assist\u00e9 \u00e0 la fin de la sc\u00e8ne qui a co\u00fbt\u00e9 la vie \u00e0 son voisin d\u2019en face. Photo Christophe Gobin<\/p>\n<p>  31 mars : un pr\u00eatre \u00e0 la retraite et une femme massacr\u00e9s \u00e0 coups de pierres sur le cr\u00e2ne \u00e0 Xertigny<\/p>\n<p>C\u2019est dans une ruelle tr\u00e8s discr\u00e8te et calme de Xertigny que <a href=\"https:\/\/www.vosgesmatin.fr\/faits-divers-justice\/2025\/04\/02\/septuagenaires-tues-a-xertigny-les-cranes-des-deux-victimes-fracasses-par-des-pierres-grosses-comme-des-paves\" target=\"_blank\" rel=\"noopener\">ce drame innommable<\/a> s\u2019est produit. Deux septuag\u00e9naires <a href=\"https:\/\/www.vosgesmatin.fr\/faits-divers-justice\/2025\/03\/31\/deux-septuagenaires-sauvagement-tues-devant-une-habitation-a-xertigny\" target=\"_blank\" rel=\"noopener\">ont p\u00e9ri sous les coups de pierres<\/a>\u00a0d&rsquo;un molosse d\u2019une trentaine d\u2019ann\u00e9es, d\u2019origine mahoraise.\u00a0La femme qui a perdu la vie est originaire du village. L\u2019homme qui l\u2019accompagnait se nomme Pierre Panon. Il a \u00e9t\u00e9 pr\u00eatre dans le secteur de Nancy. <a href=\"https:\/\/www.estrepublicain.fr\/societe\/2023\/08\/29\/a-la-paroisse-un-pierre-remplace-un-autre-pierre\" target=\"_blank\" rel=\"noopener\">\u00c0 la retraite depuis \u00e0 peine deux ans<\/a>, il continuait d\u2019officier.<\/p>\n<p>L\u2019auteur pr\u00e9sum\u00e9 des faits a \u00e9t\u00e9 interpell\u00e9 tr\u00e8s rapidement, non sans mal. Il\u00a0a \u00e9t\u00e9 examin\u00e9 par un expert psychiatre qui a conclu <a href=\"https:\/\/www.vosgesmatin.fr\/faits-divers-justice\/2025\/04\/07\/septuagenaires-tues-a-coups-de-pierres-a-xertigny-l-auteur-presume-pourrait-ne-jamais-etre-juge-bjxl\" target=\"_blank\" rel=\"noopener\">\u00e0 une abolition de son discernement.<\/a>\u00a0Il pourrait donc ne jamais \u00eatre jug\u00e9.<\/p>\n<p>    &#13;<br \/>\n    &#13;<br \/>\n    &#13;<br \/>\n    <a href=\"https:\/\/cdn-s-www.estrepublicain.fr\/images\/7c3eb2f1-4229-41ee-af22-8eb7676cedc1\/NW_raw\/le-double-homicide-a-eu-lieu-au-bout-de-cette-allee-au-haut-de-la-gare-photo-eric-thiebaut-1743504107.jpg\" title=\"Le double homicide a eu lieu au bout de cette all\u00e9e, au Haut de la Gare.\u00a0 Photo Eric Thi\u00e9baut\" class=\"chocolat-image GA-tracking\" data-ga_type=\"click\" data-ga_category=\"D\u00e9tail\" data-ga_action=\"zoomer\" data-ga_label=\"aggrandir image\" target=\"_blank\" rel=\"noopener\">&#13;<br \/>\n        <img src=\"https:\/\/www.europesays.com\/fr\/wp-content\/uploads\/2025\/12\/le-double-homicide-a-eu-lieu-au-bout-de-cette-allee-au-haut-de-la-gare-photo-eric-thiebaut-174350410.jpeg\"   alt=\"Le double homicide a eu lieu au bout de cette all\u00e9e, au Haut de la Gare.\u00a0 Photo Eric Thi\u00e9baut\" fetchpriority=\"high\" decoding=\"async\" data-mobile=\"NW_listA_M|1743504107\" data-base=\"NW_listA|1743504107\"\/>&#13;<br \/>\n    <\/a>&#13;<\/p>\n<p>Le double homicide a eu lieu au bout de cette all\u00e9e, au Haut de la Gare.\u00a0 Photo Eric Thi\u00e9baut<\/p>\n<p>  5 mai :\u00a0Dany Boon r\u00e9agit avec humour \u00e0 sa mort annonc\u00e9e apr\u00e8s son accident sur l\u2019A4\u00a0pr\u00e8s de Boulay<\/p>\n<p>Dany Boon a \u00e9t\u00e9 victime <a href=\"https:\/\/www.republicain-lorrain.fr\/faits-divers-justice\/2025\/05\/09\/dany-boon-victime-d-un-accident-sur-l-autoroute-a4\" target=\"_blank\" rel=\"noopener\">d\u2019un accident sur l\u2019autoroute A4 \u00e0 hauteur de Boulay<\/a>, alors qu\u2019il revenait d\u2019une journ\u00e9e \u00e0 Europa-Park. Transport\u00e9 \u00e0 l\u2019h\u00f4pital de Metz-Mercy pour des examens de contr\u00f4le, l&rsquo;acteur et humoriste souffrait de blessures qualifi\u00e9es de \u00ab\u00a0l\u00e9g\u00e8res\u00a0\u00bb. Un peu plus tard, il est tomb\u00e9\u00a0<a href=\"https:\/\/www.republicain-lorrain.fr\/insolite\/2025\/05\/12\/je-suis-dans-le-deni-apres-son-accident-sur-l-a4-dany-boon-reagit-avec-humour-a-sa-mort-annoncee-sur-internet\" target=\"_blank\" rel=\"noopener\">sur une vid\u00e9o sur internet annon\u00e7ant son d\u00e9c\u00e8s.<\/a>\u00a0Le Ch&rsquo;ti a tourn\u00e9 en d\u00e9rision cette fausse rumeur en publiant \u00e0 son tour une vid\u00e9o de r\u00e9action o\u00f9 il rassure <a href=\"https:\/\/www.republicain-lorrain.fr\/faits-divers-justice\/2025\/06\/03\/au-micro-de-rtl-dany-boon-revient-sur-son-accident-en-moselle\" target=\"_blank\" rel=\"noopener\">sur son \u00e9tat de sant\u00e9. <\/a><\/p>\n<p>    &#13;<br \/>\n    &#13;<br \/>\n    &#13;<br \/>\n    <a href=\"https:\/\/cdn-s-www.estrepublicain.fr\/images\/c8306b08-ced6-4719-bd99-3296b5f909d1\/NW_raw\/l-acteur-et-humoriste-dany-boon-sur-scene-a-ludres-avec-son-nouveau-spectacle-quot-clown-n-est-pas-un-metier-quot-photo-alexandre-marchi-1737066026.jpg\" title=\"L&#039;acteur et humoriste Dany Boon sur sc\u00e8ne \u00e0 Ludres avec son nouveau spectacle &quot;Clown n&#039;est pas un m\u00e9tier&quot;. Photo Alexandre Marchi\" class=\"chocolat-image GA-tracking\" data-ga_type=\"click\" data-ga_category=\"D\u00e9tail\" data-ga_action=\"zoomer\" data-ga_label=\"aggrandir image\" target=\"_blank\" rel=\"noopener\">&#13;<br \/>\n        <img src=\"https:\/\/www.europesays.com\/fr\/wp-content\/uploads\/2025\/12\/l-acteur-et-humoriste-dany-boon-sur-scene-a-ludres-avec-son-nouveau-spectacle-quot-clown-n-est-pas-u.jpeg\"   alt=\"L'acteur et humoriste Dany Boon sur sc\u00e8ne \u00e0 Ludres avec son nouveau spectacle &quot;Clown n'est pas un m\u00e9tier&quot;. Photo Alexandre Marchi\" fetchpriority=\"high\" decoding=\"async\" data-mobile=\"NW_listA_M|1737066026\" data-base=\"NW_listA|1743413192\"\/>&#13;<br \/>\n    <\/a>&#13;<\/p>\n<p>L&rsquo;acteur et humoriste Dany Boon sur sc\u00e8ne \u00e0 Ludres avec son nouveau spectacle \u00ab\u00a0Clown n&rsquo;est pas un m\u00e9tier\u00a0\u00bb. Photo Alexandre Marchi<\/p>\n<p>  18 mai : une femme de 75 ans menac\u00e9e d\u2019expulsion apr\u00e8s la vente inattendue de sa maison \u00e0 28\u00a0000 \u20ac<\/p>\n<p>\u00c0 Trondes pr\u00e8s de Toul, en Meurthe-et-Moselle, <a href=\"https:\/\/www.estrepublicain.fr\/societe\/2025\/05\/18\/une-retraitee-menacee-d-expulsion-apres-la-vente-inattendue-de-sa-maison-a-28-000\" target=\"_blank\" rel=\"noopener\">une septuag\u00e9naire a perdu son logement qu\u2019elle et son mari ont fait construire en 1986 !<\/a> En effet, sa maison, estim\u00e9e \u00e0 149 000 \u20ac, a \u00e9t\u00e9 vendue 28 000 \u20ac par un mandataire judiciaire, avec \u00e0 la clef une menace d\u2019expulsion pour cette retrait\u00e9e qui esp\u00e9rait y finir ses jours. Le bien a en effet fait l&rsquo;objet\u00a0d\u2019une liquidation judiciaire qui, de prime abord, para\u00eet surprenante.<\/p>\n<p>    &#13;<br \/>\n    &#13;<br \/>\n    &#13;<br \/>\n    <a href=\"https:\/\/cdn-s-www.estrepublicain.fr\/images\/ff8f1a48-0f8f-4b8b-81e9-616c1f852866\/NW_raw\/la-retraitee-a-ete-menacee-d-expulsion-apres-la-vente-inattendue-de-sa-maison-a-28-000-photo-didier-humbert-1764844766.jpg\" title=\"La retrait\u00e9e a \u00e9t\u00e9 menac\u00e9e d\u2019expulsion apr\u00e8s la vente inattendue de sa maison \u00e0 28 000 \u20ac. Photo Didier Humbert\" class=\"chocolat-image GA-tracking\" data-ga_type=\"click\" data-ga_category=\"D\u00e9tail\" data-ga_action=\"zoomer\" data-ga_label=\"aggrandir image\" target=\"_blank\" rel=\"noopener\">&#13;<br \/>\n        <img src=\"https:\/\/www.europesays.com\/fr\/wp-content\/uploads\/2025\/12\/la-retraitee-a-ete-menacee-d-expulsion-apres-la-vente-inattendue-de-sa-maison-a-28-000-photo-didier-.jpeg\"   alt=\"La retrait\u00e9e a \u00e9t\u00e9 menac\u00e9e d\u2019expulsion apr\u00e8s la vente inattendue de sa maison \u00e0 28 000 \u20ac. Photo Didier Humbert\" fetchpriority=\"high\" decoding=\"async\" data-mobile=\"NW_listA_M|1764844766\" data-base=\"NW_listA|1764844766\"\/>&#13;<br \/>\n    <\/a>&#13;<\/p>\n<p>La retrait\u00e9e a \u00e9t\u00e9 menac\u00e9e d\u2019expulsion apr\u00e8s la vente inattendue de sa maison \u00e0 28 000 \u20ac. Photo Didier Humbert<\/p>\n<p><a href=\"https:\/\/www.estrepublicain.fr\/societe\/2025\/06\/26\/une-cagnotte-en-ligne-lancee-pour-aider-chantal-une-habitante-du-toulois-agee-de-78-ans-menacee-d-expulsion\" target=\"_blank\" rel=\"noopener\">La septuag\u00e9naire a \u00e9t\u00e9 soutenue<\/a> dans son combat par le maire Daniel Felten et le d\u00e9put\u00e9 Dominique Potier, interpell\u00e9s par les conditions de la transaction qui ont men\u00e9 \u00e0 cette extr\u00e9mit\u00e9.\u00a0\u00ab\u00a0Cette affaire est peut-\u00eatre l\u00e9gale, mais totalement immorale\u00a0\u00bb, s\u2019insurgaient les \u00e9lus.<\/p>\n<p>  19 avril : une m\u00e8re de famille tu\u00e9e lors d&rsquo;un collision frontale \u00e0 Tomblaine, le chauffeur toujours en fuite<\/p>\n<p>Maman de deux petites filles, <a href=\"https:\/\/www.estrepublicain.fr\/faits-divers-justice\/2025\/04\/19\/une-jeune-femme-tuee-dans-une-collision-frontale-a-tomblaine\" target=\"_blank\" rel=\"noopener\">une jeune femme de 37 ans a \u00e9t\u00e9 tu\u00e9e sur le coup<\/a> lorsque sa voiture a \u00e9t\u00e9\u00a0percut\u00e9e par celle d\u2019un automobiliste au volant d&rsquo;un v\u00e9hicule vol\u00e9. Dans cette berline,\u00a0deux bless\u00e9s \u00e0 d\u00e9plorer, dont un qui a \u00e9t\u00e9 intercept\u00e9 alors qu\u2019il quittait les lieux. Le conducteur responsable de ce dramatique accident <a href=\"https:\/\/www.estrepublicain.fr\/faits-divers-justice\/2025\/04\/20\/collision-mortelle-pres-de-nancy-trainez-moi-plus-loin-la-voiture-va-exploser\" target=\"_blank\" rel=\"noopener\">a lui r\u00e9ussir \u00e0 s&rsquo;enfuir.<\/a>\u00a0Une vitesse bien au-dessus de la normale et le non-respect du feu rouge semble \u00e0 l&rsquo;origine du choc\u00a0d&rsquo;une rare violence.<\/p>\n<p>\u00ab\u00a0Il n\u2019y a pas de mots, pas de recette miracle pour annoncer cela \u00e0 ses enfants\u00a0\u00bb <a href=\"https:\/\/www.estrepublicain.fr\/faits-divers-justice\/2025\/08\/28\/mere-de-famille-tuee-par-un-chauffard-qu-il-se-rende-qu-il-assume\" target=\"_blank\" rel=\"noopener\">a t\u00e9moign\u00e9 quatre mois apr\u00e8s le p\u00e8re dans nos colonnes,<\/a> exhortant le chauffard \u00e0 se rendre.<\/p>\n<p>    &#13;<br \/>\n    &#13;<br \/>\n    &#13;<br \/>\n    <a href=\"https:\/\/cdn-s-www.estrepublicain.fr\/images\/5cdaa446-a160-4cae-8059-0c48bc729c39\/NW_raw\/le-choc-frontal-survenu-au-niveau-du-carrefour-du-chemin-du-bois-la-dame-a-tomblaine-a-ete-d-une-rare-violence-photo-alain-thiesse-1745132392.jpg\" title=\"Le choc frontal survenu au niveau du carrefour du Chemin du Bois la Dame \u00e0 Tomblaine, a \u00e9t\u00e9 d&#039;une rare violence Photo Alain Thiesse\" class=\"chocolat-image GA-tracking\" data-ga_type=\"click\" data-ga_category=\"D\u00e9tail\" data-ga_action=\"zoomer\" data-ga_label=\"aggrandir image\" target=\"_blank\" rel=\"noopener\">&#13;<br \/>\n        <img src=\"https:\/\/www.europesays.com\/fr\/wp-content\/uploads\/2025\/12\/le-choc-frontal-survenu-au-niveau-du-carrefour-du-chemin-du-bois-la-dame-a-tomblaine-a-ete-d-une-rar.jpeg\"   alt=\"Le choc frontal survenu au niveau du carrefour du Chemin du Bois la Dame \u00e0 Tomblaine, a \u00e9t\u00e9 d'une rare violence Photo Alain Thiesse\" fetchpriority=\"high\" decoding=\"async\" data-mobile=\"NW_listA_M|1745132392\" data-base=\"NW_listA|1745132392\"\/>&#13;<br \/>\n    <\/a>&#13;<\/p>\n<p>Le choc frontal survenu au niveau du carrefour du Chemin du Bois la Dame \u00e0 Tomblaine, a \u00e9t\u00e9 d&rsquo;une rare violence Photo Alain Thiesse<\/p>\n<p>  4 juin : deux morts dont un policier belge dans une course-poursuite qui vire au drame pr\u00e8s de Thionville<\/p>\n<p>Un tragique accident s&rsquo;est produit sur la D14 \u00e0 proximit\u00e9 d&rsquo;Angevillers, pr\u00e8s de Thionville. <a href=\"https:\/\/www.republicain-lorrain.fr\/faits-divers-justice\/2025\/06\/25\/deux-morts-dont-un-policier-belge-pres-de-thionville-l-emoi-des-deux-cotes-de-la-frontiere\" target=\"_blank\" rel=\"noopener\">Deux personnes sont mortes,<\/a> dont un policier belge et le fuyard qu&rsquo;il poursuivait.\u00a0Les deux victimes ont \u00e9t\u00e9 fauch\u00e9es sur cette route limit\u00e9e \u00e0 110 km\/h.\u00a0<\/p>\n<p><a href=\"https:\/\/www.republicain-lorrain.fr\/faits-divers-justice\/2025\/06\/25\/angevillers-la-course-poursuite-vire-au-drame-deux-morts-dont-un-policier-belge-sur-la-d14\" target=\"_blank\" rel=\"noopener\">Tout avait commenc\u00e9 de l&rsquo;autre c\u00f4t\u00e9 de la fronti\u00e8re,<\/a> sur l&rsquo;autoroute belge qui relie Bruxelles \u00e0 Luxembourg. Suspect\u00e9 de transporter des produits stup\u00e9fiants <a href=\"https:\/\/www.republicain-lorrain.fr\/faits-divers-justice\/2025\/05\/13\/vous-avez-pris-tous-les-risques-condamne-pour-refus-d-obtemperer-aggrave\" target=\"_blank\" rel=\"noopener\">et refusant d&rsquo;obtemp\u00e9rer<\/a>, un automobiliste avait \u00e9t\u00e9 pris en chasse jusqu&rsquo;\u00e0 Thionville et la c\u00f4te du Saint-Michel par\u00a0deux\u00a0voitures de police belges. Percut\u00e9 par une autre voiture de police,\u00a0<a href=\"https:\/\/www.republicain-lorrain.fr\/faits-divers-justice\/2025\/06\/26\/deux-morts-dont-un-policier-belge-en-moselle-le-garde-a-vue-nie-le-trafic-de-drogue\" target=\"_blank\" rel=\"noopener\">les deux occupants<\/a> avaient pris la fuite \u00e0 pied, pris en chasse par le policier&#8230;<\/p>\n<p>    &#13;<br \/>\n    &#13;<br \/>\n    &#13;<br \/>\n    <a href=\"https:\/\/cdn-s-www.estrepublicain.fr\/images\/f3969ad3-a8a5-4d49-b5ca-6575c0809c32\/NW_raw\/l-accident-a-eu-lieu-sur-la-d14-a-hauteur-d-angevillers-sur-cette-route-qui-relie-l-a30-a-thionville-photo-armand-flohr-1764859085.jpg\" title=\"L&#039;accident a eu lieu sur la D14, \u00e0 hauteur d&#039;Angevillers, sur cette route qui relie l&#039;A30 \u00e0 Thionville. Photo Armand\u00a0Flohr\" class=\"chocolat-image GA-tracking\" data-ga_type=\"click\" data-ga_category=\"D\u00e9tail\" data-ga_action=\"zoomer\" data-ga_label=\"aggrandir image\" target=\"_blank\" rel=\"noopener\">&#13;<br \/>\n        <img src=\"https:\/\/www.europesays.com\/fr\/wp-content\/uploads\/2025\/12\/l-accident-a-eu-lieu-sur-la-d14-a-hauteur-d-angevillers-sur-cette-route-qui-relie-l-a30-a-thionville.jpeg\"   alt=\"L'accident a eu lieu sur la D14, \u00e0 hauteur d'Angevillers, sur cette route qui relie l'A30 \u00e0 Thionville. Photo Armand\u00a0Flohr\" fetchpriority=\"high\" decoding=\"async\" data-mobile=\"NW_listA_M|1764859085\" data-base=\"NW_listA|1764859085\"\/>&#13;<br \/>\n    <\/a>&#13;<\/p>\n<p>L&rsquo;accident a eu lieu sur la D14, \u00e0 hauteur d&rsquo;Angevillers, sur cette route qui relie l&rsquo;A30 \u00e0 Thionville. Photo Armand\u00a0Flohr<\/p>\n<p>  7 juillet : les agriculteurs sortent les tonnes \u00e0 lisier pour d\u00e9loger\u00a0400 caravanes install\u00e9es ill\u00e9galement et\u00a0font la Une des tablo\u00efds anglais<\/p>\n<p>L\u2019installation ill\u00e9gale d\u2019environ 200 caravanes <a href=\"https:\/\/www.vosgesmatin.fr\/faits-divers-justice\/2025\/07\/07\/400-caravanes-installees-illegalement-a-granges-autmonzey-et-au-syndicat-les-agriculteurs-sortent-les-tonnes-a-lisier\" target=\"_blank\" rel=\"noopener\">a provoqu\u00e9 de vives tensions au Syndicat, dans les Vosges. <\/a>Des agriculteurs ont tent\u00e9 de faire \u00e9vacuer le terrain en \u00e9pandant du lisier, tandis que les gens du voyage formaient une barri\u00e8re humaine pour prot\u00e9ger leurs biens. \u00c0 Granges-Autmonzey, le maire, aussi \u00e0 bout, a demand\u00e9 l\u2019expulsion de 200 autres caravanes install\u00e9es ill\u00e9galement sur sa commune.<\/p>\n<p>Leur action a connu une notori\u00e9t\u00e9 inattendue outre Manche en faisant <a href=\"https:\/\/www.vosgesmatin.fr\/economie\/2025\/08\/08\/des-agriculteurs-vosgiens-font-la-une-des-tabloids-anglais-apres-avoir-epandu-du-lisier-pour-deloger-des-gens-du-voyage\" target=\"_blank\" rel=\"noopener\">la Une de la presse quotidienne anglaise. <\/a>Un journaliste londonien a m\u00eame fait le d\u00e9placement jusque chez l\u2019un des agriculteurs.<\/p>\n<p>    &#13;<br \/>\n    &#13;<br \/>\n    &#13;<br \/>\n    <a href=\"https:\/\/cdn-s-www.estrepublicain.fr\/images\/e1799e91-466d-42a7-8784-563f5a3a6d5c\/NW_raw\/des-agriculteurs-sont-venus-epandre-du-lisier-au-syndicat-pour-forcer-les-gens-du-voyage-a-partir-photo-dr-1764862459.jpg\" title=\"Des agriculteurs sont venus \u00e9pandre du lisier au Syndicat pour forcer les gens du voyage \u00e0 partir.\u00a0Photo DR\" class=\"chocolat-image GA-tracking\" data-ga_type=\"click\" data-ga_category=\"D\u00e9tail\" data-ga_action=\"zoomer\" data-ga_label=\"aggrandir image\" target=\"_blank\" rel=\"noopener\">&#13;<br \/>\n        <img src=\"https:\/\/www.europesays.com\/fr\/wp-content\/uploads\/2025\/12\/des-agriculteurs-sont-venus-epandre-du-lisier-au-syndicat-pour-forcer-les-gens-du-voyage-a-partir-ph.jpeg\"   alt=\"Des agriculteurs sont venus \u00e9pandre du lisier au Syndicat pour forcer les gens du voyage \u00e0 partir.\u00a0Photo DR\" fetchpriority=\"high\" decoding=\"async\" data-mobile=\"NW_listA_M|1764862459\" data-base=\"NW_listA|1764862459\"\/>&#13;<br \/>\n    <\/a>&#13;<\/p>\n<p>Des agriculteurs sont venus \u00e9pandre du lisier au Syndicat pour forcer les gens du voyage \u00e0 partir.\u00a0Photo DR<\/p>\n<p>  19 juillet \u00a0: deux alpinistes vosgiens, un p\u00e8re et sa fille, d\u00e9c\u00e8dent dans le massif du Mont-Blanc<\/p>\n<p>Ils ont \u00e9t\u00e9 emport\u00e9s alors qu\u2019ils pratiquaient leur passion. <a href=\"https:\/\/www.estrepublicain.fr\/faits-divers-justice\/2025\/12\/28\/Ils ont \u00e9t\u00e9 emport\u00e9s par le Mont-Blanc alors qu\u2019ils pratiquaient leur\" target=\"_blank\" rel=\"noopener\">Deux alpinistes, un p\u00e8re et sa fille, ont trouv\u00e9 la mort dans le massif du Mont-Blanc <\/a>alors qu\u2019ils gravissaient l\u2019aiguille de Bionnassay, un sommet qui culmine \u00e0 plus de 4.000 m\u00e8tres d\u2019altitude. <a href=\"https:\/\/www.vosgesmatin.fr\/faits-divers-justice\/2025\/07\/21\/deux-alpinistes-vosgiens-decedent-dans-le-massif-du-mont-blanc\" target=\"_blank\" rel=\"noopener\">L\u2019accident endeuille une famille vosgienne.<\/a> Pierre et Elia Poirot, f\u00e9rus de sports et de voyages, \u00e9taient originaires d\u2019\u00c9tival-Clairefontaine.<\/p>\n<p>    &#13;<br \/>\n    &#13;<br \/>\n    &#13;<br \/>\n    <a href=\"https:\/\/cdn-s-www.estrepublicain.fr\/images\/0662ca4b-8e86-45a3-a359-c2587bfa9cbf\/NW_raw\/pierre-et-elia-poirot-originaire-d-etival-clairefontaine-sont-decedes-lors-d-une-course-d-alpinisme-dans-le-massif-du-mont-blanc-photo-dr-1764862057.jpg\" title=\"Pierre et Elia Poirot, originaire d\u2019\u00c9tival-Clairefontaine, sont d\u00e9c\u00e9d\u00e9s lors d\u2019une course d\u2019alpinisme dans le massif du Mont-Blanc.\u00a0 Photo DR\" class=\"chocolat-image GA-tracking\" data-ga_type=\"click\" data-ga_category=\"D\u00e9tail\" data-ga_action=\"zoomer\" data-ga_label=\"aggrandir image\" target=\"_blank\" rel=\"noopener\">&#13;<br \/>\n        <img src=\"https:\/\/www.europesays.com\/fr\/wp-content\/uploads\/2025\/12\/pierre-et-elia-poirot-originaire-d-etival-clairefontaine-sont-decedes-lors-d-une-course-d-alpinisme-.jpeg\"   alt=\"Pierre et Elia Poirot, originaire d\u2019\u00c9tival-Clairefontaine, sont d\u00e9c\u00e9d\u00e9s lors d\u2019une course d\u2019alpinisme dans le massif du Mont-Blanc.\u00a0 Photo DR\" fetchpriority=\"high\" decoding=\"async\" data-mobile=\"NW_listA_M|1764862057\" data-base=\"NW_listA|1764862057\"\/>&#13;<br \/>\n    <\/a>&#13;<\/p>\n<p>Pierre et Elia Poirot, originaire d\u2019\u00c9tival-Clairefontaine, sont d\u00e9c\u00e9d\u00e9s lors d\u2019une course d\u2019alpinisme dans le massif du Mont-Blanc.\u00a0 Photo DR<\/p>\n<p>  16 ao\u00fbt \u00a0: 3\u00a0morts et 2 bless\u00e9s en urgence absolue dans une collision pr\u00e8s d&rsquo;Epinal<\/p>\n<p>De m\u00e9moire de Vosgien, l\u2019accident est l\u2019un <a href=\"https:\/\/www.vosgesmatin.fr\/faits-divers-justice\/2025\/08\/18\/accident-mortel-d-uxegney-en-2000-et-2003-deja-quatre-morts-dans-deux-accidents-sur-la-rd166\" target=\"_blank\" rel=\"noopener\">des pires que le d\u00e9partement ait connus.<\/a> Trois v\u00e9hicules qui circulaient sur la RD 166, \u00e0 hauteur d\u2019Uxegney, pr\u00e8s d&rsquo;Epinal, <a href=\"https:\/\/www.vosgesmatin.fr\/faits-divers-justice\/2025\/08\/16\/trois-morts-et-plusieurs-blesses-dans-une-collision-sur-la-rd-166-a-hauteur-d-uxegney\" target=\"_blank\" rel=\"noopener\">sont entr\u00e9s en collision.<\/a> La Volkswagen Polo, en provenance de Mirecourt, serait venue percuter frontalement une Nissan Qashqai qui arrivait en sens inverse depuis \u00c9pinal.\u00a0<\/p>\n<p>Le conducteur de la Polo, n\u00e9 en 1958 et sa passag\u00e8re avant, n\u00e9e en 1972, d\u00e9c\u00e8dent sur le coup.\u00a0\u00c0 l\u2019arri\u00e8re du v\u00e9hicule, une jeune femme de 25 ans est la seule survivante.\u00a0Dans la voiture qui arrivait en face se trouvaient trois Vosgiennes, n\u00e9es en 1983. L&rsquo;une d&rsquo;elles\u00a0a \u00e9t\u00e9 d\u00e9clar\u00e9e d\u00e9c\u00e9d\u00e9e sur place. Les trois bless\u00e9es graves ont finalement eu la vie sauve apr\u00e8s leur prise en charge \u00e0 l&rsquo;h\u00f4pital.<\/p>\n<ul class=\"galerieContent carousel-wrapper__slides\" id=\"b2432d74-883b-4f35-b2d2-7fae3c6047c6\">        &#13;<\/p>\n<li class=\"carousel-wrapper__slides--slide item\" id=\"slide-1\">&#13;<br \/>\n                                    &#13;<br \/>\n                        <a class=\"chocolat-image GA-tracking\" data-ga_type=\"click\" data-ga_category=\"D\u00e9tail\" data-ga_action=\"zoomer\" data-ga_label=\"aggrandir image\" href=\"https:\/\/cdn-s-www.estrepublicain.fr\/images\/c020377f-eac0-416f-9d05-822e854a1c1d\/NW_raw\/accident-mortel-sur-la-rd-166-photo-eric-thiebaut-1755368706.jpg\" title=\"Accident mortel sur la RD 166. Photo Eric Thiebaut\" target=\"_blank\" rel=\"noopener\">&#13;<br \/>\n                            <img decoding=\"async\" src=\"https:\/\/www.europesays.com\/fr\/wp-content\/uploads\/2025\/12\/accident-mortel-sur-la-rd-166-photo-eric-thiebaut-1755368706.jpg\"   alt=\"Accident mortel sur la RD 166. Photo Eric Thiebaut\" fetchpriority=\"high\" data-mobile=\"NW_listA_M|1755368706\" data-base=\"NW_listA|1755368706\"\/>&#13;<br \/>\n                        <\/a>&#13;<\/p>\n<p>Accident mortel sur la RD 166. Photo Eric Thiebaut<\/p>\n<p>                        &#13;<br \/>\n                                           &#13;\n                <\/li>\n<p>&#13;<br \/>\n            &#13;<\/p>\n<li class=\"carousel-wrapper__slides--slide item slideWithPub\" id=\"slide-2\">&#13;<br \/>\n                        &#13;<br \/>\n                            <a class=\"chocolat-image\" title=\"Publicit\u00e9\" href=\"data:image\/gif;base64,R0lGODlhAQABAAD\/ACwAAAAAAQABAAACADs=\">&#13;<br \/>\n                                <img decoding=\"async\" src=\"data:image\/gif;base64,R0lGODlhAQABAAD\/ACwAAAAAAQABAAACADs=\" alt=\"Publicit\u00e9\" loading=\"lazy\" fetchpriority=\"low\"\/>&#13;<br \/>\n                            <\/a>&#13;<br \/>\n                        &#13;\n                    <\/li>\n<p>&#13;<\/p>\n<li class=\"carousel-wrapper__slides--slide item\" id=\"slide-3\">&#13;<br \/>\n                                    &#13;<br \/>\n                        <a class=\"chocolat-image GA-tracking\" data-ga_type=\"click\" data-ga_category=\"D\u00e9tail\" data-ga_action=\"zoomer\" data-ga_label=\"aggrandir image\" href=\"https:\/\/cdn-s-www.estrepublicain.fr\/images\/1007d141-5927-4f14-8aca-a2d303c433b1\/NW_raw\/accident-mortel-sur-la-rd-166-photo-eric-thiebaut-1755368490.jpg\" title=\"Accident mortel sur la RD 166. Photo Eric Thiebaut\" target=\"_blank\" rel=\"noopener\">&#13;<br \/>\n                            <img decoding=\"async\" src=\"https:\/\/www.europesays.com\/fr\/wp-content\/uploads\/2025\/12\/accident-mortel-sur-la-rd-166-photo-eric-thiebaut-1755368490.jpg\"   alt=\"Accident mortel sur la RD 166. Photo Eric Thiebaut\" loading=\"lazy\" fetchpriority=\"low\" data-mobile=\"NW_listA_M|1755368490\" data-base=\"NW_listA|1755368490\"\/>&#13;<br \/>\n                        <\/a>&#13;<\/p>\n<p>Accident mortel sur la RD 166. Photo Eric Thiebaut<\/p>\n<p>                        &#13;<br \/>\n                                           &#13;\n                <\/li>\n<p>&#13;<br \/>\n            &#13;\n                <\/ul>\n<p>  4 octobre :\u00a0un gendarme de Longeville-l\u00e8s-Saint-Avold meurt en mission \u00e0 Tahiti<\/p>\n<p>L\u2019escadron de gendarmerie mobile de Longeville-l\u00e8s-Saint-Avold en deuil.\u00a0<a href=\"https:\/\/www.republicain-lorrain.fr\/faits-divers-justice\/2025\/10\/14\/on-aimait-son-franc-parler-un-gendarme-de-longeville-les-saint-avold-meurt-en-mission-a-tahiti\" target=\"_blank\" rel=\"noopener\">Le gendarme Denis Boyer est d\u00e9c\u00e9d\u00e9 le 4 octobre \u00e0 l\u2019\u00e2ge de 35 ans, en mission en Polyn\u00e9sie fran\u00e7aise.<\/a> Il a \u00e9t\u00e9 retrouv\u00e9 mort dans sa chambre, dans la commune de Faa\u2019a sur l\u2019\u00eele de Tahiti, d\u2019un infarctus. P\u00e8re de trois enfants,\u00a0il avait int\u00e9gr\u00e9 l\u2019escadron de gendarmerie mobile 14\/7 de Longeville-l\u00e8s-Saint-Avold en 2021.<\/p>\n<p>                                            <img class=\"placeholder-svg\" loading=\"lazy\" decoding=\"async\" src=\"https:\/\/cdn-files.prsmedia.fr\/files\/REDAC\/images\/svg\/placeholders\/digiteka.svg\" alt=\"Digiteka PlaceHolder\"\/><\/p>\n<p>  24 octobre : Jacqueline Jacob,\u00a0la grand-tante de Gr\u00e9gory Villemin,\u00a0mise en examen<\/p>\n<p>Plus de 41 ans apr\u00e8s l\u2019assassinat de Gr\u00e9gory Villemin, sa grand-tante Jacqueline Jacob, 81 ans, a \u00e9t\u00e9 entendue \u00e0 Dijon et\u00a0 <a href=\"https:\/\/www.vosgesmatin.fr\/faits-divers-justice\/2025\/10\/24\/affaire-gregory-jacqueline-jacob-est-mise-en-examen-ses-avocats-annoncent-faire-appel\" target=\"_blank\" rel=\"noopener\">mise en examen pour \u00ab association de malfaiteurs criminelle \u00bb.<\/a>\u00a0Elle a r\u00e9pondu durant <a href=\"https:\/\/www.vosgesmatin.fr\/politique\/2025\/10\/24\/affaire-gregory-l-arrivee-de-jacqueline-et-marcel-jacob-a-la-cour-d-appel-de-dijon-en-images\" target=\"_blank\" rel=\"noopener\">plus d&rsquo;une heure et demie \u00e0 un interrogatoire<\/a> dans le bureau du pr\u00e9sident Brault,\u00a0d\u00e9mentant toute implication dans l&rsquo;assassinat du gar\u00e7onnet retrouv\u00e9 mort\u00a0le 16 octobre 1984 dans la Vologne.\u00a0<\/p>\n<p>                                            <img class=\"placeholder-svg\" loading=\"lazy\" decoding=\"async\" src=\"https:\/\/cdn-files.prsmedia.fr\/files\/REDAC\/images\/svg\/placeholders\/digiteka.svg\" alt=\"Digiteka PlaceHolder\"\/><\/p>\n<p>La femme de 81 ans est soup\u00e7onn\u00e9e d&rsquo;\u00eatre le \u00ab corbeau \u00bb qui a revendiqu\u00e9 l&rsquo;assassinat du petit Gr\u00e9gory Villemin, retrouv\u00e9 noy\u00e9 pieds et mains li\u00e9s.\u00a0<a href=\"https:\/\/www.vosgesmatin.fr\/faits-divers-justice\/2025\/10\/29\/je-ne-suis-jamais-sortie-de-l-usine-ce-qu-a-declare-jacqueline-jacob-devant-le-juge\" target=\"_blank\" rel=\"noopener\">Elle a ni\u00e9 toute implication :<\/a> \u00ab\u00a0Je n&rsquo;ai jamais \u00e9crit de lettre, je n&rsquo;ai jamais t\u00e9l\u00e9phon\u00e9. Jamais, \u00e0 personne. \u00bb<\/p>\n<p>  8 novembre : deux morts et deux bless\u00e9s graves dans un accident \u00e0 Nancy<\/p>\n<p>L&rsquo;accident a suscit\u00e9 un fort \u00e9moi en plein centre de Nancy. En pleine nuit,\u00a0un jeune conducteur de 19 ans a perdu le contr\u00f4le de son v\u00e9hicule <a href=\"https:\/\/www.estrepublicain.fr\/faits-divers-justice\/2025\/11\/08\/deux-morts-dans-un-grave-accident-au-bas-de-l-avenue-de-boufflers-a-nancy\" target=\"_blank\" rel=\"noopener\">qui a fini sa route contre la fa\u00e7ade d\u2019un immeuble, en bas de l&rsquo;avenue de Boufflers.<\/a> Les deux passagers arri\u00e8re,\u00a0dont un avait une vingtaine d\u2019ann\u00e9es, sont d\u00e9c\u00e9d\u00e9s sur le coup.\u00a0Polytraumatis\u00e9, le passager avant \u00e2g\u00e9 de 19 ans a \u00e9t\u00e9\u00a0op\u00e9r\u00e9 en urgence. <a href=\"https:\/\/www.estrepublicain.fr\/faits-divers-justice\/2025\/11\/16\/deux-morts-dans-un-accident-il-conduisait-en-etat-d-ebriete\" target=\"_blank\" rel=\"noopener\">En \u00e9tat d\u2019\u00e9bri\u00e9t\u00e9, le conducteur, a lui \u00e9t\u00e9 \u00e9crou\u00e9.<\/a> Une vitesse excessive et <a href=\"https:\/\/www.estrepublicain.fr\/faits-divers-justice\/2025\/11\/27\/accident-mortel-apres-11-jours-de-detention-provisoire-il-demande-sa-mise-en-liberte\" target=\"_blank\" rel=\"noopener\">la consommation de protoxyde d\u2019azote<\/a> pourraient \u00e9galement \u00eatre \u00e0 l&rsquo;origine du drame.<\/p>\n<ul class=\"galerieContent carousel-wrapper__slides\" id=\"089cf9b7-5ce6-40c8-bc57-fa690d227842\">        &#13;<\/p>\n<li class=\"carousel-wrapper__slides--slide item\" id=\"slide-1\">&#13;<br \/>\n                                    &#13;<br \/>\n                        <a class=\"chocolat-image GA-tracking\" data-ga_type=\"click\" data-ga_category=\"D\u00e9tail\" data-ga_action=\"zoomer\" data-ga_label=\"aggrandir image\" href=\"https:\/\/cdn-s-www.estrepublicain.fr\/images\/d85c5e35-5a26-4442-86ce-7e6d287f21c1\/NW_raw\/l-accident-s-est-produit-a-l-intersection-de-la-rue-poincare-et-de-l-avenue-de-boufflers-photo-anthony-guille-1762633015.jpg\" title=\"L&#039;accident s&#039;est produit \u00e0 l&#039;intersection de la rue Poincar\u00e9 et de l&#039;avenue de Boufflers. Photo Anthony Guille\" target=\"_blank\" rel=\"noopener\">&#13;<br \/>\n                            <img decoding=\"async\" src=\"https:\/\/www.europesays.com\/fr\/wp-content\/uploads\/2025\/12\/l-accident-s-est-produit-a-l-intersection-de-la-rue-poincare-et-de-l-avenue-de-boufflers-photo-antho.jpeg\"   alt=\"L'accident s'est produit \u00e0 l'intersection de la rue Poincar\u00e9 et de l'avenue de Boufflers. Photo Anthony Guille\" fetchpriority=\"high\" data-mobile=\"NW_listA_M|1762633015\" data-base=\"NW_listA|1762633015\"\/>&#13;<br \/>\n                        <\/a>&#13;<\/p>\n<p>L&rsquo;accident s&rsquo;est produit \u00e0 l&rsquo;intersection de la rue Poincar\u00e9 et de l&rsquo;avenue de Boufflers. Photo Anthony Guille<\/p>\n<p>                        &#13;<br \/>\n                                           &#13;\n                <\/li>\n<p>&#13;<br \/>\n            &#13;<\/p>\n<li class=\"carousel-wrapper__slides--slide item slideWithPub\" id=\"slide-2\">&#13;<br \/>\n                        &#13;<br \/>\n                            <a class=\"chocolat-image\" title=\"Publicit\u00e9\" href=\"data:image\/gif;base64,R0lGODlhAQABAAD\/ACwAAAAAAQABAAACADs=\">&#13;<br \/>\n                                <img decoding=\"async\" src=\"data:image\/gif;base64,R0lGODlhAQABAAD\/ACwAAAAAAQABAAACADs=\" alt=\"Publicit\u00e9\" loading=\"lazy\" fetchpriority=\"low\"\/>&#13;<br \/>\n                            <\/a>&#13;<br \/>\n                        &#13;\n                    <\/li>\n<p>&#13;<\/p>\n<li class=\"carousel-wrapper__slides--slide item\" id=\"slide-3\">&#13;<br \/>\n                                    &#13;<br \/>\n                        <a class=\"chocolat-image GA-tracking\" data-ga_type=\"click\" data-ga_category=\"D\u00e9tail\" data-ga_action=\"zoomer\" data-ga_label=\"aggrandir image\" href=\"https:\/\/cdn-s-www.estrepublicain.fr\/images\/0ae79ce0-31b4-413e-a7c3-de30e93b84e6\/NW_raw\/des-bouquets-des-roses-blanches-et-des-mots-de-soutiens-ont-ete-deposes-au-carrefour-de-l-avenue-de-boufflers-et-de-la-rue-raymond-poincare-transforme-en-lieu-de-recueillement-apres-le-tragique-accident-photo-severine-kichenbrand-1764846799.jpg\" title=\"Des bouquets, des roses blanches et des mots de soutiens ont \u00e9t\u00e9 d\u00e9pos\u00e9s au carrefour de l\u2019avenue de Boufflers et de la rue Raymond Poincar\u00e9, transform\u00e9 en lieu de recueillement apr\u00e8s le tragique accident. Photo S\u00e9verine Kichenbrand\" target=\"_blank\" rel=\"noopener\">&#13;<br \/>\n                            <img decoding=\"async\" src=\"https:\/\/www.europesays.com\/fr\/wp-content\/uploads\/2025\/12\/des-bouquets-des-roses-blanches-et-des-mots-de-soutiens-ont-ete-deposes-au-carrefour-de-l-avenue-de-.jpeg\"   alt=\"Des bouquets, des roses blanches et des mots de soutiens ont \u00e9t\u00e9 d\u00e9pos\u00e9s au carrefour de l\u2019avenue de Boufflers et de la rue Raymond Poincar\u00e9, transform\u00e9 en lieu de recueillement apr\u00e8s le tragique accident. Photo S\u00e9verine Kichenbrand\" loading=\"lazy\" fetchpriority=\"low\" data-mobile=\"NW_listA_M|1764846799\" data-base=\"NW_listA|1764846799\"\/>&#13;<br \/>\n                        <\/a>&#13;<\/p>\n<p>Des bouquets, des roses blanches et des mots de soutiens ont \u00e9t\u00e9 d\u00e9pos\u00e9s au carrefour de l\u2019avenue de Boufflers et de la rue Raymond Poincar\u00e9, transform\u00e9 en lieu de recueillement apr\u00e8s le tragique accident. Photo S\u00e9verine Kichenbrand<\/p>\n<p>                        &#13;<br \/>\n                                           &#13;\n                <\/li>\n<p>&#13;<br \/>\n            &#13;\n                <\/ul>\n<p>  20 novembre : un \u00e9tudiant de la fac de m\u00e9decine retrouv\u00e9 sur le bord de l&rsquo;A33, un sac sur la t\u00eate<\/p>\n<p>Peu avant 8 h le jeudi 20 novembre, un chauffeur routier remarque\u00a0une forme sur le bas-c\u00f4t\u00e9 de la chauss\u00e9e.\u00a0<a href=\"https:\/\/www.estrepublicain.fr\/faits-divers-justice\/2025\/11\/20\/circulation-perturbee-sur-l-a33-apres-la-decouverte-d-un-homme-en-arret-cardiaque-sur-le-bord-de-l-autoroute\" target=\"_blank\" rel=\"noopener\">Le conducteur donne l&rsquo;alerte<\/a> et les secours arrivent rapidement sur place. L&rsquo;enqu\u00eate d\u00e9terminera qu&rsquo;il s&rsquo;agit d&rsquo;un \u00e9tudiant de 19 ans\u00a0en deuxi\u00e8me ann\u00e9e de m\u00e9decine qui\u00a0r\u00e9sidait \u00e0 proximit\u00e9 et rentrait <a href=\"https:\/\/www.estrepublicain.fr\/education\/2025\/11\/29\/mort-d-un-etudiant-la-reaction-du-doyen-de-la-fac-de-medecine\" target=\"_blank\" rel=\"noopener\">dans la nuit d\u2019une soir\u00e9e \u00e9tudiante alcoolis\u00e9e, \u00e0 pied. <\/a><\/p>\n<p>    &#13;<br \/>\n    &#13;<br \/>\n    &#13;<br \/>\n    <a href=\"https:\/\/cdn-s-www.estrepublicain.fr\/images\/cc701daa-dd2f-410f-804f-8c2e3d2bc2da\/NW_raw\/dans-la-nuit-du-19-au-20-novembre-un-etudiant-de-la-faculte-de-medecine-aurait-ete-percute-mortellment-par-un-vehicule-sur-l-autoroute-a33-au-niveau-du-pont-en-haut-du-grand-canyon-dans-le-sens-luneville-nancy-photo-yannick-vernini-1764178360.jpg\" title=\"Dans la nuit du 19 au 20 novembre, un \u00e9tudiant de la facult\u00e9 de m\u00e9decine aurait \u00e9t\u00e9 percut\u00e9 mortellment par un v\u00e9hicule sur l&#039;autoroute A33, au niveau du pont, en haut du Grand Canyon, dans le sens Lun\u00e9ville-Nancy. Photo Yannick Vernini\" class=\"chocolat-image GA-tracking\" data-ga_type=\"click\" data-ga_category=\"D\u00e9tail\" data-ga_action=\"zoomer\" data-ga_label=\"aggrandir image\" target=\"_blank\" rel=\"noopener\">&#13;<br \/>\n        <img src=\"https:\/\/www.europesays.com\/fr\/wp-content\/uploads\/2025\/12\/dans-la-nuit-du-19-au-20-novembre-un-etudiant-de-la-faculte-de-medecine-aurait-ete-percute-mortellme.jpeg\"   alt=\"Dans la nuit du 19 au 20 novembre, un \u00e9tudiant de la facult\u00e9 de m\u00e9decine aurait \u00e9t\u00e9 percut\u00e9 mortellment par un v\u00e9hicule sur l'autoroute A33, au niveau du pont, en haut du Grand Canyon, dans le sens Lun\u00e9ville-Nancy. Photo Yannick Vernini\" fetchpriority=\"high\" decoding=\"async\" data-mobile=\"NW_listA_M|1764178360\" data-base=\"NW_listA|1764178360\"\/>&#13;<br \/>\n    <\/a>&#13;<\/p>\n<p>Dans la nuit du 19 au 20 novembre, un \u00e9tudiant de la facult\u00e9 de m\u00e9decine aurait \u00e9t\u00e9 percut\u00e9 mortellment par un v\u00e9hicule sur l&rsquo;autoroute A33, au niveau du pont, en haut du Grand Canyon, dans le sens Lun\u00e9ville-Nancy. Photo Yannick Vernini<\/p>\n<p><a href=\"https:\/\/www.estrepublicain.fr\/faits-divers-justice\/2025\/11\/21\/decede-au-bord-de-l-a33-une-autopsie-attendue\" target=\"_blank\" rel=\"noopener\">Un sac en plastique a \u00e9t\u00e9 retrouv\u00e9 sur sa t\u00eate,<\/a> sans aucun lien de serrage.\u00a0L\u2019autopsie a confirm\u00e9 que <a href=\"https:\/\/www.estrepublicain.fr\/faits-divers-justice\/2025\/11\/24\/etudiant-retrouve-mort-le-long-de-l-a33-un-accident-mortel-de-la-circulation-ce-que-revele-l-autopsie\" target=\"_blank\" rel=\"noopener\">c\u2019est bien un v\u00e9hicule qui a heurt\u00e9 l\u2019\u00e9tudiant et l\u2019a tu\u00e9.<\/a> Mais\u00a0de nombreuses questions en suspens. Qui est le conducteur ? Et bien s\u00fbr, comment l&rsquo;\u00e9tudiant s\u2019est-il retrouv\u00e9 \u00e0 pied le long de l\u2019autoroute ?<\/p>\n<p>  29 novembre : dans le Pays-Haut, un homme arm\u00e9 d\u2019une grenade menace de \u00ab\u00a0se faire sauter\u00a0\u00bb avec les policiers<\/p>\n<p>Aucun policier n\u2019est bless\u00e9, mais tous ont pris conscience <a href=\"https:\/\/www.republicain-lorrain.fr\/faits-divers-justice\/2025\/11\/30\/un-suicidaire-arme-d-une-grenade-maitrise-in-extremis-par-les-policiers-de-conflans-et-briey\" target=\"_blank\" rel=\"noopener\">que la soir\u00e9e aurait pu virer au drame. <\/a>Au total, une dizaine de policiers de Conflans et Briey ont \u00e9t\u00e9 mobilis\u00e9s face \u00e0 une grenade Mk II d\u00e9goupill\u00e9e.\u00a0Un homme de 25 ans, se disant\u00a0accabl\u00e9 depuis la saisie de son v\u00e9hicule trois jours plus t\u00f4t, <a href=\"https:\/\/www.republicain-lorrain.fr\/faits-divers-justice\/2025\/12\/01\/il-n-avait-rien-d-un-forcene-une-temoin-raconte-sa-rencontre-avec-l-homme-a-la-grenade-peu-avant-son-interpellation\" target=\"_blank\" rel=\"noopener\">\u00e9tait d\u00e9termin\u00e9 \u00e0 se suicider avec cette grenade militaire.<\/a><\/p>\n<p>Apr\u00e8s un long moment de n\u00e9gociaition, <a href=\"https:\/\/www.republicain-lorrain.fr\/faits-divers-justice\/2025\/12\/01\/menace-a-la-grenade-a-conflans-en-jarnisy-je-ne-voulais-faire-de-mal-a-personne\" target=\"_blank\" rel=\"noopener\">et alors qu&rsquo;il menacait de \u00ab tout faire p\u00e9ter \u00bb<\/a>, il a\u00a0d\u00e9goupill\u00e9 la grenade. A l&rsquo;aide d&rsquo;un pistolet \u00e0 impulsion \u00e9lectrique, un policier a r\u00e9ussi \u00e0 l&rsquo;attraper in extremis,\u00a0<a href=\"https:\/\/www.republicain-lorrain.fr\/faits-divers-justice\/2025\/12\/04\/on-n-est-pas-sur-de-la-trouver-pour-detruire-la-grenade-les-demineurs-plongeront-dans-l-orne\" target=\"_blank\" rel=\"noopener\">puis son coll\u00e8gue l&rsquo;a jet\u00e9 dans l\u2019Orne.<\/a> Aucune victime, mais une op\u00e9ration d\u2019une rare intensit\u00e9 salu\u00e9e pour le sang-froid des policiers.<\/p>\n<p>    &#13;<br \/>\n    &#13;<br \/>\n    &#13;<br \/>\n    <a href=\"https:\/\/cdn-s-www.estrepublicain.fr\/images\/fe1d5287-ef9b-4d94-9ca2-4a72b7447978\/NW_raw\/un-forcene-menacait-de-se-suicider-et-de-tuer-les-policiers-avec-une-grenade-mk-ii-a-conflans-en-jarnisy-photo-louise-guyonnet-1764949210.jpg\" title=\"Un forcen\u00e9 mena\u00e7ait de se suicider et de tuer les policiers avec une grenade Mk II \u00e0 Conflans-en-Jarnisy.\u00a0 Photo Louise Guyonnet\" class=\"chocolat-image GA-tracking\" data-ga_type=\"click\" data-ga_category=\"D\u00e9tail\" data-ga_action=\"zoomer\" data-ga_label=\"aggrandir image\" target=\"_blank\" rel=\"noopener\">&#13;<br \/>\n        <img src=\"https:\/\/www.europesays.com\/fr\/wp-content\/uploads\/2025\/12\/un-forcene-menacait-de-se-suicider-et-de-tuer-les-policiers-avec-une-grenade-mk-ii-a-conflans-en-jar.jpeg\"   alt=\"Un forcen\u00e9 mena\u00e7ait de se suicider et de tuer les policiers avec une grenade Mk II \u00e0 Conflans-en-Jarnisy.\u00a0 Photo Louise Guyonnet\" fetchpriority=\"high\" decoding=\"async\" data-mobile=\"NW_listA_M|1764949210\" data-base=\"NW_listA|1764949210\"\/>&#13;<br \/>\n    <\/a>&#13;<\/p>\n<p>Un forcen\u00e9 mena\u00e7ait de se suicider et de tuer les policiers avec une grenade Mk II \u00e0 Conflans-en-Jarnisy.\u00a0 Photo Louise Guyonnet<\/p>\n<p>  30 novembre : 5\u00a0morts et un bless\u00e9 dans un incendie volontaire \u00e0 Neuves-Maisons<\/p>\n<p>Toute une famille a \u00e9t\u00e9 d\u00e9cim\u00e9e par un violent incendie <a href=\"https:\/\/www.estrepublicain.fr\/faits-divers-justice\/2025\/11\/30\/cinq-morts-dans-un-violent-incendie-pres-de-nancy-ce-que-l-on-sait-du-drame\" target=\"_blank\" rel=\"noopener\">survenu dans la nuit \u00e0 Neuves-Maisons.<\/a> Le papa et la maman, \u00e2g\u00e9s respectivement de 59 et 60 ans, ont perdu la vie, ainsi que leur fils\u00a0Diego, 16 ans, et deux de ses amis qui dormait dans la maison :\u00a0Alonzo (16 ans) et Morgane (20 ans).\u00a0Le fr\u00e8re a\u00een\u00e9 Trysthan, \u00e2g\u00e9 de 22\u2002ans, est parvenu \u00e0 s\u2019extraire du logement par la fen\u00eatre de toit. Selon les premiers \u00e9l\u00e9ments de l&rsquo;enqu\u00eate, il semblerait que ce soit lui ait \u00e9t\u00e9 vis\u00e9\u00a0<a href=\"https:\/\/www.estrepublicain.fr\/faits-divers-justice\/2025\/12\/03\/cinq-morts-dans-un-incendie-a-neuves-maisons-qui-pouvait-en-vouloir-aux-victimes\" target=\"_blank\" rel=\"noopener\">par un un r\u00e8glement de comptes \u00ab sur fond de trafic de drogues \u00bb.<\/a><\/p>\n<p>                                            <img class=\"placeholder-svg\" loading=\"lazy\" decoding=\"async\" src=\"https:\/\/cdn-files.prsmedia.fr\/files\/REDAC\/images\/svg\/placeholders\/digiteka.svg\" alt=\"Digiteka PlaceHolder\"\/><\/p>\n<p>  3 d\u00e9cembre : l&rsquo;ancien gardien de l&rsquo;ASNL acquitt\u00e9 de son proc\u00e8s pour viol \u00e0 Nancy<\/p>\n<p>Du 1er au 3 d\u00e9cembre, l&rsquo;ancien gardien de l&rsquo;ASNL (2019-2022) Baptiste Valette<a href=\"https:\/\/www.estrepublicain.fr\/faits-divers-justice\/2025\/11\/30\/baptiste-valette-ancien-goal-de-l-asnl-et-du-fcsm-juge-pour-viol-ce-lundi\" target=\"_blank\" rel=\"noopener\"> a comparu devant les assises de Meurthe-et-Moselle<\/a> pour une accusation de viol qui remonte au\u00a015\u00a0d\u00e9cembre 2019, \u00e0 la sortie d\u2019une bo\u00eete de nuit, place Stanislas \u00e0 Nancy.<\/p>\n<p>Selon lui, il aurait eu\u00a0un rapport sexuel \u00ab\u00a0consenti\u00a0\u00bb avec une jeune femme de 18 ans.\u00a0Ce que r\u00e9fute la plaignante expliquant \u00ab\u200aavoir manifest\u00e9 son refus \u00e0 plusieurs reprises.\u200a\u00bb. L&rsquo;avocat g\u00e9n\u00e9ral avait <a href=\"https:\/\/www.estrepublicain.fr\/faits-divers-justice\/2025\/12\/03\/viol-a-nancy-8-ans-ferme-avec-mandat-de-depot-requis-a-l-encontre-de-baptiste-valette\" target=\"_blank\" rel=\"noopener\">requis 8 ans d&#8217;emprisonnement<\/a>.\u00a0Apr\u00e8s trois heures de d\u00e9lib\u00e9r\u00e9,\u00a0<a href=\"https:\/\/www.estrepublicain.fr\/faits-divers-justice\/2025\/12\/03\/l-ex-gardien-de-but-de-l-asnl-baptiste-valette-juge-pour-viol-acquitte\" target=\"_blank\" rel=\"noopener\">la cour a finalement acquitt\u00e9<\/a> l\u2019ancien gardien de but de l\u2019ASNL.<\/p>\n<p>    &#13;<br \/>\n    &#13;<br \/>\n    &#13;<br \/>\n    <a href=\"https:\/\/cdn-s-www.estrepublicain.fr\/images\/d04fc228-7ff1-4d9f-b462-395bc3eb1f49\/NW_raw\/jean-baptiste-valette-au-stade-marcel-picot-photo-alexandre-marchi-1582996104.jpg\" title=\"Jean-Baptiste Valette au stade Marcel-Picot. Photo Alexandre Marchi\" class=\"chocolat-image GA-tracking\" data-ga_type=\"click\" data-ga_category=\"D\u00e9tail\" data-ga_action=\"zoomer\" data-ga_label=\"aggrandir image\" target=\"_blank\" rel=\"noopener\">&#13;<br \/>\n        <img src=\"https:\/\/www.europesays.com\/fr\/wp-content\/uploads\/2025\/12\/jean-baptiste-valette-au-stade-marcel-picot-photo-alexandre-marchi-1743413192.jpg\"   alt=\"Jean-Baptiste Valette au stade Marcel-Picot. Photo Alexandre Marchi\" fetchpriority=\"high\" decoding=\"async\" data-mobile=\"NW_listA_M|1582996104\" data-base=\"NW_listA|1743413192\"\/>&#13;<br \/>\n    <\/a>&#13;<\/p>\n<p>Jean-Baptiste Valette au stade Marcel-Picot. Photo Alexandre Marchi<\/p>\n","protected":false},"excerpt":{"rendered":"6 f\u00e9vrier : un corps calcin\u00e9 retrouv\u00e9 dans la for\u00eat d&rsquo;Epinal Un corps, en partie calcin\u00e9, a \u00e9t\u00e9&hellip;\n","protected":false},"author":2,"featured_media":626830,"comment_status":"","ping_status":"","sticky":false,"template":"","format":"standard","meta":{"footnotes":""},"categories":[9635],"tags":[1111,11,3602,1707,1704,1706,1705,10174,1777,674,274,107,1011,27,329,775,3457,1702,12,3456,25,104],"class_list":{"0":"post-626829","1":"post","2":"type-post","3":"status-publish","4":"format-standard","5":"has-post-thumbnail","7":"category-nancy","8":"tag-actu","9":"tag-actualites","10":"tag-edition-bar-le-duc","11":"tag-edition-luneville","12":"tag-edition-nancy-et-agglomeration","13":"tag-edition-pont-a-mousson","14":"tag-edition-toul","15":"tag-edition-verdun","16":"tag-eu","17":"tag-europe","18":"tag-faits-divers-justice","19":"tag-fil-info","20":"tag-fr","21":"tag-france","22":"tag-france-monde","23":"tag-grand-est","24":"tag-meurthe-et-moselle","25":"tag-nancy","26":"tag-news","27":"tag-region-lorraine","28":"tag-republique-francaise","29":"tag-societe"},"share_on_mastodon":{"url":"https:\/\/pubeurope.com\/@fr\/115796578578129625","error":""},"_links":{"self":[{"href":"https:\/\/www.europesays.com\/fr\/wp-json\/wp\/v2\/posts\/626829","targetHints":{"allow":["GET"]}}],"collection":[{"href":"https:\/\/www.europesays.com\/fr\/wp-json\/wp\/v2\/posts"}],"about":[{"href":"https:\/\/www.europesays.com\/fr\/wp-json\/wp\/v2\/types\/post"}],"author":[{"embeddable":true,"href":"https:\/\/www.europesays.com\/fr\/wp-json\/wp\/v2\/users\/2"}],"replies":[{"embeddable":true,"href":"https:\/\/www.europesays.com\/fr\/wp-json\/wp\/v2\/comments?post=626829"}],"version-history":[{"count":0,"href":"https:\/\/www.europesays.com\/fr\/wp-json\/wp\/v2\/posts\/626829\/revisions"}],"wp:featuredmedia":[{"embeddable":true,"href":"https:\/\/www.europesays.com\/fr\/wp-json\/wp\/v2\/media\/626830"}],"wp:attachment":[{"href":"https:\/\/www.europesays.com\/fr\/wp-json\/wp\/v2\/media?parent=626829"}],"wp:term":[{"taxonomy":"category","embeddable":true,"href":"https:\/\/www.europesays.com\/fr\/wp-json\/wp\/v2\/categories?post=626829"},{"taxonomy":"post_tag","embeddable":true,"href":"https:\/\/www.europesays.com\/fr\/wp-json\/wp\/v2\/tags?post=626829"}],"curies":[{"name":"wp","href":"https:\/\/api.w.org\/{rel}","templated":true}]}}