{"id":626835,"date":"2025-12-28T09:53:12","date_gmt":"2025-12-28T09:53:12","guid":{"rendered":"https:\/\/www.europesays.com\/fr\/626835\/"},"modified":"2025-12-28T09:53:12","modified_gmt":"2025-12-28T09:53:12","slug":"montpellier-retrouve-sa-place-de-capitale-du-soleil","status":"publish","type":"post","link":"https:\/\/www.europesays.com\/fr\/626835\/","title":{"rendered":"Montpellier retrouve sa place de capitale du soleil"},"content":{"rendered":"<li>\n<p data-path-to-node=\"4,0,0\"><b data-path-to-node=\"4,0,0\" data-index-in-node=\"0\">Lundi 29 d\u00e9cembre<\/b> : Le soleil brillera g\u00e9n\u00e9reusement toute la journ\u00e9e dans un ciel parfaitement d\u00e9gag\u00e9, avec des temp\u00e9ratures oscillant entre <b data-path-to-node=\"4,0,0\" data-index-in-node=\"142\">2\u00b0<\/b>\u00a0le matin et <b data-path-to-node=\"4,0,0\" data-index-in-node=\"158\">12\u00b0<\/b> au meilleur de l\u2019apr\u00e8s-midi \u00e0 Montpellier.<\/p>\n<\/li>\n<li>\n<p data-path-to-node=\"4,1,0\"><b data-path-to-node=\"4,1,0\" data-index-in-node=\"0\">Mardi 30 d\u00e9cembre<\/b> : Les conditions resteront tr\u00e8s ensoleill\u00e9es malgr\u00e9 quelques nuages passagers en soir\u00e9e, et le mercure affichera des valeurs similaires, entre <b data-path-to-node=\"4,1,0\" data-index-in-node=\"161\">1\u00b0<\/b>\u00a0et <b data-path-to-node=\"4,1,0\" data-index-in-node=\"168\">12\u00b0 \u00e0 Palavas.<\/b><\/p>\n<\/li>\n<li>\n<p data-path-to-node=\"6,0,0\"><b data-path-to-node=\"6,0,0\" data-index-in-node=\"0\">Mercredi 31 d\u00e9cembre<\/b>\u00a0: Pour le dernier jour de l\u2019ann\u00e9e, le grand bleu sera de mise, mais l\u2019air se rafra\u00eechira nettement avec des maximales ne d\u00e9passant pas 9<b data-path-to-node=\"6,0,0\" data-index-in-node=\"168\">\u00b0<\/b> et une nuit de f\u00eate qui s\u2019annonce glaciale mais \u00e9toil\u00e9e avec <b data-path-to-node=\"6,0,0\" data-index-in-node=\"220\">-1\u00b0<\/b>.<\/p>\n<\/li>\n<li>\n<p data-path-to-node=\"6,1,0\"><b data-path-to-node=\"6,1,0\" data-index-in-node=\"0\">Jeudi 1er janvier<\/b> : Le premier jour de l\u2019an se d\u00e9roulera sous un ciel alternant entre nuages et belles \u00e9claircies, avec un froid persistant compris entre <b data-path-to-node=\"6,1,0\" data-index-in-node=\"154\">-1\u00b0<\/b>\u00a0et <b data-path-to-node=\"6,1,0\" data-index-in-node=\"162\">7\u00b0<\/b>.<\/p>\n<\/li>\n<li>\n<p data-path-to-node=\"8,0,0\"><b data-path-to-node=\"8,0,0\" data-index-in-node=\"0\">Vendredi 2 janvier<\/b> : Le ciel se voilera progressivement et deviendra plus mena\u00e7ant au fil des heures, tandis que les temp\u00e9ratures remonteront l\u00e9g\u00e8rement pour atteindre 11<b data-path-to-node=\"8,0,0\" data-index-in-node=\"168\">\u00b0<\/b>.<\/p>\n<\/li>\n<li>\n<p data-path-to-node=\"8,1,0\"><b data-path-to-node=\"8,1,0\" data-index-in-node=\"0\">Samedi 3 janvier<\/b> : La journ\u00e9e sera domin\u00e9e par une grisaille compacte et des nuages bas, avec un risque de faibles averses en fin de journ\u00e9e et des temp\u00e9ratures comprises entre <b data-path-to-node=\"8,1,0\" data-index-in-node=\"177\">3\u00b0<\/b> et 10<b data-path-to-node=\"8,1,0\" data-index-in-node=\"184\">\u00b0<\/b>.<\/p>\n<\/li>\n<li>\n<p data-path-to-node=\"8,2,0\"><b data-path-to-node=\"8,2,0\" data-index-in-node=\"0\">Dimanche 4 janvier<\/b> : La semaine se terminera sous la pluie avec des pr\u00e9cipitations intermittentes tout au long de la journ\u00e9e et un mercure stabilis\u00e9 autour de 10<b data-path-to-node=\"8,2,0\" data-index-in-node=\"159\">\u00b0<\/b>.<\/p>\n<\/li>\n","protected":false},"excerpt":{"rendered":"Lundi 29 d\u00e9cembre : Le soleil brillera g\u00e9n\u00e9reusement toute la journ\u00e9e dans un ciel parfaitement d\u00e9gag\u00e9, avec des&hellip;\n","protected":false},"author":2,"featured_media":626836,"comment_status":"","ping_status":"","sticky":false,"template":"","format":"standard","meta":{"footnotes":""},"categories":[9599],"tags":[1111,11,1777,674,1011,27,2208,12,2680,25],"class_list":{"0":"post-626835","1":"post","2":"type-post","3":"status-publish","4":"format-standard","5":"has-post-thumbnail","7":"category-montpellier","8":"tag-actu","9":"tag-actualites","10":"tag-eu","11":"tag-europe","12":"tag-fr","13":"tag-france","14":"tag-montpellier","15":"tag-news","16":"tag-occitanie","17":"tag-republique-francaise"},"share_on_mastodon":{"url":"https:\/\/pubeurope.com\/@fr\/115796587752400625","error":""},"_links":{"self":[{"href":"https:\/\/www.europesays.com\/fr\/wp-json\/wp\/v2\/posts\/626835","targetHints":{"allow":["GET"]}}],"collection":[{"href":"https:\/\/www.europesays.com\/fr\/wp-json\/wp\/v2\/posts"}],"about":[{"href":"https:\/\/www.europesays.com\/fr\/wp-json\/wp\/v2\/types\/post"}],"author":[{"embeddable":true,"href":"https:\/\/www.europesays.com\/fr\/wp-json\/wp\/v2\/users\/2"}],"replies":[{"embeddable":true,"href":"https:\/\/www.europesays.com\/fr\/wp-json\/wp\/v2\/comments?post=626835"}],"version-history":[{"count":0,"href":"https:\/\/www.europesays.com\/fr\/wp-json\/wp\/v2\/posts\/626835\/revisions"}],"wp:featuredmedia":[{"embeddable":true,"href":"https:\/\/www.europesays.com\/fr\/wp-json\/wp\/v2\/media\/626836"}],"wp:attachment":[{"href":"https:\/\/www.europesays.com\/fr\/wp-json\/wp\/v2\/media?parent=626835"}],"wp:term":[{"taxonomy":"category","embeddable":true,"href":"https:\/\/www.europesays.com\/fr\/wp-json\/wp\/v2\/categories?post=626835"},{"taxonomy":"post_tag","embeddable":true,"href":"https:\/\/www.europesays.com\/fr\/wp-json\/wp\/v2\/tags?post=626835"}],"curies":[{"name":"wp","href":"https:\/\/api.w.org\/{rel}","templated":true}]}}