{"id":626837,"date":"2025-12-28T09:54:19","date_gmt":"2025-12-28T09:54:19","guid":{"rendered":"https:\/\/www.europesays.com\/fr\/626837\/"},"modified":"2025-12-28T09:54:19","modified_gmt":"2025-12-28T09:54:19","slug":"barbara-butch-aux-platines-pour-le-nouvel-an","status":"publish","type":"post","link":"https:\/\/www.europesays.com\/fr\/626837\/","title":{"rendered":"Barbara Butch aux platines pour le nouvel an"},"content":{"rendered":"<p>\n\t\t\t\t\tPour finir 2025 en beaut\u00e9 et accueillir 2026 comme il se doit, l\u2019Op\u00e9ra Orchestre vous invite \u00e0 une soir\u00e9e de r\u00e9veillon haute en couleurs&#8230; \t\t\t\t<\/p>\n<p>\n\t\t\t\t\t\t\t\t\t\u00a9 OONM.\t\t\t\t\t\t\t\t<\/p>\n<p>\t\t\t\t\t<a data-no-instant=\"1\" href=\"https:\/\/www.nimes.fr\/que-faire-a-nimes\/evenements\/festivites-de-noel\" rel=\"noopener\" class=\"a2t-link\" aria-label=\"878691-image\" target=\"_blank\"><img decoding=\"async\" src=\"https:\/\/www.europesays.com\/fr\/wp-content\/uploads\/2025\/12\/878691-image.jpeg\" alt=\"\"  \/><\/a><\/p>\n<p>Boule \u00e0 facette, paillettes, bonne humeur et piste de danse pour tous\u2026 Aux platines\u2009: Barbara Butch, DJ embl\u00e9matique sera de retour pour un set festif et f\u00e9d\u00e9rateur, entre disco, pop, groove et beats \u00e9lectro \u00e0 l\u2019Op\u00e9ra Orchestre de<a href=\"https:\/\/infoccitanie.fr\/tag\/montpellier\/\" target=\"_blank\" rel=\"noopener\"> Montpellier.<\/a> Son mot d\u2019ordre\u2009: faire danser tout le monde\u2026 vraiment tout le monde !<\/p>\n<p>Mercredi 31 d\u00e9cembre, de 22h \u00e0 2h<\/p>\n<p>Et pour cette nuit pas comme les autres, Barbara Butch pr\u00e9pare aussi quelques surprises\u2026 Ambiance conviviale, \u00e9nergie communicative et plaisir de se retrouver\u2009: tout est r\u00e9uni pour que cette nuit soit inoubliable. Tarif unique : 45\u20ac (1 consommation offerte au bar). Spectacle hors abonnement. Mercredi 31 d\u00e9cembre. 22h \u2014 2h. R\u00e9servation : <a href=\"https:\/\/www.opera-orchestre-montpellier.fr\/evenements\/reveillon-avec-barbara-butch\/\" target=\"_blank\" rel=\"noopener\">cliquez ici. <\/a><\/p>\n","protected":false},"excerpt":{"rendered":"Pour finir 2025 en beaut\u00e9 et accueillir 2026 comme il se doit, l\u2019Op\u00e9ra Orchestre vous invite \u00e0 une&hellip;\n","protected":false},"author":2,"featured_media":626838,"comment_status":"","ping_status":"","sticky":false,"template":"","format":"standard","meta":{"footnotes":""},"categories":[9599],"tags":[1111,11,1777,674,1011,27,2208,12,2680,15238,25],"class_list":{"0":"post-626837","1":"post","2":"type-post","3":"status-publish","4":"format-standard","5":"has-post-thumbnail","7":"category-montpellier","8":"tag-actu","9":"tag-actualites","10":"tag-eu","11":"tag-europe","12":"tag-fr","13":"tag-france","14":"tag-montpellier","15":"tag-news","16":"tag-occitanie","17":"tag-orchestre-national-de-montpellier","18":"tag-republique-francaise"},"share_on_mastodon":{"url":"https:\/\/pubeurope.com\/@fr\/115796591797874887","error":""},"_links":{"self":[{"href":"https:\/\/www.europesays.com\/fr\/wp-json\/wp\/v2\/posts\/626837","targetHints":{"allow":["GET"]}}],"collection":[{"href":"https:\/\/www.europesays.com\/fr\/wp-json\/wp\/v2\/posts"}],"about":[{"href":"https:\/\/www.europesays.com\/fr\/wp-json\/wp\/v2\/types\/post"}],"author":[{"embeddable":true,"href":"https:\/\/www.europesays.com\/fr\/wp-json\/wp\/v2\/users\/2"}],"replies":[{"embeddable":true,"href":"https:\/\/www.europesays.com\/fr\/wp-json\/wp\/v2\/comments?post=626837"}],"version-history":[{"count":0,"href":"https:\/\/www.europesays.com\/fr\/wp-json\/wp\/v2\/posts\/626837\/revisions"}],"wp:featuredmedia":[{"embeddable":true,"href":"https:\/\/www.europesays.com\/fr\/wp-json\/wp\/v2\/media\/626838"}],"wp:attachment":[{"href":"https:\/\/www.europesays.com\/fr\/wp-json\/wp\/v2\/media?parent=626837"}],"wp:term":[{"taxonomy":"category","embeddable":true,"href":"https:\/\/www.europesays.com\/fr\/wp-json\/wp\/v2\/categories?post=626837"},{"taxonomy":"post_tag","embeddable":true,"href":"https:\/\/www.europesays.com\/fr\/wp-json\/wp\/v2\/tags?post=626837"}],"curies":[{"name":"wp","href":"https:\/\/api.w.org\/{rel}","templated":true}]}}