{"id":626839,"date":"2025-12-28T09:55:10","date_gmt":"2025-12-28T09:55:10","guid":{"rendered":"https:\/\/www.europesays.com\/fr\/626839\/"},"modified":"2025-12-28T09:55:10","modified_gmt":"2025-12-28T09:55:10","slug":"odeurs-signalees-pres-dun-site-industriel-de-la-seine-maritime-que-sest-il-passe","status":"publish","type":"post","link":"https:\/\/www.europesays.com\/fr\/626839\/","title":{"rendered":"Odeurs signal\u00e9es pr\u00e8s d&rsquo;un site industriel de la Seine-Maritime : que s&rsquo;est-il pass\u00e9\u00a0?"},"content":{"rendered":"<p>                    Par<br \/>\n        <strong><br \/>\n            <a href=\"https:\/\/actu.fr\/auteur\/fmass\" title=\"Consulter tous les articles de Fabien Massin\" target=\"_blank\" rel=\"noopener\">Fabien Massin<\/a><br \/>\n                    <\/strong><\/p>\n<p>        Publi\u00e9 le<\/p>\n<p>            28 d\u00e9c. 2025 \u00e0 10h51        <\/p>\n<p>Que s\u2019est-il pass\u00e9 dans la nuit du 26 au 27d\u00e9cembre 2025 dans ce site industriel de <a href=\"https:\/\/actu.fr\/normandie\/port-jerome-sur-seine_76476\" target=\"_blank\" rel=\"noopener\">Port-J\u00e9r\u00f4me-sur-Seine<\/a>, pr\u00e8s du Havre <a href=\"https:\/\/actu.fr\/normandie\/seine-maritime_76\" target=\"_blank\" rel=\"noopener\">(Seine-Maritime)<\/a> ?\u00a0<\/p>\n<p class=\" wall-content\">\u00ab\u00a0Dans la nuit du 26 au 27 d\u00e9cembre, des signalements d\u2019odeurs ont \u00e9t\u00e9 re\u00e7us,<strong> notamment dans le d\u00e9partement du Calvados<\/strong>, informent les pr\u00e9fectures du Calvados et de la Seine-Maritime dans un communiqu\u00e9 commun. Les services de l\u2019\u00c9tat ont imm\u00e9diatement engag\u00e9 des v\u00e9rifications afin d\u2019en identifier l\u2019origine.\u00a0\u00bb<\/p>\n<p>Un \u00ab\u00a0\u00e9v\u00e9nement au sein d\u2019une unit\u00e9 de distillation\u00a0\u00bb<\/p>\n<p class=\" wall-content\">Les services de l\u2019\u00c9tat pr\u00e9cisent : \u00ab\u00a0La direction r\u00e9gionale de l\u2019environnement, de l\u2019am\u00e9nagement et du logement (DREAL) a \u00e9t\u00e9 inform\u00e9e, en d\u00e9but d\u2019apr\u00e8s-midi, par l\u2019exploitant du site industriel de North Atlantic (<a href=\"https:\/\/actu.fr\/normandie\/port-jerome-sur-seine_76476\/apres-le-rachat-d-exxonmobil-a-port-jerome-sur-seine-l-inquietude-des-syndicats_62966012.html\" target=\"_blank\" rel=\"noopener\">ex-ExxonMobil)<\/a> de la survenue d\u2019un \u00e9v\u00e9nement au sein d\u2019une unit\u00e9 de distillation. <strong>Cet \u00e9v\u00e9nement a conduit \u00e0 une mise transitoire \u00e0 l\u2019\u00e9vent de gaz au cours de la nuit.\u00a0\u00bb<\/strong><\/p>\n<p class=\" wall-content\">Samedi en fin de journ\u00e9e, \u00ab\u00a0les quantit\u00e9s de gaz lib\u00e9r\u00e9es ainsi que les horaires pr\u00e9cis de cette op\u00e9ration ne sont pas encore connus\u00a0\u00bb, pr\u00e9cisaient les pr\u00e9fectures, qui d\u00e9taillent : \u00ab\u00a0Compte tenu notamment de la hauteur de la tour de distillation concern\u00e9e (environ 30 m\u00e8tres) <strong>et de la direction des vents<\/strong>, cette op\u00e9ration est susceptible d\u2019expliquer les odeurs ressenties.\u00a0<\/p>\n<blockquote class=\"ac-article-quote wall-content\">\n<p>Les services de la DREAL sont mobilis\u00e9s pour analyser les causes de cet \u00e9v\u00e9nement et recueillir l\u2019ensemble des \u00e9l\u00e9ments n\u00e9cessaires \u00e0 sa caract\u00e9risation. Des pr\u00e9cisions compl\u00e9mentaires ont par ailleurs \u00e9t\u00e9 demand\u00e9es \u00e0 l\u2019exploitant.<\/p>\n<p>    <strong>Les pr\u00e9fectures du Calvados et de la Seine-Maritime<\/strong>\n            <\/p><\/blockquote>\n<p class=\" wall-content\">Tout en soulignant <strong>\u00ab\u00a0qu\u2019aucun \u00e9l\u00e9ment ne permet de conclure \u00e0 un danger pour la population\u00a0\u00bb.<\/strong><\/p>\n<p>Vid\u00e9os : en ce moment sur ActuSuivez l\u2019actualit\u00e9 du Havre sur notre <a href=\"https:\/\/www.whatsapp.com\/channel\/0029VaFqJYE8aKvLBwVrEe0o\" target=\"_blank\" rel=\"noopener\">cha\u00eene WhatsApp<\/a> et sur notre <a href=\"https:\/\/www.tiktok.com\/@76actu.fr?lang=fr\" target=\"_blank\" rel=\"noopener\">compte TikTok<\/a><\/p>\n<p class=\" wall-content\">Personnalisez votre actualit\u00e9 en ajoutant vos villes et m\u00e9dias en favori avec <a href=\"https:\/\/moncompte.actu.fr\" title=\"D\u00e9couvez Mon Actu\" rel=\"nofollow noopener\" data-trk=\"{&quot;cta&quot;:{&quot;action&quot;:&quot;https:\\\/\\\/moncompte.actu.fr&quot;,&quot;category&quot;:&quot;mon compte&quot;,&quot;from&quot;:&quot;article footer&quot;,&quot;name&quot;:&quot;Mon actu&quot;,&quot;type&quot;:&quot;cta&quot;}}\" target=\"_blank\">Mon Actu<\/a>.<\/p>\n<p>                    <script async src=\"\/\/www.tiktok.com\/embed.js\"><\/script><\/p>\n","protected":false},"excerpt":{"rendered":"Par Fabien Massin Publi\u00e9 le 28 d\u00e9c. 2025 \u00e0 10h51 Que s\u2019est-il pass\u00e9 dans la nuit du 26&hellip;\n","protected":false},"author":2,"featured_media":626840,"comment_status":"","ping_status":"","sticky":false,"template":"","format":"standard","meta":{"footnotes":""},"categories":[9587],"tags":[1111,11,5164,1777,674,46222,118,1011,27,693,12,5161,25,9590],"class_list":{"0":"post-626839","1":"post","2":"type-post","3":"status-publish","4":"format-standard","5":"has-post-thumbnail","7":"category-rouen","8":"tag-actu","9":"tag-actualites","10":"tag-calvados","11":"tag-eu","12":"tag-europe","13":"tag-exxonmobil","14":"tag-faits-divers","15":"tag-fr","16":"tag-france","17":"tag-industrie","18":"tag-news","19":"tag-normandie","20":"tag-republique-francaise","21":"tag-rouen"},"share_on_mastodon":{"url":"https:\/\/pubeurope.com\/@fr\/115796595385073105","error":""},"_links":{"self":[{"href":"https:\/\/www.europesays.com\/fr\/wp-json\/wp\/v2\/posts\/626839","targetHints":{"allow":["GET"]}}],"collection":[{"href":"https:\/\/www.europesays.com\/fr\/wp-json\/wp\/v2\/posts"}],"about":[{"href":"https:\/\/www.europesays.com\/fr\/wp-json\/wp\/v2\/types\/post"}],"author":[{"embeddable":true,"href":"https:\/\/www.europesays.com\/fr\/wp-json\/wp\/v2\/users\/2"}],"replies":[{"embeddable":true,"href":"https:\/\/www.europesays.com\/fr\/wp-json\/wp\/v2\/comments?post=626839"}],"version-history":[{"count":0,"href":"https:\/\/www.europesays.com\/fr\/wp-json\/wp\/v2\/posts\/626839\/revisions"}],"wp:featuredmedia":[{"embeddable":true,"href":"https:\/\/www.europesays.com\/fr\/wp-json\/wp\/v2\/media\/626840"}],"wp:attachment":[{"href":"https:\/\/www.europesays.com\/fr\/wp-json\/wp\/v2\/media?parent=626839"}],"wp:term":[{"taxonomy":"category","embeddable":true,"href":"https:\/\/www.europesays.com\/fr\/wp-json\/wp\/v2\/categories?post=626839"},{"taxonomy":"post_tag","embeddable":true,"href":"https:\/\/www.europesays.com\/fr\/wp-json\/wp\/v2\/tags?post=626839"}],"curies":[{"name":"wp","href":"https:\/\/api.w.org\/{rel}","templated":true}]}}