{"id":626841,"date":"2025-12-28T10:00:45","date_gmt":"2025-12-28T10:00:45","guid":{"rendered":"https:\/\/www.europesays.com\/fr\/626841\/"},"modified":"2025-12-28T10:00:45","modified_gmt":"2025-12-28T10:00:45","slug":"le-sort-du-palais-des-sports-suspendu-aussi-au-vote-de-mars","status":"publish","type":"post","link":"https:\/\/www.europesays.com\/fr\/626841\/","title":{"rendered":"LE SORT DU PALAIS DES SPORTS SUSPENDU AUSSI AU VOTE DE MARS"},"content":{"rendered":"<p>Posted On 28 d\u00e9cembre 2025 <\/p>\n<p style=\"text-align: justify;\">Depuis 12 ans la municipalit\u00e9 Piolle a pris en mains <a href=\"https:\/\/grenoble-le-changement.fr\/2025\/02\/26\/palais-des-sports-les-critiques-continuent-de-pleuvoir\/\" target=\"_blank\" rel=\"noopener\">la gestion du Palais des Sports<\/a> dont Olivier Bertrand, adjoint au Maire (Verts\/Ades), un apparatchik de l<a href=\"https:\/\/grenoble-le-changement.fr\/raymond-avrillier-le-tartuffe-rouge-verts-bouge-encore\/\" target=\"_blank\" rel=\"noopener\">a secte politique de Raymond Avrillier,<\/a> a pris la responsabilit\u00e9. Ce n&rsquo;est pas lui faire injure que de constater qu&rsquo;il est autant fait pour animer et donner de l&rsquo;\u00e9nergie \u00e0 un \u00e9quipement de cette envergure que de d\u00e9gager une quelconque empathie \u00e0 l&rsquo;\u00e9gard de quiconque.\u00a0<\/p>\n<p style=\"text-align: justify;\">Cet \u00e9lu passe-muraille qui a si\u00e9g\u00e9 partout depuis 20 ans sans laisser de traces est repr\u00e9sentatif de la secte qui r\u00e8gne en se cachant soigneusement des citoyens. Toute ressemblance avec l&rsquo;actuelle campagne de Laurence Ruffin serait malvenue&#8230;<\/p>\n<p style=\"text-align: justify;\">\u00ab Les 6 Jours, c\u2019est la mythologie du v\u00e9lo des ann\u00e9es 80. Les grands champions venaient mais, aujourd\u2019hui, il n\u2019y a plus personne \u00bb, d\u00e9clarait\u00a0 Eric Piolle sur l\u2019antenne de T\u00e9l\u00e9 Grenoble pour justifier l&rsquo;\u00e9viction de Guy Chanal il y a 12 ans.<\/p>\n<p><img decoding=\"async\" data-id=\"73605\" src=\"https:\/\/grenoble-le-changement.fr\/wp-content\/uploads\/2024\/05\/christine-garnier.png\" alt=\"\" class=\"wp-image-73605 jetpack-lazy-image\" data-lazy-src=\"https:\/\/www.europesays.com\/fr\/wp-content\/uploads\/2025\/12\/christine-garnier.png\" \/><\/p>\n<p><img decoding=\"async\" data-id=\"86415\" src=\"https:\/\/grenoble-le-changement.fr\/wp-content\/uploads\/2025\/11\/Ruffin-embarras-majorite\u0301-1-3.png\" alt=\"\" class=\"wp-image-86415 jetpack-lazy-image\" data-lazy-src=\"https:\/\/www.europesays.com\/fr\/wp-content\/uploads\/2025\/12\/Ruffin-embarras-majorite\u0301-1-3.png\" \/><br \/>\nOlivier Bertrand, un cacique des Verts\/Ades de Raymond Avrillier, \u00e9lu depuis 20 ans inconnu des grenoblois, aux c\u00f4t\u00e9s de Christine Garnier, de la m\u00eame secte politique, passionaria sectaire \u00e9lue depuis 1995 qui doit \u00eatre sortie par <a href=\"https:\/\/grenoble-le-changement.fr\/2025\/10\/13\/affaires-les-revelations-sur-l-ruffin-verts-plombent-sa-candidature\/\" target=\"_blank\" rel=\"noopener\">Laurence Ruffin, elle-m\u00eame totalement \u00e0 c\u00f4t\u00e9 de ses valeurs dans son activit\u00e9 professionnelle..<\/a>.<\/p>\n<p><strong>IL CO\u00dbTE PR\u00c8S D&rsquo;UN MILLION D&rsquo;EUROS PAR AN AU CONTRIBUABLE<\/strong><\/p>\n<p style=\"text-align: justify;\">Depuis lors le Palais des Sports a vu son activit\u00e9 se r\u00e9duire d&rsquo;ann\u00e9es en ann\u00e9es, le co\u00fbt de sa r\u00e9novation \u00e9clater au fur et \u00e0 mesure qu&rsquo;aucun entretien de base n&rsquo;\u00e9tait effectu\u00e9. Son co\u00fbt de fonctionnement support\u00e9 par le contribuable oscillant entre 500 et 1 million d&rsquo;euros.<\/p>\n<p style=\"text-align: justify;\"><strong>GUY CHANAL : \u00ab\u00a0LA SALLE N&rsquo;EST PLUS ADAPT\u00c9E AU SPORT DE HAUT NIVEAU\u00a0\u00bb<\/strong><\/p>\n<p style=\"text-align: justify;\">Avec les \u00e9lus Rouge\/Verts pas de surprise. L&rsquo;argent public n&rsquo;a pas d&rsquo;odeur et le patrimoine municipal jamais valoris\u00e9 pour rapporter. En mettant fin aux \u00ab\u00a03 jours cyclistes\u00a0\u00bb et au \u00ab\u00a0supercross moto\u00a0\u00bb, Guy Chanal avait d\u00e9clar\u00e9 que \u00ab\u00a0la salle n&rsquo;est plus\u00a0adapt\u00e9e au sport de haut niveau\u00a0\u00bb, avouant \u00ab\u00a0avoir eu peur parfois\u00a0\u00bb pour la s\u00e9curit\u00e9 des athl\u00e8tes lors de la derni\u00e8re \u00e9dition.<\/p>\n<p style=\"text-align: justify;\"><strong>R\u00c9MI PERRIER : \u00ab\u00a0UN \u00c9TAT TECHNIQUE ET SANITAIRE INQUI\u00c9TANT\u00a0\u00bb<\/strong><\/p>\n<p style=\"text-align: justify;\">De son c\u00f4t\u00e9 R\u00e9mi Perrier, le promoteur \u00e0 l&rsquo;origine de l&rsquo;organisation de nombreux concerts et le cr\u00e9ateur de Musilac, a d\u00e9nonc\u00e9 dans le Dauphin\u00e9 Lib\u00e9r\u00e9 (26\/02\/2025) un Palais des Sports qui est dans \u00ab\u00a0un \u00e9tat technique et sanitaire inqui\u00e9tant et pr\u00e9occupant\u00a0\u00bb.\u00a0<\/p>\n<p style=\"text-align: justify;\"><strong>CL\u00c9MENT BERTHET (DL) R\u00c9V\u00c8LE QU&rsquo;UN SPECTACLE A FAILLI \u00caTRE ANNUL\u00c9<\/strong><\/p>\n<p style=\"text-align: justify;\"><a target=\"_blank\" href=\"https:\/\/c.ledauphine.com\/culture-loisirs\/2025\/02\/25\/isere-dans-un-etat-preoccupant-le-palais-des-sports-de-grenoble-sera-t-il-bientot-prive-de-spectacles\" rel=\"noopener\">Le journaliste Cl\u00e9ment Berthet a r\u00e9v\u00e9l\u00e9 <\/a>que la v\u00e9tust\u00e9 de l&rsquo;\u00e9quipement atteint de telles proportions que pour un concert de Gims qui r\u00e9unissait des milliers de Grenoblois, \u00e0 une heure du d\u00e9but du spectacle la question de l&rsquo;annuler s&rsquo;est pos\u00e9e, car il faisait 16 degr\u00e9s seulement dans la salle contre les 19 degr\u00e9s la temp\u00e9rature selon les normes pour ce type d&rsquo;\u00e9v\u00e8nement.<\/p>\n<p><img decoding=\"async\" data-id=\"80033\" src=\"https:\/\/grenoble-le-changement.fr\/wp-content\/uploads\/2025\/02\/palais-sports.webp\" alt=\"\" class=\"wp-image-80033 jetpack-lazy-image\" data-lazy-src=\"https:\/\/www.europesays.com\/fr\/wp-content\/uploads\/2025\/12\/palais-sports.webp\" \/><br \/>\nLe Palais des sports est \u00e0 l&rsquo;abandon aussi, son sort d\u00e9pend du vote du 15 mars <\/p>\n<p style=\"text-align: justify;\"><strong>IL FAUDRAIT ENTRE 50 ET 60 MILLIONS D&rsquo;EUROS POUR LE R\u00c9NOVER<\/strong><\/p>\n<p style=\"text-align: justify;\">En 2022, une \u00e9tude command\u00e9e par la ville avait r\u00e9v\u00e9l\u00e9 qu&rsquo;il faudrait de l&rsquo;ordre de 50 \u00e0 60 millions d&rsquo;euros pour r\u00e9habiliter le Palais. R\u00e9cemment c&rsquo;est Jacques Reboh le Pr\u00e9sident des Br\u00fbleurs de Loups qui est sorti du bois pour rappeler la contradiction d&rsquo;un Palais des Sports vide et d&rsquo;une Patinoire Pole Sud \u00e0 guichets ferm\u00e9s ! Le Palais pourrait accueillir entre 8 et 9000 spectateurs et les grandes comp\u00e9titions de Hockey ressembler \u00e0 ce qu&rsquo;on vit \u00e0 l&rsquo;\u00e9tranger dans les villes qui ont une grande tradition dans ce sport. Qui est une marque pour la capitale des Alpes.\u00a0<\/p>\n<p style=\"text-align: justify;\"><strong>JACQUES REBOH REGRETTE QUE GRENOBLE PASSE A C\u00d4T\u00c9 DES J.O. DES ALPES<\/strong><\/p>\n<p style=\"text-align: justify;\">Un Jacques Reboh qui regrette que Grenoble soit pass\u00e9e \u00e0 c\u00f4t\u00e9 de la manne olympique avec les JO. Pr\u00e9cisons que c&rsquo;est notamment \u00e0 cause d&rsquo;un Maire hostile aux Jeux Olympiques des Alpes. L&rsquo;id\u00e9ologie des Rouge\/Verts dans laquelle laurence Ruffin s&rsquo;inscrit compl\u00e8tement et de r\u00e9cuser les aspects positifs de cette organisation et de les refuser pour Grenoble. D&rsquo;o\u00f9 l&rsquo;impasse pour nos \u00e9quipements olympiques qui auraient pu retrouver l\u00e0 une nouvelle jeunesse.\u00a0<\/p>\n<p style=\"text-align: justify;\"><strong>L. RUFFIN : \u00ab\u00a0FAIRE DU PALAIS DES SPORTS UN LIEU OUVERT\u00a0\u00bb (!)\u00a0<\/strong><\/p>\n<p style=\"text-align: justify;\">Le g\u00e2chis est complet. Sur ce dossier comme sur les autres Laurence Ruffin voudrait passer entre les gouttes en n&rsquo;annon\u00e7ant pas la couleur. Affich\u00e9 sur le mur de son local de campagne figure tout son programme pour le Palais des Sports : \u00ab\u00a0faire du palais des sports un lieu ouvert de la vie associative et sportive grenobloise\u00a0\u00bb&#8230;\u00a0 Elle a ajout\u00e9 dans le DL \u00ab\u00a0qu&rsquo;il doit devenir un lieu culturel, sportif et associatif incontournable\u00a0\u00bb. Libre aux grenoblois de cautionner ce vide m\u00e9prisant, <a href=\"https:\/\/grenoble-le-changement.fr\/2025\/12\/18\/finances-la-liste-ruffin-poursuivrait-dans-laugmentation-dimpots\/\" target=\"_blank\" rel=\"noopener\">cet immobilisme prolong\u00e9 et ses cons\u00e9quences.<\/a> Mais au moins ils savent ce qui les attend.<\/p>\n<p><a href=\"https:\/\/grenoble-le-changement.fr\/wp-content\/uploads\/2025\/12\/Capture-de\u0301cran-2025-09-20-a\u0300-14.43.13.png\" rel=\"lightbox[86861] noopener\" target=\"_blank\"><img decoding=\"async\" data-id=\"86869\" src=\"https:\/\/grenoble-le-changement.fr\/wp-content\/uploads\/2025\/12\/Capture-de\u0301cran-2025-09-20-a\u0300-14.43.13-1005x1024.png\" alt=\"\" class=\"wp-image-86869 jetpack-lazy-image\" data-lazy-src=\"https:\/\/www.europesays.com\/fr\/wp-content\/uploads\/2025\/12\/Capture-de\u0301cran-2025-09-20-a\u0300-14.43.13-1005x1024.png\" \/><\/a><br \/>\nAlain Carignon ici avec Cl\u00e9ment Chappet, Maximin Ytournel et des jeunes lors du lancement de sa campagne veut insuffler un nouveau d\u00e9part au Palais des Sports<\/p>\n<p><strong>ALAIN CARIGNON VEUT UN PARTENARIAT AVEC DES FINANCEMENTS PRIV\u00c9S<\/strong><\/p>\n<p style=\"text-align: justify;\">ll est \u00e9vident qu&rsquo;il ne se passera rien sans un partenariat avec des financements priv\u00e9s comme le propose Alain Carignon dans ses engagements de candidat. Tout le reste est billeves\u00e9e. Tous ceux qui sont en attente d&rsquo;un nouveau d\u00e9part pour le Palais des Sports n&rsquo;ont<a href=\"https:\/\/grenoble-le-changement.fr\/2025\/12\/14\/t-aldeguer-les-parachutes-de-derniere-minute-surfent-sur-les-problemes\/\" target=\"_blank\" rel=\"noopener\"> pas besoin d&rsquo;interroger<\/a> tous les candidats.<a href=\"https:\/\/grenoble-le-changement.fr\/2025\/12\/01\/laurence-ruffin-la-candidate-des-verts-promet-linverse-de-son-bilan\/\" target=\"_blank\" rel=\"noopener\"> Entre Laurence Ruffin<\/a> tenue par l&rsquo;id\u00e9ologie de refus du priv\u00e9 sous aucune forme et la liste \u00ab\u00a0R\u00e9concilier Grenoble\u00a0\u00bb conduite par Alain Carignon, le choix est limpide.\u00a0<\/p>\n<p style=\"text-align: justify;\"><strong>LE VOTE DU 15 MARS AURA DES CONS\u00c9QUENCES CONCR\u00c8TES<\/strong><\/p>\n<p style=\"text-align: justify;\"><a href=\"https:\/\/grenoble-le-changement.fr\/2025\/12\/21\/poste-chavant-encore-un-projet-bloque\/\" target=\"_blank\" rel=\"noopener\">On est frapp\u00e9 par le nombre<\/a> de cons\u00e9quences entrain\u00e9es par le vote du 15 mars prochain. Mais les grenoblois disposent <a href=\"https:\/\/grenoble-le-changement.fr\/2025\/12\/16\/place-de-metz-la-majorite-municipale-refuse-de-sauver-du-stationnement\/\" target=\"_blank\" rel=\"noopener\">quartier<\/a> par quartier, \u00e9quipement par \u00e9quipement des effets de la continuation de cette politique qui ruine la ville, d\u00e9sesp\u00e8re tous les acteurs de son attractivit\u00e9.<\/p>\n<p style=\"text-align: justify;\"><strong>L. RUFFIN REFUSE D&rsquo;ASSUMER \u00c0 VISAGE D\u00c9COUVERT <\/strong>\u00a0<\/p>\n<p style=\"text-align: justify;\">M\u00eame si<a href=\"https:\/\/grenoble-le-changement.fr\/2025\/12\/11\/municipalisme-cooperatif-la-nouvelle-arnaque-de-laurence-ruffin\/\" target=\"_blank\" rel=\"noopener\"> Laurence Ruffin triche,<\/a> refuse d&rsquo;assumer \u00e0 visage d\u00e9couvert les actes qu&rsquo;elle poursuivrait, \u00e0 la <a href=\"https:\/\/grenoble-le-changement.fr\/2025\/12\/08\/l-ruffin-impose-avec-brutalite-une-future-majorite-aux-ordres\/\" target=\"_blank\" rel=\"noopener\">fois parce qu&rsquo;elle y adh\u00e8re<\/a> et qu&rsquo;elle est tenue par un clan gardien d&rsquo;une orthodoxie rigide et ferm\u00e9e, les grenoblois sont d\u00e9sormais inform\u00e9s de la <a href=\"https:\/\/grenoble-le-changement.fr\/2025\/12\/20\/insecurite-a-st-bruno-limmobilisme-de-l-ruffin-est-en-marche\/\" target=\"_blank\" rel=\"noopener\">gravit\u00e9 de cet immobilisme doctrinaire<\/a>.<\/p>\n<p style=\"text-align: justify;\">Le Palais des Sports est un \u00e9quipement-phare de la ville qui est \u00e9teint et ne demande qu&rsquo;\u00e0 briller \u00e0 nouveau pour \u00eatre l&rsquo;un des facteurs importants du retour de l&rsquo;attractivit\u00e9 de Grenoble. Tous ceux que \u00ab\u00a0R\u00e9concilier Grenoble\u00a0\u00bb veut rallumer.<\/p>\n","protected":false},"excerpt":{"rendered":"Posted On 28 d\u00e9cembre 2025 Depuis 12 ans la municipalit\u00e9 Piolle a pris en mains la gestion du&hellip;\n","protected":false},"author":2,"featured_media":626842,"comment_status":"","ping_status":"","sticky":false,"template":"","format":"standard","meta":{"footnotes":""},"categories":[9566],"tags":[1111,11,9601,2430,18839,29502,14755,9607,1777,674,1011,27,2731,73613,73614,10136,73615,12,15454,10140,73616,25],"class_list":{"0":"post-626841","1":"post","2":"type-post","3":"status-publish","4":"format-standard","5":"has-post-thumbnail","7":"category-grenoble","8":"tag-actu","9":"tag-actualites","10":"tag-alain-carignon","11":"tag-auvergne-rhone-alpes","12":"tag-christine-garnier","13":"tag-clement-berthet","14":"tag-clement-chappet","15":"tag-eric-piolle","16":"tag-eu","17":"tag-europe","18":"tag-fr","19":"tag-france","20":"tag-grenoble","21":"tag-guy-chanal","22":"tag-jacques-reboh","23":"tag-laurence-ruffin","24":"tag-maximin-ytournel","25":"tag-news","26":"tag-olivier-bertrand","27":"tag-raymond-avrillier","28":"tag-remi-perrier","29":"tag-republique-francaise"},"share_on_mastodon":{"url":"https:\/\/pubeurope.com\/@fr\/115796617152918696","error":""},"_links":{"self":[{"href":"https:\/\/www.europesays.com\/fr\/wp-json\/wp\/v2\/posts\/626841","targetHints":{"allow":["GET"]}}],"collection":[{"href":"https:\/\/www.europesays.com\/fr\/wp-json\/wp\/v2\/posts"}],"about":[{"href":"https:\/\/www.europesays.com\/fr\/wp-json\/wp\/v2\/types\/post"}],"author":[{"embeddable":true,"href":"https:\/\/www.europesays.com\/fr\/wp-json\/wp\/v2\/users\/2"}],"replies":[{"embeddable":true,"href":"https:\/\/www.europesays.com\/fr\/wp-json\/wp\/v2\/comments?post=626841"}],"version-history":[{"count":0,"href":"https:\/\/www.europesays.com\/fr\/wp-json\/wp\/v2\/posts\/626841\/revisions"}],"wp:featuredmedia":[{"embeddable":true,"href":"https:\/\/www.europesays.com\/fr\/wp-json\/wp\/v2\/media\/626842"}],"wp:attachment":[{"href":"https:\/\/www.europesays.com\/fr\/wp-json\/wp\/v2\/media?parent=626841"}],"wp:term":[{"taxonomy":"category","embeddable":true,"href":"https:\/\/www.europesays.com\/fr\/wp-json\/wp\/v2\/categories?post=626841"},{"taxonomy":"post_tag","embeddable":true,"href":"https:\/\/www.europesays.com\/fr\/wp-json\/wp\/v2\/tags?post=626841"}],"curies":[{"name":"wp","href":"https:\/\/api.w.org\/{rel}","templated":true}]}}