{"id":626843,"date":"2025-12-28T10:03:15","date_gmt":"2025-12-28T10:03:15","guid":{"rendered":"https:\/\/www.europesays.com\/fr\/626843\/"},"modified":"2025-12-28T10:03:15","modified_gmt":"2025-12-28T10:03:15","slug":"ils-et-elles-ont-marque-2025-votez-pour-la-personnalite-rennaise-de-lannee","status":"publish","type":"post","link":"https:\/\/www.europesays.com\/fr\/626843\/","title":{"rendered":"Ils et elles ont marqu\u00e9 2025 : votez pour la personnalit\u00e9 rennaise de l\u2019ann\u00e9e"},"content":{"rendered":"<tr wp_automatic_readability=\"5.8783783783784\">\n<td valign=\"middle\" align=\"center\" class=\"col-logo\" wp_automatic_readability=\"5\">\n    <img decoding=\"async\" src=\"https:\/\/maville.com\/design\/images\/logo-of-monetise.svg?version=20130627\" alt=\"logo Ouest-France\" height=\"66\"\/><\/p>\n<p>Contenu r\u00e9serv\u00e9 aux abonn\u00e9s<\/p>\n<\/td>\n<td class=\"col-titre\">\n\t\t\tSamedi 27 d\u00e9cembre 2025 18:45<br \/>\n\t\t\t<a class=\"icon-bulle sizeL count\" href=\"#ancreAvis\"><br \/>\n\t&#8230;<br \/>\n<\/a><\/td>\n<\/tr>\n<p>\t\t<a class=\"mavillebox2 elmt-photo\" href=\"https:\/\/maville.com\/photosmvi\/2025\/12\/27\/P35662002D7113933G.jpg\" title=\" Qui est selon vous la personnalit\u00e9 rennaise de l\u2019ann\u00e9e 2025\u00a0?  \u00a9  Marc Ollivier\/Ouest-France  \" rel=\"galerie_actu noopener\" target=\"_blank\"><br \/>\n\t<img decoding=\"async\" src=\"https:\/\/www.europesays.com\/fr\/wp-content\/uploads\/2025\/12\/P35662002D7113933G_crop_640-330_.jpg\" alt=\"photo  qui est selon vous la personnalit\u00e9 rennaise de l\u2019ann\u00e9e 2025\u00a0?  \u00a9  marc ollivier\/ouest-france \"\/><br \/>\n\t11<br \/>\n<\/a><\/p>\n<p class=\"elmt-legende\"> Qui est selon vous la personnalit\u00e9 rennaise de l\u2019ann\u00e9e 2025\u00a0?  \u00a9  Marc Ollivier\/Ouest-France  <\/p>\n<p><a class=\"mavillebox2\" href=\"https:\/\/maville.com\/photosmvi\/2025\/12\/27\/P35662003D7113933G.jpg\" title=\"D\u00e9sir\u00e9 Dou\u00e9. \u00a9  INA FASSBENDER \/ AFP \" rel=\"galerie_actu noopener\" target=\"_blank\"><a class=\"mavillebox2\" href=\"https:\/\/maville.com\/photosmvi\/2025\/12\/27\/P35662004D7113933G.jpg\" title=\"Gwendoline Gautier Despr\u00e9s. \u00a9  Ouest-France \" rel=\"galerie_actu noopener\" target=\"_blank\"><a class=\"mavillebox2\" href=\"https:\/\/maville.com\/photosmvi\/2025\/12\/27\/P35662005D7113933G.jpg\" title=\"Anne-Marie Girard. \u00a9  Thomas Br\u00e9gardis \/ Ouest-France \" rel=\"galerie_actu noopener\" target=\"_blank\"><a class=\"mavillebox2\" href=\"https:\/\/maville.com\/photosmvi\/2025\/12\/27\/P35662006D7113933G.jpg\" title=\"La chanteuse rennaise Luiza. \u00a9  Mathis Harpham \/ Ouest-France \" rel=\"galerie_actu noopener\" target=\"_blank\"><a class=\"mavillebox2\" href=\"https:\/\/maville.com\/photosmvi\/2025\/12\/27\/P35662007D7113933G.jpg\" title=\"Eug\u00e8ne Malapert. \u00a9  Christian Peoc\u2019h \" rel=\"galerie_actu noopener\" target=\"_blank\"><a class=\"mavillebox2\" href=\"https:\/\/maville.com\/photosmvi\/2025\/12\/27\/P35662008D7113933G.jpg\" title=\"Jean-Fran\u00e7ois Morizur. \u00a9  Ouest-France\/Pascal SIMON \" rel=\"galerie_actu noopener\" target=\"_blank\"><a class=\"mavillebox2\" href=\"https:\/\/maville.com\/photosmvi\/2025\/12\/27\/P35662009D7113933G.jpg\" title=\"Laurent Mauvignier. \u00a9  Marc Ollivier\/Ouest-France \" rel=\"galerie_actu noopener\" target=\"_blank\"><a class=\"mavillebox2\" href=\"https:\/\/maville.com\/photosmvi\/2025\/12\/27\/P35662010D7113933G.jpg\" title=\"Marie Paindavoine. \u00a9  Thomas Br\u00e9gardis \/ Ouest-France \" rel=\"galerie_actu noopener\" target=\"_blank\"><a class=\"mavillebox2\" href=\"https:\/\/maville.com\/photosmvi\/2025\/12\/27\/P35662011D7113933G.jpg\" title=\"Jean-Luc Rescamp. \u00a9  Ouest-France \" rel=\"galerie_actu noopener\" target=\"_blank\"><a class=\"mavillebox2\" href=\"https:\/\/maville.com\/photosmvi\/2025\/12\/27\/P35662012D7113933G.jpg\" title=\"La chanteuse Odoneila. \u00a9  Elsa Rancel \/ Ouest-France \" rel=\"galerie_actu noopener\" target=\"_blank\"><\/p>\n<p>\t\tPersonnalit\u00e9s reconnues ou anonymes, ils et elles se sont distingu\u00e9s en 2025. Qui, parmi cette s\u00e9lection propos\u00e9e par la r\u00e9daction Ouest-France, est selon vous la personnalit\u00e9 rennaise de l\u2019ann\u00e9e\u00a0? \u00c0 vous d\u2019en d\u00e9cider, en votant dans le formulaire qui s\u2019affiche dans cet article.<\/p>\n<p><b>Cet article est r\u00e9serv\u00e9 aux abonn\u00e9s<\/b><\/p>\n<p>Pour un acc\u00e8s imm\u00e9diat, abonnez-vous<\/p>\n<p><b>1\u00e8re semaine offerte<\/b><\/p>\n<p>\t\t Ouest-France. \u00a0\u00a0<br \/>\n\t\tOuest-France<\/p>\n<p>Retrouvez d&rsquo;autres actus sur la commune de :<\/p>\n<p>\t\t&#13;<\/p>\n","protected":false},"excerpt":{"rendered":"Contenu r\u00e9serv\u00e9 aux abonn\u00e9s Samedi 27 d\u00e9cembre 2025 18:45 &#8230; 11 Qui est selon vous la personnalit\u00e9 rennaise&hellip;\n","protected":false},"author":2,"featured_media":626844,"comment_status":"","ping_status":"","sticky":false,"template":"","format":"standard","meta":{"footnotes":""},"categories":[2821],"tags":[17,1111,11,5648,829,1777,674,1011,27,12141,12,9763,14336,584,25,53931],"class_list":{"0":"post-626843","1":"post","2":"type-post","3":"status-publish","4":"format-standard","5":"has-post-thumbnail","7":"category-rennes","8":"tag-17","9":"tag-actu","10":"tag-actualites","11":"tag-annee","12":"tag-bretagne","13":"tag-eu","14":"tag-europe","15":"tag-fr","16":"tag-france","17":"tag-marque","18":"tag-news","19":"tag-personnalite","20":"tag-rennaise","21":"tag-rennes","22":"tag-republique-francaise","23":"tag-votez"},"share_on_mastodon":{"url":"https:\/\/pubeurope.com\/@fr\/115796628669484327","error":""},"_links":{"self":[{"href":"https:\/\/www.europesays.com\/fr\/wp-json\/wp\/v2\/posts\/626843","targetHints":{"allow":["GET"]}}],"collection":[{"href":"https:\/\/www.europesays.com\/fr\/wp-json\/wp\/v2\/posts"}],"about":[{"href":"https:\/\/www.europesays.com\/fr\/wp-json\/wp\/v2\/types\/post"}],"author":[{"embeddable":true,"href":"https:\/\/www.europesays.com\/fr\/wp-json\/wp\/v2\/users\/2"}],"replies":[{"embeddable":true,"href":"https:\/\/www.europesays.com\/fr\/wp-json\/wp\/v2\/comments?post=626843"}],"version-history":[{"count":0,"href":"https:\/\/www.europesays.com\/fr\/wp-json\/wp\/v2\/posts\/626843\/revisions"}],"wp:featuredmedia":[{"embeddable":true,"href":"https:\/\/www.europesays.com\/fr\/wp-json\/wp\/v2\/media\/626844"}],"wp:attachment":[{"href":"https:\/\/www.europesays.com\/fr\/wp-json\/wp\/v2\/media?parent=626843"}],"wp:term":[{"taxonomy":"category","embeddable":true,"href":"https:\/\/www.europesays.com\/fr\/wp-json\/wp\/v2\/categories?post=626843"},{"taxonomy":"post_tag","embeddable":true,"href":"https:\/\/www.europesays.com\/fr\/wp-json\/wp\/v2\/tags?post=626843"}],"curies":[{"name":"wp","href":"https:\/\/api.w.org\/{rel}","templated":true}]}}