{"id":626845,"date":"2025-12-28T10:04:17","date_gmt":"2025-12-28T10:04:17","guid":{"rendered":"https:\/\/www.europesays.com\/fr\/626845\/"},"modified":"2025-12-28T10:04:17","modified_gmt":"2025-12-28T10:04:17","slug":"cette-ville-ameliore-la-securite-des-pietons-avec-un-dispositif-innovant","status":"publish","type":"post","link":"https:\/\/www.europesays.com\/fr\/626845\/","title":{"rendered":"cette ville am\u00e9liore la s\u00e9curit\u00e9 des pi\u00e9tons avec un dispositif innovant"},"content":{"rendered":"<p>                    Par<br \/>\n        <strong><br \/>\n            <a href=\"https:\/\/actu.fr\/auteur\/redaction-jv\" title=\"Consulter tous les articles de R\u00e9daction Vitr\u00e9\" target=\"_blank\" rel=\"noopener\">R\u00e9daction Vitr\u00e9<\/a><br \/>\n                    <\/strong><\/p>\n<p>        Publi\u00e9 le<\/p>\n<p>            28 d\u00e9c. 2025 \u00e0 7h16        <\/p>\n<p data-end=\"747\">Dans le cadre de sa politique de s\u00e9curisation des d\u00e9placements et de d\u00e9veloppement des liaisons douces, la Ville de <b>Ch\u00e2teaugiron <\/b>(Ille-et-Vilaine) poursuit ses actions en faveur de la <b>s\u00e9curit\u00e9 routi\u00e8re.<\/b><\/p>\n<p data-end=\"747\" class=\" wall-content\">Des travaux ont \u00e9t\u00e9 effectu\u00e9s sur le<b> boulevard du Ch\u00e2teau<\/b>, afin d\u2019installer un nouveau syst\u00e8me de protection des passages pi\u00e9tons.<\/p>\n<p>Une forte fr\u00e9quentation familiale<\/p>\n<p data-end=\"1196\" class=\" wall-content\"><b>Situ\u00e9 en zone limit\u00e9e \u00e0 50\u00a0km\/h<\/b>, le boulevard du Ch\u00e2teau constitue un axe particuli\u00e8rement fr\u00e9quent\u00e9 par les pi\u00e9tons.<\/p>\n<p data-end=\"1196\" class=\" wall-content\">Il dessert en effet plusieurs sites strat\u00e9giques de la commune, tels que le parking de l\u2019\u00e9tang, le parking des douves, ainsi que les aires de jeux et de loisirs \u00e0 proximit\u00e9.<\/p>\n<p data-end=\"1196\" class=\" wall-content\">Cette forte fr\u00e9quentation, notamment familiale, a conduit la municipalit\u00e9 \u00e0 engager une r\u00e9flexion approfondie sur la <b>s\u00e9curisation des travers\u00e9es pi\u00e9tonnes.<\/b><\/p>\n<p>Vid\u00e9os : en ce moment sur Actu<\/p>\n<p data-end=\"1196\" class=\" wall-content\">Men\u00e9e en concertation avec les riverains, cette d\u00e9marche a permis d\u2019identifier la n\u00e9cessit\u00e9 de renforcer la visibilit\u00e9 des passages pi\u00e9tons sur cet axe.<\/p>\n<p data-end=\"1460\" class=\" wall-content\">La Ville a ainsi fait le choix d\u2019une solution innovante, \u00e0 la fois efficace et respectueuse de la vie priv\u00e9e.\u00a0Les travaux ont \u00e9t\u00e9 r\u00e9alis\u00e9s par la soci\u00e9t\u00e9 Cryzal, entreprise sp\u00e9cialis\u00e9e dans les solutions lumineuses de <b>s\u00e9curit\u00e9 routi\u00e8re et bas\u00e9e dans l\u2019Eure.<\/b><\/p>\n<p>Votre r\u00e9gion, votre actu !<\/p>\n<p>Recevez chaque jour les infos qui comptent pour vous.<\/p>\n<p>\t<a href=\"https:\/\/actu.fr\/newsletter\" class=\"ac-btn ac-btn--corner ac-btn--medium ac-btn--blue800\" target=\"_blank\" rel=\"noopener\">S&rsquo;incrire<\/a><br \/>\nDes plots LED positionn\u00e9s<\/p>\n<p data-end=\"1460\" class=\" wall-content\">Le dispositif install\u00e9 repose sur une technologie intelligente et autonome. Des d\u00e9tecteurs, install\u00e9s en amont du <b>passage pi\u00e9ton <\/b>(et ne constituant en aucun cas un syst\u00e8me de vid\u00e9osurveillance) permettent d\u2019identifier la pr\u00e9sence d\u2019un pi\u00e9ton souhaitant traverser.<\/p>\n<p data-end=\"2279\" class=\" wall-content\">D\u00e8s qu\u2019un pi\u00e9ton est d\u00e9tect\u00e9, des plots LED positionn\u00e9s de part et d\u2019autre du passage pi\u00e9ton s\u2019activent et se mettent \u00e0 clignoter.<\/p>\n<p data-end=\"2279\" class=\" wall-content\">Ce signal lumineux dynamique attire imm\u00e9diatement l\u2019attention des automobilistes et renforce leur vigilance au moment pr\u00e9cis o\u00f9 une travers\u00e9e est en cours. L\u2019objectif est clair\u2009: am\u00e9liorer la s\u00e9curit\u00e9 des pi\u00e9tons tout en limitant les sollicitations inutiles des conducteurs.<\/p>\n<p class=\" wall-content\">Personnalisez votre actualit\u00e9 en ajoutant vos villes et m\u00e9dias en favori avec <a href=\"https:\/\/moncompte.actu.fr\" title=\"D\u00e9couvez Mon Actu\" rel=\"nofollow noopener\" data-trk=\"{&quot;cta&quot;:{&quot;action&quot;:&quot;https:\\\/\\\/moncompte.actu.fr&quot;,&quot;category&quot;:&quot;mon compte&quot;,&quot;from&quot;:&quot;article footer&quot;,&quot;name&quot;:&quot;Mon actu&quot;,&quot;type&quot;:&quot;cta&quot;}}\" target=\"_blank\">Mon Actu<\/a>.<\/p>\n","protected":false},"excerpt":{"rendered":"Par R\u00e9daction Vitr\u00e9 Publi\u00e9 le 28 d\u00e9c. 2025 \u00e0 7h16 Dans le cadre de sa politique de s\u00e9curisation&hellip;\n","protected":false},"author":2,"featured_media":626846,"comment_status":"","ping_status":"","sticky":false,"template":"","format":"standard","meta":{"footnotes":""},"categories":[2821],"tags":[1111,11,829,1777,674,1011,27,12,584,25,5009,104],"class_list":{"0":"post-626845","1":"post","2":"type-post","3":"status-publish","4":"format-standard","5":"has-post-thumbnail","7":"category-rennes","8":"tag-actu","9":"tag-actualites","10":"tag-bretagne","11":"tag-eu","12":"tag-europe","13":"tag-fr","14":"tag-france","15":"tag-news","16":"tag-rennes","17":"tag-republique-francaise","18":"tag-securite-routiere","19":"tag-societe"},"share_on_mastodon":{"url":"https:\/\/pubeurope.com\/@fr\/115796630822618312","error":""},"_links":{"self":[{"href":"https:\/\/www.europesays.com\/fr\/wp-json\/wp\/v2\/posts\/626845","targetHints":{"allow":["GET"]}}],"collection":[{"href":"https:\/\/www.europesays.com\/fr\/wp-json\/wp\/v2\/posts"}],"about":[{"href":"https:\/\/www.europesays.com\/fr\/wp-json\/wp\/v2\/types\/post"}],"author":[{"embeddable":true,"href":"https:\/\/www.europesays.com\/fr\/wp-json\/wp\/v2\/users\/2"}],"replies":[{"embeddable":true,"href":"https:\/\/www.europesays.com\/fr\/wp-json\/wp\/v2\/comments?post=626845"}],"version-history":[{"count":0,"href":"https:\/\/www.europesays.com\/fr\/wp-json\/wp\/v2\/posts\/626845\/revisions"}],"wp:featuredmedia":[{"embeddable":true,"href":"https:\/\/www.europesays.com\/fr\/wp-json\/wp\/v2\/media\/626846"}],"wp:attachment":[{"href":"https:\/\/www.europesays.com\/fr\/wp-json\/wp\/v2\/media?parent=626845"}],"wp:term":[{"taxonomy":"category","embeddable":true,"href":"https:\/\/www.europesays.com\/fr\/wp-json\/wp\/v2\/categories?post=626845"},{"taxonomy":"post_tag","embeddable":true,"href":"https:\/\/www.europesays.com\/fr\/wp-json\/wp\/v2\/tags?post=626845"}],"curies":[{"name":"wp","href":"https:\/\/api.w.org\/{rel}","templated":true}]}}