{"id":626851,"date":"2025-12-28T10:11:18","date_gmt":"2025-12-28T10:11:18","guid":{"rendered":"https:\/\/www.europesays.com\/fr\/626851\/"},"modified":"2025-12-28T10:11:18","modified_gmt":"2025-12-28T10:11:18","slug":"brigitte-bardot-est-morte-a-91-ans","status":"publish","type":"post","link":"https:\/\/www.europesays.com\/fr\/626851\/","title":{"rendered":"Brigitte Bardot est morte \u00e0 91 ans"},"content":{"rendered":"<p class=\"fs-5 \">Star plan\u00e9taire, ic\u00f4ne f\u00e9minine du cin\u00e9ma puis pasionaria de la cause animale coutumi\u00e8re des sorties pol\u00e9miques\u00a0: <strong>Brigitte Bardot est d\u00e9c\u00e9d\u00e9e \u00e0 l\u2019\u00e2ge de 91 ans<\/strong>, longtemps apr\u00e8s avoir tir\u00e9 un trait sur la c\u00e9l\u00e9brit\u00e9 et le monde du 7e art.<\/p>\n<p class=\"fs-5 \">\u00ab\u00a0La Fondation Brigitte Bardot annonce avec une immense tristesse, le d\u00e9c\u00e8s de sa fondatrice et pr\u00e9sidente, Madame Brigitte Bardot, actrice et chanteuse mondialement reconnue, qui a choisi d\u2019abandonner sa carri\u00e8re prestigieuse pour d\u00e9dier sa vie et son \u00e9nergie \u00e0 la d\u00e9fense des animaux et \u00e0 sa Fondation\u00a0\u00bb, indique-t-elle dans un communiqu\u00e9 transmis \u00e0 l\u2019AFP.<\/p>\n<p class=\"fs-5 \">L\u2019actrice de\u00a0\u00ab\u00a0Et Dieu&#8230; cr\u00e9a la femme\u00a0\u00bb\u00a0et du\u00a0\u00ab\u00a0M\u00e9pris\u00a0\u00bb\u00a0est d\u00e9c\u00e9d\u00e9e dimanche matin <strong>dans sa c\u00e9l\u00e8bre r\u00e9sidence de La Madrague \u00e0 Saint-Tropez,<\/strong> a pr\u00e9cis\u00e9 la fondation \u00e0 l\u2019AFP.<\/p>\n<p class=\"fs-5 \">Hospitalis\u00e9e courant octobre \u00e0 Toulon (Var) pour <a href=\"https:\/\/www.nicematin.com\/culture\/people\/elle-se-repose-beaucoup-et-reprend-des-forces-brigitte-bardot-a-quitte-l-hopital-et-regagne-la-madrague-10659127\" target=\"_blank\" rel=\"noopener\">une op\u00e9ration chirurgicale dont la nature n\u2019avait pas \u00e9t\u00e9 pr\u00e9cis\u00e9e<\/a>, elle \u00e9tait rentr\u00e9e se reposer chez elle \u00e0 Saint-Tropez. Apr\u00e8s des informations de presse faisant \u00e9tat d\u2019une nouvelle hospitalisation fin novembre, elle avait tenu \u00e0 rassurer sur son \u00e9tat de sant\u00e9. Et invit\u00e9\u00a0\u00ab\u00a0tout le monde \u00e0 se calmer\u00a0\u00bb.<\/p>\n<p class=\"fs-5 \">Celle que l\u2019on surnommait par ses initiales, B.B., avait tourn\u00e9 le dos au monde du cin\u00e9ma il y a plus de cinquante ans, laissant derri\u00e8re elle <strong>une cinquantaine de films et deux sc\u00e8nes entr\u00e9es dans la l\u00e9gende\u00a0<\/strong>: un mambo enfi\u00e9vr\u00e9 dans un restaurant de Saint-Tropez (\u00ab\u00a0Et Dieu&#8230; cr\u00e9a la femme\u00a0\u00bb, 1956) et un monologue o\u00f9 elle \u00e9num\u00e9rait, nue, les diff\u00e9rentes parties de son corps, en ouverture du\u00a0\u00ab\u00a0M\u00e9pris\u00a0\u00bb\u00a0(1963).<\/p>\n<p class=\"fs-5 \">Mondialement connue, elle a fa\u00e7onn\u00e9 la l\u00e9gende de Saint-Tropez et de Buzios au Br\u00e9sil, a impos\u00e9 un style vestimentaire compos\u00e9 de ballerines, de marini\u00e8res et d\u2019imprim\u00e9s vichy et popularis\u00e9 l\u2019image d\u2019une femme libre\u00a0\u00ab\u00a0qui n\u2019a besoin de personne\u00a0\u00bb, comme elle l\u2019a chant\u00e9 pour Serge Gainsbourg.<\/p>\n<p class=\"fs-5 \">Elle fut <strong>une sorte de Marilyn Monroe \u00e0 la fran\u00e7aise<\/strong>, comme elle blonde, \u00e0 la beaut\u00e9 explosive et \u00e0 la vie priv\u00e9e tumultueuse, poursuivie par les paparazzi.<\/p>\n<p>        <img src=\"https:\/\/www.europesays.com\/fr\/wp-content\/uploads\/2025\/12\/4aa999d_upload-1-z2ds463gmmnm-image-bestimage-00099565-000001.jpg\"   loading=\"lazy\" decoding=\"async\" alt=\"Brigitte Bardot, dans le film \u00ab\u00a0Pout is back\u00a0\u00bb.\" class=\"img-fluid position-absolute w-100 object-fit-cover rounded-2\" width=\"600\" height=\"400\"\/><\/p>\n<p>        <img decoding=\"async\" src=\"https:\/\/www.europesays.com\/fr\/wp-content\/uploads\/2025\/12\/ARTVIEW-10662455-ORIG-a65b89f_upload-1-5bl2cqyoimor-milimg-8081-18742778-16704232-20251202150624-2.j.jpeg\" class=\"figure-img img-fluid rounded\" alt=\"Brigitte Bardot est d\u00e9c\u00e9d\u00e9e ce dimanche 28\u00a0d\u00e9cembre 2025. \"\/><\/p>\n<p>                                                                                \u00ab\u00a0M\u00eame quand \u00e7a d\u00e9range\u00a0\u00bb<\/p>\n<p class=\"fs-5 \">Apr\u00e8s un dernier film en 1973, elle avait quitt\u00e9 les plateaux pour attirer la lumi\u00e8re sur le combat de sa vie, celui de la d\u00e9fense des animaux, en cr\u00e9ant notamment la fondation Brigitte Bardot en 1986.<\/p>\n<p class=\"fs-5 \">Ces derni\u00e8res ann\u00e9es, <strong>l\u2019ancienne actrice se distinguait surtout pour ses prises de positions politiques<\/strong> et ses propos acerbes sur l\u2019immigration, le f\u00e9minisme, les chasseurs&#8230; dont certains lui ont valu des condamnations pour injure raciale.<\/p>\n<p class=\"fs-5 \">\u00ab<strong>\u00a0La libert\u00e9, c\u2019est d\u2019\u00eatre soi, m\u00eame quand \u00e7a d\u00e9range<\/strong>\u00a0\u00bb, proclamait-elle en exergue d\u2019un livre intitul\u00e9\u00a0\u00ab\u00a0Mon BBc\u00e9daire\u00a0\u00bb, \u00e9crit de sa main et sorti d\u00e9but octobre chez Fayard.<\/p>\n<p class=\"fs-5 \">Elle y jugeait aussi que la France \u00e9tait\u00a0\u00ab\u00a0devenue terne, triste, soumise, malade, ab\u00eem\u00e9e, ravag\u00e9e, ordinaire, vulgaire&#8230;\u00a0\u00bb. La droite est le\u00a0\u00ab\u00a0seul rem\u00e8de urgentissime \u00e0 l\u2019agonie de la France\u00a0\u00bb, ajoutait celle qui a revendiqu\u00e9 sa proximit\u00e9 avec les id\u00e9es de Marine Le Pen (Rassemblement national, RN).<\/p>\n<p class=\"fs-5 \">Ces derni\u00e8res ann\u00e9es, Brigitte Bardot vivait dans le sud de la France, <strong>entre La Madrague et une seconde maison cach\u00e9e dans la verdure<\/strong>, La Garrigue, abritant des animaux et une chapelle priv\u00e9e.<\/p>\n<p class=\"fs-5 \">Dans une interview accord\u00e9e en mai \u00e0 BFMTV, elle confiait avoir envie\u00a0\u00ab\u00a0de la paix, de la nature\u00a0\u00bb.<\/p>\n<p class=\"fs-5 \">\u00ab\u00a0Maintenant je vis comme une fermi\u00e8re avec mes moutons, mes ch\u00e8vres, mes cochons, mon petit \u00e2ne et ma ponette, tous mes chiens, mes chats\u00a0\u00bb, d\u00e9clarait l\u2019ancienne idole plan\u00e9taire.<\/p>\n","protected":false},"excerpt":{"rendered":"Star plan\u00e9taire, ic\u00f4ne f\u00e9minine du cin\u00e9ma puis pasionaria de la cause animale coutumi\u00e8re des sorties pol\u00e9miques\u00a0: Brigitte Bardot&hellip;\n","protected":false},"author":2,"featured_media":626852,"comment_status":"","ping_status":"","sticky":false,"template":"","format":"standard","meta":{"footnotes":""},"categories":[2819],"tags":[1111,11,73617,1777,674,1011,27,12,2401,882,25],"class_list":{"0":"post-626851","1":"post","2":"type-post","3":"status-publish","4":"format-standard","5":"has-post-thumbnail","7":"category-nice","8":"tag-actu","9":"tag-actualites","10":"tag-brigittebardot","11":"tag-eu","12":"tag-europe","13":"tag-fr","14":"tag-france","15":"tag-news","16":"tag-nice","17":"tag-provence-alpes-cote-dazur","18":"tag-republique-francaise"},"share_on_mastodon":{"url":"https:\/\/pubeurope.com\/@fr\/115796659358156120","error":""},"_links":{"self":[{"href":"https:\/\/www.europesays.com\/fr\/wp-json\/wp\/v2\/posts\/626851","targetHints":{"allow":["GET"]}}],"collection":[{"href":"https:\/\/www.europesays.com\/fr\/wp-json\/wp\/v2\/posts"}],"about":[{"href":"https:\/\/www.europesays.com\/fr\/wp-json\/wp\/v2\/types\/post"}],"author":[{"embeddable":true,"href":"https:\/\/www.europesays.com\/fr\/wp-json\/wp\/v2\/users\/2"}],"replies":[{"embeddable":true,"href":"https:\/\/www.europesays.com\/fr\/wp-json\/wp\/v2\/comments?post=626851"}],"version-history":[{"count":0,"href":"https:\/\/www.europesays.com\/fr\/wp-json\/wp\/v2\/posts\/626851\/revisions"}],"wp:featuredmedia":[{"embeddable":true,"href":"https:\/\/www.europesays.com\/fr\/wp-json\/wp\/v2\/media\/626852"}],"wp:attachment":[{"href":"https:\/\/www.europesays.com\/fr\/wp-json\/wp\/v2\/media?parent=626851"}],"wp:term":[{"taxonomy":"category","embeddable":true,"href":"https:\/\/www.europesays.com\/fr\/wp-json\/wp\/v2\/categories?post=626851"},{"taxonomy":"post_tag","embeddable":true,"href":"https:\/\/www.europesays.com\/fr\/wp-json\/wp\/v2\/tags?post=626851"}],"curies":[{"name":"wp","href":"https:\/\/api.w.org\/{rel}","templated":true}]}}