{"id":626853,"date":"2025-12-28T10:12:28","date_gmt":"2025-12-28T10:12:28","guid":{"rendered":"https:\/\/www.europesays.com\/fr\/626853\/"},"modified":"2025-12-28T10:12:28","modified_gmt":"2025-12-28T10:12:28","slug":"saint-sebastien-sur-loire-le-roller-fait-des-adeptes","status":"publish","type":"post","link":"https:\/\/www.europesays.com\/fr\/626853\/","title":{"rendered":"Saint-S\u00e9bastien-sur-Loire. Le roller fait des adeptes"},"content":{"rendered":"<p>Jusqu\u2019au 31\u00a0d\u00e9cembre, l\u2019Escall a rev\u00eatu ses habits de f\u00eate et accueil les rollers petits, grands, d\u00e9butants \u00e0 bras ouverts dans une ambiance festive et chaleureuse.<\/p>\n<p>L\u2019entr\u00e9e est gratuite, seule la piste de roller co\u00fbte 2\u00a0\u20ac (location roller). Il y a m\u00eame la possibilit\u00e9 d\u2019apporter ses rollers personnels (quads uniquement).<\/p>\n<p>En plus du roller, il y a un espace de jeux ouvert \u00e0 tous (baby-foot, flipper, hockey, ping-pong\u2026) Les horaires sont\u00a0de 10\u00a0h\u00a030 \u00e0 12\u00a0h\u00a030 et de 14\u00a0h \u00e0 19\u00a0h. Fermeture \u00e0 16\u00a0h\u00a030 les 24 et 31\u00a0d\u00e9cembre. Fermeture compl\u00e8te le 1er\u00a0janvier.<\/p>\n<p>Un bar et\u00a0un espace restauration sont sur place.<\/p>\n<p>\u00a0<\/p>\n","protected":false},"excerpt":{"rendered":"Jusqu\u2019au 31\u00a0d\u00e9cembre, l\u2019Escall a rev\u00eatu ses habits de f\u00eate et accueil les rollers petits, grands, d\u00e9butants \u00e0 bras&hellip;\n","protected":false},"author":2,"featured_media":626854,"comment_status":"","ping_status":"","sticky":false,"template":"","format":"standard","meta":{"footnotes":""},"categories":[2818],"tags":[1111,11,64286,1777,674,21,1011,27,766,12,2636,25,4888,3524],"class_list":{"0":"post-626853","1":"post","2":"type-post","3":"status-publish","4":"format-standard","5":"has-post-thumbnail","7":"category-nantes","8":"tag-actu","9":"tag-actualites","10":"tag-adeptes","11":"tag-eu","12":"tag-europe","13":"tag-fait","14":"tag-fr","15":"tag-france","16":"tag-nantes","17":"tag-news","18":"tag-pays-de-la-loire","19":"tag-republique-francaise","20":"tag-roller","21":"tag-saint-sebastien-sur-loire"},"share_on_mastodon":{"url":"https:\/\/pubeurope.com\/@fr\/115796662309707850","error":""},"_links":{"self":[{"href":"https:\/\/www.europesays.com\/fr\/wp-json\/wp\/v2\/posts\/626853","targetHints":{"allow":["GET"]}}],"collection":[{"href":"https:\/\/www.europesays.com\/fr\/wp-json\/wp\/v2\/posts"}],"about":[{"href":"https:\/\/www.europesays.com\/fr\/wp-json\/wp\/v2\/types\/post"}],"author":[{"embeddable":true,"href":"https:\/\/www.europesays.com\/fr\/wp-json\/wp\/v2\/users\/2"}],"replies":[{"embeddable":true,"href":"https:\/\/www.europesays.com\/fr\/wp-json\/wp\/v2\/comments?post=626853"}],"version-history":[{"count":0,"href":"https:\/\/www.europesays.com\/fr\/wp-json\/wp\/v2\/posts\/626853\/revisions"}],"wp:featuredmedia":[{"embeddable":true,"href":"https:\/\/www.europesays.com\/fr\/wp-json\/wp\/v2\/media\/626854"}],"wp:attachment":[{"href":"https:\/\/www.europesays.com\/fr\/wp-json\/wp\/v2\/media?parent=626853"}],"wp:term":[{"taxonomy":"category","embeddable":true,"href":"https:\/\/www.europesays.com\/fr\/wp-json\/wp\/v2\/categories?post=626853"},{"taxonomy":"post_tag","embeddable":true,"href":"https:\/\/www.europesays.com\/fr\/wp-json\/wp\/v2\/tags?post=626853"}],"curies":[{"name":"wp","href":"https:\/\/api.w.org\/{rel}","templated":true}]}}