{"id":626863,"date":"2025-12-28T10:19:21","date_gmt":"2025-12-28T10:19:21","guid":{"rendered":"https:\/\/www.europesays.com\/fr\/626863\/"},"modified":"2025-12-28T10:19:21","modified_gmt":"2025-12-28T10:19:21","slug":"top-14-depuis-quand-antoine-dupont-et-romain-ntamack-toulouse-nont-ils-pas-ete-associes-a-la-charniere","status":"publish","type":"post","link":"https:\/\/www.europesays.com\/fr\/626863\/","title":{"rendered":"Top 14 \u2013 Depuis quand Antoine Dupont et Romain Ntamack (Toulouse) n\u2019ont-ils pas \u00e9t\u00e9 associ\u00e9s \u00e0 la charni\u00e8re\u00a0?"},"content":{"rendered":"<p>\n                Face au Stade rochelais ce dimanche, Antoine Dupont et Romain Ntamack seront associ\u00e9s \u00e0 la charni\u00e8re. En Top 14, c\u2019est la premi\u00e8re fois depuis une \u00e9ternit\u00e9\u00a0!\n            <\/p>\n<p><strong><a href=\"https:\/\/www.rugbyrama.fr\/resultats\/rugby\/top-14\/resultats\" target=\"_self\" rel=\"noopener\">Pour d\u00e9fier La\u00a0Rochelle ce dimanche soir (21h05)<\/a><\/strong>, Ugo Mola pourra compter sur nombre de ses cadres. Pour preuve, Antoine Dupont sera titulaire \u00e0 la m\u00eal\u00e9e quand Romain Ntamack a \u00e9t\u00e9 pl\u00e9biscit\u00e9 \u00e0 la m\u00e8ne. Voir les deux internationaux fran\u00e7ais associ\u00e9s d\u2019entr\u00e9e oblige \u00e0 se replonger dans les archives.<\/p>\n<p class=\"std-elt__inline\">\n        <strong>\u00c0 lire aussi :<\/strong><br \/>\n        <a href=\"https:\/\/www.rugbyrama.fr\/2025\/12\/27\/top-14-les-compositions-de-toulouse-la-rochelle-antoine-dupont-va-retrouver-le-stadium-uini-atonio-et-gregory-alldritt-titulaires-13133415.php\" target=\"_blank\" rel=\"noopener\">Top 14 &#8211; Les compositions de Toulouse &#8211; La Rochelle : Antoine Dupont va retrouver le Stadium, Uini Atonio et Gr\u00e9gory Alldritt titulaires<\/a>\n    <\/p>\n<p><strong><a href=\"https:\/\/www.rugbyrama.fr\/2025\/12\/13\/champions-cup-28-a-0-en-seconde-periode-cataclysme-pour-toulouse-qui-sincline-et-perd-tres-gros-en-ecosse-13109495.php\" target=\"_self\" rel=\"noopener\">Lors de la d\u00e9faite \u00e0 Glasgow en Champions Cup (28-21)<\/a><\/strong>, les deux hommes \u00e9taient titulaires ensemble \u00e0 la charni\u00e8re pour la premi\u00e8re fois depuis belle lurette\u00a0! Pr\u00e9cis\u00e9ment depuis le 31\u00a0janvier dernier et <strong><a href=\"https:\/\/www.rugbyrama.fr\/xv-de-france\/\" target=\"_self\" rel=\"noopener\">la victoire du XV de France<\/a><\/strong> face au pays de Galles lors de la premi\u00e8re rencontre du Tournoi des 6 Nations (41-0). Et en Top 14 alors\u00a0? Contre le Racing 92, les deux hommes ont partag\u00e9 quelques minutes sur la pelouse, mais l\u2019ancien Castrais \u00e9tait rempla\u00e7ant au coup d\u2019envoi.<\/p>\n<p>Avec le Stade toulousain, lors de la saison 2024-2025, les deux hommes n\u2019ont form\u00e9 la charni\u00e8re ensemble en Top 14 qu\u2019une seule fois, c\u2019\u00e9tait face \u00e0 Clermont, mais l\u00e0 encore Antoine Dupont avait d\u00e9but\u00e9 sur le banc. Ils n\u2019ont \u00e9t\u00e9 dans le quinze ensemble qu\u2019en Champions Cup, lors de chaque rencontre de la phase de poules. Il faut donc remonter jusqu\u2019\u00e0 la finale de Top 14 2024 brillamment remport\u00e9e 59-3 contre l\u2019UBB pour voir les deux comparses align\u00e9s ensemble dans une rencontre de championnat d\u2019entr\u00e9e de jeu. Les Rochelais sont pr\u00e9venus\u2026<\/p>\n","protected":false},"excerpt":{"rendered":"Face au Stade rochelais ce dimanche, Antoine Dupont et Romain Ntamack seront associ\u00e9s \u00e0 la charni\u00e8re. En Top&hellip;\n","protected":false},"author":2,"featured_media":626864,"comment_status":"","ping_status":"","sticky":false,"template":"","format":"standard","meta":{"footnotes":""},"categories":[2816],"tags":[1111,11,514,1777,674,1011,27,12,2680,25,7205,68796,478,2312],"class_list":{"0":"post-626863","1":"post","2":"type-post","3":"status-publish","4":"format-standard","5":"has-post-thumbnail","7":"category-toulouse","8":"tag-actu","9":"tag-actualites","10":"tag-antoine-dupont","11":"tag-eu","12":"tag-europe","13":"tag-fr","14":"tag-france","15":"tag-news","16":"tag-occitanie","17":"tag-republique-francaise","18":"tag-romain-ntamack","19":"tag-rugby-u00e0-xv","20":"tag-top-14","21":"tag-toulouse"},"share_on_mastodon":{"url":"https:\/\/pubeurope.com\/@fr\/115796689754395455","error":""},"_links":{"self":[{"href":"https:\/\/www.europesays.com\/fr\/wp-json\/wp\/v2\/posts\/626863","targetHints":{"allow":["GET"]}}],"collection":[{"href":"https:\/\/www.europesays.com\/fr\/wp-json\/wp\/v2\/posts"}],"about":[{"href":"https:\/\/www.europesays.com\/fr\/wp-json\/wp\/v2\/types\/post"}],"author":[{"embeddable":true,"href":"https:\/\/www.europesays.com\/fr\/wp-json\/wp\/v2\/users\/2"}],"replies":[{"embeddable":true,"href":"https:\/\/www.europesays.com\/fr\/wp-json\/wp\/v2\/comments?post=626863"}],"version-history":[{"count":0,"href":"https:\/\/www.europesays.com\/fr\/wp-json\/wp\/v2\/posts\/626863\/revisions"}],"wp:featuredmedia":[{"embeddable":true,"href":"https:\/\/www.europesays.com\/fr\/wp-json\/wp\/v2\/media\/626864"}],"wp:attachment":[{"href":"https:\/\/www.europesays.com\/fr\/wp-json\/wp\/v2\/media?parent=626863"}],"wp:term":[{"taxonomy":"category","embeddable":true,"href":"https:\/\/www.europesays.com\/fr\/wp-json\/wp\/v2\/categories?post=626863"},{"taxonomy":"post_tag","embeddable":true,"href":"https:\/\/www.europesays.com\/fr\/wp-json\/wp\/v2\/tags?post=626863"}],"curies":[{"name":"wp","href":"https:\/\/api.w.org\/{rel}","templated":true}]}}