{"id":626865,"date":"2025-12-28T10:22:15","date_gmt":"2025-12-28T10:22:15","guid":{"rendered":"https:\/\/www.europesays.com\/fr\/626865\/"},"modified":"2025-12-28T10:22:15","modified_gmt":"2025-12-28T10:22:15","slug":"apres-le-deces-dune-femme-a-noel-a-lille-son-conjoint-mis-en-examen-pour-meurtre","status":"publish","type":"post","link":"https:\/\/www.europesays.com\/fr\/626865\/","title":{"rendered":"Apr\u00e8s le d\u00e9c\u00e8s d\u2019une femme \u00e0 No\u00ebl \u00e0 Lille, son conjoint mis en examen pour meurtre"},"content":{"rendered":"<p>                    Par<br \/>\n        <strong><br \/>\n            <a href=\"https:\/\/actu.fr\/auteur\/redaction-lille\" title=\"Consulter tous les articles de R\u00e9daction Lille\" target=\"_blank\" rel=\"noopener\">R\u00e9daction Lille<\/a><br \/>\n                    <\/strong><\/p>\n<p>        Publi\u00e9 le<\/p>\n<p>            28 d\u00e9c. 2025 \u00e0 10h16        <\/p>\n<p>Cette semaine de No\u00ebl a \u00e9t\u00e9 meurtri\u00e8re pour les femmes \u00e0 Lille. <b>Une femme de 34\u00a0ans a \u00e9t\u00e9 retrouv\u00e9e morte \u00e0 Lille<\/b> jeudi 25\u00a0d\u00e9cembre 2025. <b>Son compagnon a \u00e9t\u00e9 mis en examen<\/b> samedi 27\u00a0d\u00e9cembre 2025 <b>pour meurtre <\/b>par conjoint, a indiqu\u00e9 \u00e0 l\u2019AFP le parquet de Lille. Cela fait <b>deux femmes victimes<\/b> de meurtres par leur conjoint en trois jours \u00e0 Lille.<\/p>\n<p>Il ne reconna\u00eet pas les faits<\/p>\n<p class=\" wall-content\">Le conjoint de la femme belge de 34\u00a0ans morte le 25\u00a0d\u00e9cembre 2025 \u00e0 Lille a \u00e9t\u00e9 plac\u00e9 en d\u00e9tention provisoire, \u00ab\u2009sans reconna\u00eetre les faits \u00e0 ce stade\u2009\u00bb, a pr\u00e9cis\u00e9 le procureur de la R\u00e9publique adjoint de Lille, Antoine Berthelot.<\/p>\n<p class=\" wall-content\">Le corps de la trentenaire avait \u00e9t\u00e9 retrouv\u00e9 \u00ab\u2009couvert de plusieurs h\u00e9matomes et avec des dents cass\u00e9es le jour de No\u00ebl au domicile de son compagnon, \u00e2g\u00e9 de 36\u00a0ans\u2009\u00bb, avait indiqu\u00e9 une source polici\u00e8re \u00e0 l\u2019AFP.<\/p>\n<p class=\" wall-content\">Les policiers ont constat\u00e9 des traces de violences, dont du sang, une porte bris\u00e9e et du mobilier fractur\u00e9 lors de leur intervention, selon cette source.<\/p>\n<p class=\" wall-content\">Le conjoint de la victime, un Alg\u00e9rien de 36\u00a0ans, en situation r\u00e9guli\u00e8re sur le territoire fran\u00e7ais et connu de la justice pour d\u00e9lit routier, pr\u00e9sentait des griffures au moment de son interpellation, selon cette m\u00eame source.<\/p>\n<p class=\" wall-content\">Mais il nie les violences\u2009: il aurait retrouv\u00e9 sa compagne morte \u00e0 son r\u00e9veil apr\u00e8s une soir\u00e9e alcoolis\u00e9e pendant laquelle \u00e9tait pr\u00e9sente une autre de leurs connaissances.<\/p>\n<p>Un deuxi\u00e8me homme mis en examen<\/p>\n<p class=\" wall-content\">Un deuxi\u00e8me homme, \u00e2g\u00e9 de 47\u00a0ans et \u00ab\u2009ami du compagnon de la victime, h\u00e9berg\u00e9 depuis plusieurs semaines au domicile commun\u2009\u00bb a \u00e9galement \u00e9t\u00e9 mis en examen pour non-assistance \u00e0 personne en danger, selon M. Berthelot.<\/p>\n<p>Votre r\u00e9gion, votre actu !<\/p>\n<p>Recevez chaque jour les infos qui comptent pour vous.<\/p>\n<p>\t<a href=\"https:\/\/actu.fr\/newsletter\" class=\"ac-btn ac-btn--corner ac-btn--medium ac-btn--blue800\" target=\"_blank\" rel=\"noopener\">S&rsquo;incrire<\/a><\/p>\n<p class=\" wall-content\">Ce deuxi\u00e8me homme est plac\u00e9 sous contr\u00f4le judiciaire, a-t-il ajout\u00e9.<\/p>\n<p class=\" wall-content\">Chaque jour en France, plus de trois femmes sont victimes de f\u00e9minicide ou tentative de f\u00e9minicide conjugal, un chiffre en hausse sur un an, selon les donn\u00e9es de 2024 de la mission interminist\u00e9rielle pour la protection des femmes (Miprof) publi\u00e9es en novembre.<\/p>\n<p class=\" wall-content\">Samedi 27\u00a0d\u00e9cembre 2025, \u00e0 Lille \u00e9galement, une femme de 25\u00a0ans a \u00e9t\u00e9 retrouv\u00e9e morte, son compagnon de 29\u00a0ans a reconnu l\u2019avoir tu\u00e9e \u00e0 coups de couteau, selon le parquet de Lille.<\/p>\n<p class=\" wall-content\"><b>AFP<\/b><\/p>\n<p class=\" wall-content\">Personnalisez votre actualit\u00e9 en ajoutant vos villes et m\u00e9dias en favori avec <a href=\"https:\/\/moncompte.actu.fr\" title=\"D\u00e9couvez Mon Actu\" rel=\"nofollow noopener\" data-trk=\"{&quot;cta&quot;:{&quot;action&quot;:&quot;https:\\\/\\\/moncompte.actu.fr&quot;,&quot;category&quot;:&quot;mon compte&quot;,&quot;from&quot;:&quot;article footer&quot;,&quot;name&quot;:&quot;Mon actu&quot;,&quot;type&quot;:&quot;cta&quot;}}\" target=\"_blank\">Mon Actu<\/a>.<\/p>\n","protected":false},"excerpt":{"rendered":"Par R\u00e9daction Lille Publi\u00e9 le 28 d\u00e9c. 2025 \u00e0 10h16 Cette semaine de No\u00ebl a \u00e9t\u00e9 meurtri\u00e8re pour&hellip;\n","protected":false},"author":2,"featured_media":626866,"comment_status":"","ping_status":"","sticky":false,"template":"","format":"standard","meta":{"footnotes":""},"categories":[2815],"tags":[1111,11,1777,674,118,3555,1011,27,811,1307,12,25],"class_list":{"0":"post-626865","1":"post","2":"type-post","3":"status-publish","4":"format-standard","5":"has-post-thumbnail","7":"category-lille","8":"tag-actu","9":"tag-actualites","10":"tag-eu","11":"tag-europe","12":"tag-faits-divers","13":"tag-feminicide","14":"tag-fr","15":"tag-france","16":"tag-hauts-de-france","17":"tag-lille","18":"tag-news","19":"tag-republique-francaise"},"share_on_mastodon":{"url":"https:\/\/pubeurope.com\/@fr\/115796701799458753","error":""},"_links":{"self":[{"href":"https:\/\/www.europesays.com\/fr\/wp-json\/wp\/v2\/posts\/626865","targetHints":{"allow":["GET"]}}],"collection":[{"href":"https:\/\/www.europesays.com\/fr\/wp-json\/wp\/v2\/posts"}],"about":[{"href":"https:\/\/www.europesays.com\/fr\/wp-json\/wp\/v2\/types\/post"}],"author":[{"embeddable":true,"href":"https:\/\/www.europesays.com\/fr\/wp-json\/wp\/v2\/users\/2"}],"replies":[{"embeddable":true,"href":"https:\/\/www.europesays.com\/fr\/wp-json\/wp\/v2\/comments?post=626865"}],"version-history":[{"count":0,"href":"https:\/\/www.europesays.com\/fr\/wp-json\/wp\/v2\/posts\/626865\/revisions"}],"wp:featuredmedia":[{"embeddable":true,"href":"https:\/\/www.europesays.com\/fr\/wp-json\/wp\/v2\/media\/626866"}],"wp:attachment":[{"href":"https:\/\/www.europesays.com\/fr\/wp-json\/wp\/v2\/media?parent=626865"}],"wp:term":[{"taxonomy":"category","embeddable":true,"href":"https:\/\/www.europesays.com\/fr\/wp-json\/wp\/v2\/categories?post=626865"},{"taxonomy":"post_tag","embeddable":true,"href":"https:\/\/www.europesays.com\/fr\/wp-json\/wp\/v2\/tags?post=626865"}],"curies":[{"name":"wp","href":"https:\/\/api.w.org\/{rel}","templated":true}]}}