{"id":626867,"date":"2025-12-28T10:23:17","date_gmt":"2025-12-28T10:23:17","guid":{"rendered":"https:\/\/www.europesays.com\/fr\/626867\/"},"modified":"2025-12-28T10:23:17","modified_gmt":"2025-12-28T10:23:17","slug":"marseille-attaque-a-belsunce-jeune-handicape-frappe-zoo-foudroye-ces-dix-affaires-marquantes-de-2025","status":"publish","type":"post","link":"https:\/\/www.europesays.com\/fr\/626867\/","title":{"rendered":"Marseille. Attaque \u00e0 Belsunce, jeune handicap\u00e9 frapp\u00e9, zoo foudroy\u00e9&#8230; Ces dix affaires marquantes de 2025"},"content":{"rendered":"<p>                    Par<br \/>\n        <strong><br \/>\n            <a href=\"https:\/\/actu.fr\/auteur\/thibault-nadal-actu-fr\" title=\"Consulter tous les articles de Thibault Nadal\" target=\"_blank\" rel=\"noopener\">Thibault Nadal<\/a><br \/>\n                    <\/strong><\/p>\n<p>        Publi\u00e9 le<\/p>\n<p>            28 d\u00e9c. 2025 \u00e0 8h30        <\/p>\n<p>Des images insoutenables, m\u00eame plusieurs mois apr\u00e8s. En mai dernier, <a href=\"https:\/\/actu.fr\/marseille\/\" target=\"_blank\" rel=\"noopener\">Marseille<\/a> et la France d\u00e9couvraient <a href=\"https:\/\/actu.fr\/provence-alpes-cote-d-azur\/marseille_13055\/video-violences-envers-un-jeune-polyhandicape-a-marseille-nous-demandons-justice-pour-rayan_62809393.html\" target=\"_blank\" rel=\"noopener\">le calvaire endur\u00e9 par Rayan<\/a>, jeune polyhandicap\u00e9 frapp\u00e9 par son auxiliaire de vie. Cette affaire a provoqu\u00e9 un vif \u00e9moi.<\/p>\n<p class=\" wall-content\">L\u2019actualit\u00e9 a \u00e9t\u00e9, une nouvelle fois, mouvement\u00e9e en cette ann\u00e9e 2025. Voici les dix plus marquantes, selon une s\u00e9lection d\u2019actu Marseille.<\/p>\n<p>Les dix faits divers de l\u2019ann\u00e9e<\/p>\n<p class=\"expresso-item wall-content\"><a title=\"Lire l&#039;article\" href=\"https:\/\/actu.fr\/provence-alpes-cote-d-azur\/marseille_13055\/marseille-le-deces-dans-un-cimetiere-aurait-il-pu-etre-evite-rien-n-a-ete-fait_62322669.html\" target=\"_blank\" rel=\"noopener\"><strong>Marseille. Le d\u00e9c\u00e8s dans un cimeti\u00e8re aurait-il pu \u00eatre \u00e9vit\u00e9\u2009? \u00ab\u2009Rien n\u2019a \u00e9t\u00e9 fait\u2009\u00bb<\/strong><\/a><br \/>Fin f\u00e9vrier, une femme de 56\u00a0ans est morte apr\u00e8s avoir chut\u00e9 dans une tombe ouverte au sein du cimeti\u00e8re Saint-Pierre, dans le cinqui\u00e8me arrondissement. Ce drame a suscit\u00e9 beaucoup de col\u00e8re et d\u2019incompr\u00e9hension. Notamment aupr\u00e8s de Bernadette, une habitu\u00e9e des lieux qui avait signal\u00e9 le danger \u00ab\u2009il y a plus d\u2019un an et demi\u2009\u00bb.<\/p>\n<p class=\"expresso-item wall-content\"><a title=\"Lire l&#039;article\" href=\"https:\/\/actu.fr\/provence-alpes-cote-d-azur\/marseille_13055\/marseille-abusee-par-un-anarcoeur-elle-lance-l-alerte-il-fait-des-victimes-partout-en-france_62478902.html\" target=\"_blank\" rel=\"noopener\"><strong>Marseille. Abus\u00e9e par un \u00ab\u2009arnac\u0153ur\u2009\u00bb, elle lance l\u2019alerte\u2009: \u00ab Il fait des victimes partout en France\u2009\u00bb<\/strong><\/a><br \/>Barbara, habitante de Berre-l\u2019\u00c9tang, raconte avoir \u00e9t\u00e9 arnaqu\u00e9e par son compagnon qui lui a soutir\u00e9 de l\u2019argent. Elle a accept\u00e9 de raconter son histoire, car son compagnon \u00e9tait en r\u00e9alit\u00e9 un escroc professionnel qui avait s\u00e9vi dans plusieurs villes fran\u00e7aises.<\/p>\n<p>    <img   decoding=\"async\" loading=\"lazy\" src=\"https:\/\/www.europesays.com\/fr\/wp-content\/uploads\/2025\/12\/arnaque-marseille-960x640.jpg\" alt=\"Barbara, 32 ans, se dit victime d\u2019un homme qui s\u2019en prend \u00e0 \u00ab\u2009des femmes au pass\u00e9 tr\u00e8s difficile\u2009\u00bb et \u00e0 qui il soutire de l\u2019argent.\" width=\"960\" height=\"640\"\/><br \/>\n    Barbara, 32\u00a0ans, se dit victime d\u2019un homme qui s\u2019en prend \u00e0 \u00ab\u2009des femmes au pass\u00e9 tr\u00e8s difficile\u2009\u00bb et \u00e0 qui il soutire de l\u2019argent. (\u00a9Fabien Binacchi \/ actu Marseille)<\/p>\n<p class=\"expresso-item wall-content\"><a title=\"Lire l&#039;article\" href=\"https:\/\/actu.fr\/provence-alpes-cote-d-azur\/marseille_13055\/rayan-polyhandicape-frappe-par-son-auxiliaire-de-vie-a-marseille-il-a-detruit-nos-vies_62626937.html\" target=\"_blank\" rel=\"noopener\"><strong>Rayan, polyhandicap\u00e9, frapp\u00e9 par son auxiliaire de vie \u00e0 Marseille\u2009: \u00ab\u2009Il a d\u00e9truit nos vies\u2009\u00bb<\/strong><\/a><br \/>Ce sont des images qui ont \u00e9mu bien au-del\u00e0 de Marseille. En avril dernier, une vid\u00e9o d\u00e9voilait les souffrances de Rayan, jeune polyhandicap\u00e9. Le jeune de 18\u00a0ans a \u00e9t\u00e9 frapp\u00e9 \u00e0 de multiples reprises par son auxiliaire de vie. Un drame qui a boulevers\u00e9 la vie de cette famille.<\/p>\n<p class=\"expresso-item wall-content\"><a title=\"Lire l&#039;article\" href=\"https:\/\/actu.fr\/provence-alpes-cote-d-azur\/la-barben_13009\/zoo-foudroye-pres-de-marseille-c-est-exceptionnel-on-n-avait-jamais-vu-ca-depuis-10-ans_62636778.html\" target=\"_blank\" rel=\"noopener\"><strong>Zoo foudroy\u00e9 pr\u00e8s de Marseille\u2009: \u00ab\u2009C\u2019est exceptionnel, on n\u2019avait pas vu \u00e7a depuis 10\u00a0ans\u2009\u00bb<\/strong><\/a><br \/>Le 14\u00a0mai dernier, le parc animalier de La Barben \u00e9tait frapp\u00e9 par de la foudre, faisant plus d\u2019une dizaine de bless\u00e9s, dont un grave. Cet \u00e9v\u00e9nement rarissime ne s\u2019\u00e9tait pas produit depuis au moins dix ans dans le d\u00e9partement.<\/p>\n<p class=\"expresso-item wall-content\"><a title=\"Lire l&#039;article\" href=\"https:\/\/actu.fr\/provence-alpes-cote-d-azur\/marseille_13055\/accident-mortel-place-sebastopol-a-marseille-ce-qu-a-declare-l-automobiliste-aux-enqueteurs_62936778.html\" target=\"_blank\" rel=\"noopener\"><strong>Accident mortel place S\u00e9bastopol \u00e0 Marseille\u2009: ce qu\u2019a d\u00e9clar\u00e9 l\u2019automobiliste aux enqu\u00eateurs<\/strong><\/a><br \/>Le 19\u00a0juillet, une femme de 47\u00a0ans \u00e9tait tu\u00e9e et sa fille bless\u00e9e, place S\u00e9bastopol dans le 4e arrondissement apr\u00e8s avoir \u00e9t\u00e9 renvers\u00e9e par une automobiliste. Devant les enqu\u00eateurs, la chauffarde a expliqu\u00e9 ne pas avoir vu les deux femmes. Des r\u00e9v\u00e9lations exclusives d\u2019actu Marseille.<\/p>\n<p class=\"expresso-item wall-content\"><a title=\"Lire l&#039;article\" href=\"https:\/\/actu.fr\/provence-alpes-cote-d-azur\/la-ciotat_13028\/grave-accident-a-la-ciotat-la-famille-refute-la-these-du-plongeon-rate-et-livre-sa-version_63028602.html\" target=\"_blank\" rel=\"noopener\"><strong>Grave accident \u00e0 La Ciotat. La famille r\u00e9fute la th\u00e8se du plongeon rat\u00e9 et livre sa version<\/strong><\/a><br \/>En escale \u00e0 La Ciotat, plusieurs jeunes s\u2019amusent \u00e0 sauter dans le parc des Calanques. Mais cette journ\u00e9e du 10 ao\u00fbt 2025 restera grav\u00e9e dans la vie de cette famille. Un jeune homme a fait une violente chute de plusieurs m\u00e8tres, se blessant gravement. Face aux accusations de \u00ab\u2009plongeon rat\u00e9\u2009\u00bb, sa famille a d\u00e9cid\u00e9 de livrer sa version des faits.<\/p>\n<p class=\"expresso-item wall-content\"><a title=\"Lire l&#039;article\" href=\"https:\/\/actu.fr\/provence-alpes-cote-d-azur\/marseille_13055\/a-marseille-un-mortier-explose-dans-le-salon-d-une-femme-de-92-ans-de-gros-degats_63030604.html\" target=\"_blank\" rel=\"noopener\"><strong>\u00c0 Marseille, un mortier explose dans le salon d\u2019une femme de 92\u00a0ans, de gros d\u00e9g\u00e2ts<\/strong><\/a><br \/>Une bien triste affaire qui a conduit une femme de 92\u00a0ans \u00e0 fuir son domicile. Le 13\u00a0ao\u00fbt dernier, l\u2019appartement de cette retrait\u00e9e, avenue de la Martheline, dans le 9e arrondissement, \u00e9tait en partie d\u00e9truit par un tir de mortier. Selon plusieurs sources, les auteurs auraient rat\u00e9 leur v\u00e9ritable cible.<\/p>\n<p class=\"expresso-item wall-content\"><a title=\"Lire l&#039;article\" href=\"https:\/\/actu.fr\/provence-alpes-cote-d-azur\/marseille_13055\/il-a-massacre-des-vies-un-ophtalmologiste-de-marseille-dans-le-viseur-de-ses-patients_63206074.html\" target=\"_blank\" rel=\"noopener\"><strong>\u00ab\u2009Il a massacr\u00e9 des vies\u2009\u00bb\u2009: un ophtalmologiste de Marseille dans le viseur de ses patients<\/strong><\/a><br \/>Sur le boulevard Baille, un ophtalmologiste est accus\u00e9 par plusieurs patients d\u2019erreurs m\u00e9dicales ou de fraudes. Danielle a vu sa vie basculer en 2021 quand elle a \u00e9t\u00e9 op\u00e9r\u00e9e des yeux. Elle a accept\u00e9 de nous raconter sa tragique histoire.<\/p>\n<p class=\"expresso-item wall-content\"><a title=\"Lire l&#039;article\" href=\"https:\/\/actu.fr\/provence-alpes-cote-d-azur\/marseille_13055\/attaque-au-couteau-a-marseille-ce-commercant-raconte-j-ai-baisse-le-rideau-j-avais-peur_63108146.html\" target=\"_blank\" rel=\"noopener\"><strong>Attaque au couteau \u00e0 Marseille. Ce commer\u00e7ant raconte\u2009: \u00ab\u2009J\u2019ai baiss\u00e9 le rideau, j\u2019avais peur\u2009\u00bb<\/strong><\/a><br \/>Le 2 septembre dernier, un ressortissant tunisien semait le chaos dans le quartier de Belsunce en agressant plusieurs personnes au couteau, avant d\u2019\u00eatre abattu par la police. Un commer\u00e7ant qui a assist\u00e9 au p\u00e9riple de l\u2019agresseur a accept\u00e9 de raconter ce qu\u2019il a vu.<\/p>\n<p>    <img   decoding=\"async\" loading=\"lazy\" src=\"https:\/\/www.europesays.com\/fr\/wp-content\/uploads\/2025\/12\/24dc709c-860b-436d-9fe6-e7ab53fd11dd-960x640.jpg\" alt=\"L'assaillant a \u00e9t\u00e9 abattu par la police devant le snack Istanbul Grill, sur le cours Belsunce, dans le 1er arrondissement de Marseille.\" width=\"960\" height=\"640\"\/><br \/>\n    L\u2019assaillant a \u00e9t\u00e9 abattu par la police devant le snack Istanbul Grill, sur le cours Belsunce, dans le 1er arrondissement de Marseille. (\u00a9Thibault Nadal \/ actu Marseille)<\/p>\n<p class=\"expresso-item wall-content\"><a title=\"Lire l&#039;article\" href=\"https:\/\/actu.fr\/provence-alpes-cote-d-azur\/les-pennes-mirabeau_13071\/voitures-tesla-incendiees-pres-de-marseille-pourquoi-la-piste-criminelle-est-privilegiee_63436699.html\" target=\"_blank\" rel=\"noopener\"><strong>Voitures Tesla incendi\u00e9es pr\u00e8s de Marseille\u2009: pourquoi la piste criminelle est privil\u00e9gi\u00e9e<\/strong><\/a><br \/>Mi-novembre, 24 voitures \u00e9lectriques Tesla ont \u00e9t\u00e9 incendi\u00e9es chez un concessionnaire aux Pennes-Mirabeau. Tr\u00e8s rapidement, la piste criminelle est privil\u00e9gi\u00e9e par les enqu\u00eateurs gr\u00e2ce \u00e0 l\u2019aide des cam\u00e9ras de surveillance.<\/p>\n<p class=\" wall-content\">Personnalisez votre actualit\u00e9 en ajoutant vos villes et m\u00e9dias en favori avec <a href=\"https:\/\/moncompte.actu.fr\" title=\"D\u00e9couvez Mon Actu\" rel=\"nofollow noopener\" data-trk=\"{&quot;cta&quot;:{&quot;action&quot;:&quot;https:\\\/\\\/moncompte.actu.fr&quot;,&quot;category&quot;:&quot;mon compte&quot;,&quot;from&quot;:&quot;article footer&quot;,&quot;name&quot;:&quot;Mon actu&quot;,&quot;type&quot;:&quot;cta&quot;}}\" target=\"_blank\">Mon Actu<\/a>.<\/p>\n","protected":false},"excerpt":{"rendered":"Par Thibault Nadal Publi\u00e9 le 28 d\u00e9c. 2025 \u00e0 8h30 Des images insoutenables, m\u00eame plusieurs mois apr\u00e8s. En&hellip;\n","protected":false},"author":2,"featured_media":626868,"comment_status":"","ping_status":"","sticky":false,"template":"","format":"standard","meta":{"footnotes":""},"categories":[2814],"tags":[1111,11,1777,674,1011,27,884,12,882,25,104],"class_list":{"0":"post-626867","1":"post","2":"type-post","3":"status-publish","4":"format-standard","5":"has-post-thumbnail","7":"category-marseille","8":"tag-actu","9":"tag-actualites","10":"tag-eu","11":"tag-europe","12":"tag-fr","13":"tag-france","14":"tag-marseille","15":"tag-news","16":"tag-provence-alpes-cote-dazur","17":"tag-republique-francaise","18":"tag-societe"},"share_on_mastodon":{"url":"https:\/\/pubeurope.com\/@fr\/115796706655063824","error":""},"_links":{"self":[{"href":"https:\/\/www.europesays.com\/fr\/wp-json\/wp\/v2\/posts\/626867","targetHints":{"allow":["GET"]}}],"collection":[{"href":"https:\/\/www.europesays.com\/fr\/wp-json\/wp\/v2\/posts"}],"about":[{"href":"https:\/\/www.europesays.com\/fr\/wp-json\/wp\/v2\/types\/post"}],"author":[{"embeddable":true,"href":"https:\/\/www.europesays.com\/fr\/wp-json\/wp\/v2\/users\/2"}],"replies":[{"embeddable":true,"href":"https:\/\/www.europesays.com\/fr\/wp-json\/wp\/v2\/comments?post=626867"}],"version-history":[{"count":0,"href":"https:\/\/www.europesays.com\/fr\/wp-json\/wp\/v2\/posts\/626867\/revisions"}],"wp:featuredmedia":[{"embeddable":true,"href":"https:\/\/www.europesays.com\/fr\/wp-json\/wp\/v2\/media\/626868"}],"wp:attachment":[{"href":"https:\/\/www.europesays.com\/fr\/wp-json\/wp\/v2\/media?parent=626867"}],"wp:term":[{"taxonomy":"category","embeddable":true,"href":"https:\/\/www.europesays.com\/fr\/wp-json\/wp\/v2\/categories?post=626867"},{"taxonomy":"post_tag","embeddable":true,"href":"https:\/\/www.europesays.com\/fr\/wp-json\/wp\/v2\/tags?post=626867"}],"curies":[{"name":"wp","href":"https:\/\/api.w.org\/{rel}","templated":true}]}}