{"id":626869,"date":"2025-12-28T10:24:12","date_gmt":"2025-12-28T10:24:12","guid":{"rendered":"https:\/\/www.europesays.com\/fr\/626869\/"},"modified":"2025-12-28T10:24:12","modified_gmt":"2025-12-28T10:24:12","slug":"om-kombouare-degaine-cette-phrase-qui-va-faire-grincer-marseille","status":"publish","type":"post","link":"https:\/\/www.europesays.com\/fr\/626869\/","title":{"rendered":"OM : Kombouar\u00e9 d\u00e9gaine\u2026 cette phrase qui va faire grincer Marseille"},"content":{"rendered":"<p>La rivalit\u00e9 ne s\u2019\u00e9teint jamais vraiment. M\u00eame loin des bancs, Antoine Kombouar\u00e9 n\u2019a pas r\u00e9sist\u00e9 \u00e0 l\u2019envie de raviver la flamme, profitant d\u2019un souvenir r\u00e9cent pour glisser une pique bien sentie \u00e0 l\u2019Olympique de Marseille.<\/p>\n<p>Revenant sur la finale de Ligue des champions remport\u00e9e par le PSG face \u00e0 l\u2019Inter Milan, l\u2019ancien entra\u00eeneur a savour\u00e9 ce succ\u00e8s historique v\u00e9cu en tant que consultant. Un 5-0 in\u00e9dit \u00e0 ce stade de la comp\u00e9tition, qu\u2019il consid\u00e8re comme une marque ind\u00e9l\u00e9bile dans l\u2019histoire du football europ\u00e9en.<\/p>\n<p>Et au moment de conclure, Kombouar\u00e9 n\u2019a pas oubli\u00e9 les Marseillais et leur c\u00e9l\u00e8bre slogan. Selon lui, l\u00e0 o\u00f9 certains se revendiquent \u00ab \u00e0 jamais les premiers \u00bb, Paris peut d\u00e9sormais se targuer d\u2019\u00eatre \u00ab \u00e0 jamais les meilleurs \u00bb. Une d\u00e9claration assum\u00e9e, et d\u00e9j\u00e0 promise \u00e0 de longues discussions de l\u2019autre c\u00f4t\u00e9 de la M\u00e9diterran\u00e9e.<\/p>\n","protected":false},"excerpt":{"rendered":"La rivalit\u00e9 ne s\u2019\u00e9teint jamais vraiment. M\u00eame loin des bancs, Antoine Kombouar\u00e9 n\u2019a pas r\u00e9sist\u00e9 \u00e0 l\u2019envie de&hellip;\n","protected":false},"author":2,"featured_media":626870,"comment_status":"","ping_status":"","sticky":false,"template":"","format":"standard","meta":{"footnotes":""},"categories":[2814],"tags":[1111,11,1777,674,1011,27,884,12,882,25],"class_list":{"0":"post-626869","1":"post","2":"type-post","3":"status-publish","4":"format-standard","5":"has-post-thumbnail","7":"category-marseille","8":"tag-actu","9":"tag-actualites","10":"tag-eu","11":"tag-europe","12":"tag-fr","13":"tag-france","14":"tag-marseille","15":"tag-news","16":"tag-provence-alpes-cote-dazur","17":"tag-republique-francaise"},"share_on_mastodon":{"url":"https:\/\/pubeurope.com\/@fr\/115796709503203061","error":""},"_links":{"self":[{"href":"https:\/\/www.europesays.com\/fr\/wp-json\/wp\/v2\/posts\/626869","targetHints":{"allow":["GET"]}}],"collection":[{"href":"https:\/\/www.europesays.com\/fr\/wp-json\/wp\/v2\/posts"}],"about":[{"href":"https:\/\/www.europesays.com\/fr\/wp-json\/wp\/v2\/types\/post"}],"author":[{"embeddable":true,"href":"https:\/\/www.europesays.com\/fr\/wp-json\/wp\/v2\/users\/2"}],"replies":[{"embeddable":true,"href":"https:\/\/www.europesays.com\/fr\/wp-json\/wp\/v2\/comments?post=626869"}],"version-history":[{"count":0,"href":"https:\/\/www.europesays.com\/fr\/wp-json\/wp\/v2\/posts\/626869\/revisions"}],"wp:featuredmedia":[{"embeddable":true,"href":"https:\/\/www.europesays.com\/fr\/wp-json\/wp\/v2\/media\/626870"}],"wp:attachment":[{"href":"https:\/\/www.europesays.com\/fr\/wp-json\/wp\/v2\/media?parent=626869"}],"wp:term":[{"taxonomy":"category","embeddable":true,"href":"https:\/\/www.europesays.com\/fr\/wp-json\/wp\/v2\/categories?post=626869"},{"taxonomy":"post_tag","embeddable":true,"href":"https:\/\/www.europesays.com\/fr\/wp-json\/wp\/v2\/tags?post=626869"}],"curies":[{"name":"wp","href":"https:\/\/api.w.org\/{rel}","templated":true}]}}