{"id":626871,"date":"2025-12-28T10:25:19","date_gmt":"2025-12-28T10:25:19","guid":{"rendered":"https:\/\/www.europesays.com\/fr\/626871\/"},"modified":"2025-12-28T10:25:19","modified_gmt":"2025-12-28T10:25:19","slug":"nathalie-perrin-gilbert-sinterroge-apres-lexplosion-de-saint-fons","status":"publish","type":"post","link":"https:\/\/www.europesays.com\/fr\/626871\/","title":{"rendered":"Nathalie Perrin-Gilbert s&rsquo;interroge apr\u00e8s l\u2019explosion de Saint-Fons"},"content":{"rendered":"<p itemprop=\"description\"><strong>L\u2019\u00e9lue lyonnaise <a href=\"https:\/\/www.lyonmag.com\/profil-personnalite-lyonnaise\/203\/nathalie-perrin-gilbert\" target=\"_blank\" rel=\"noopener\">Nathalie Perrin-Gilbert<\/a> met en cause la responsabilit\u00e9 politique de la M\u00e9tropole et de l\u2019\u00c9tat apr\u00e8s l\u2019explosion mortelle survenue le 22 d\u00e9cembre sur le site industriel d\u2019Elkem Silicones \u00e0 Saint-Fons.<\/strong><\/p>\n<p>Dans une tribune, la candidate aux municipales d\u00e9nonce une \u00ab\u00a0banalisation du risque industriel\u00a0\u00bb et un \u00ab\u00a0d\u00e9ni de responsabilit\u00e9\u00a0\u00bb face \u00e0 <a href=\"https:\/\/www.lyonmag.com\/article\/149128\/explosion-a-elkem-silicones-pres-de-lyon-un-second-deces-a-deplorer\" target=\"_blank\" rel=\"noopener\">un drame qui a fait plusieurs bless\u00e9s graves et d\u00e9sormais deux morts<\/a>.<\/p>\n<p>L\u2019ancienne maire du 1er arrondissement rappelle que l\u2019agglom\u00e9ration lyonnaise a d\u00e9j\u00e0 \u00e9t\u00e9 marqu\u00e9e par des catastrophes industrielles majeures, citant notamment l\u2019explosion de Feyzin en 1966. Selon elle, qualifier l\u2019accident de Saint-Fons d\u2019\u00a0\u00bb\u00e9vitement du pire\u00a0\u00bb, comme l\u2019a fait un vice-pr\u00e9sident de la M\u00e9tropole le soir-m\u00eame, est \u00ab\u00a0ind\u00e9cent\u00a0\u00bb au regard des cons\u00e9quences humaines.<\/p>\n<p>Nathalie Perrin-Gilbert souligne que cette explosion s\u2019inscrit dans une succession d\u2019alertes connues sur le site d\u2019Elkem, \u00e9voquant la mort d\u2019un salari\u00e9 en 2016 et une fuite de chlorosilane en janvier dernier. \u00ab\u00a0Une question simple se pose d\u00e8s lors : qu&rsquo;a-t-on fait, concr\u00e8tement, apr\u00e8s ces alertes ? Quelle surveillance renforc\u00e9e a \u00e9t\u00e9 mise en place par les pouvoirs publics, mairie, M\u00e9tropole et Etat ? Que s&rsquo;est-il dit et travaill\u00e9 dans les commissions annuelles de suivi de site ?\u00a0\u00bb, s&rsquo;interroge-t-elle.<\/p>\n<p>NPG rappelle avoir demand\u00e9, d\u00e8s le 29 ao\u00fbt dernier, la tenue d\u2019une commission m\u00e9tropolitaine d\u00e9di\u00e9e aux risques industriels, demande rejet\u00e9e par le pr\u00e9sident de la M\u00e9tropole <a href=\"https:\/\/www.lyonmag.com\/profil-personnalite-lyonnaise\/518\/bruno-bernard\" target=\"_blank\" rel=\"noopener\">Bruno Bernard<\/a>.<\/p>\n<p>Face \u00e0 ce qu\u2019elle qualifie d\u2019\u00a0\u00bb\u00e9vitement syst\u00e9matique de la responsabilit\u00e9 politique\u00a0\u00bb, Nathalie Perrin-Gilbert appelle solennellement la pr\u00e9f\u00e8te du Rh\u00f4ne, le pr\u00e9sident de la M\u00e9tropole et le maire de Lyon \u00e0 organiser une r\u00e9union publique d\u2019information sur la gestion des risques chimiques et industriels dans l\u2019agglom\u00e9ration.<\/p>\n<p>\u00ab\u00a0La protection des habitants m\u00e9rite mieux que le silence, les faux-semblants et l&rsquo;autosatisfaction, tacle-t-elle. Elle exige de la transparence et de la pr\u00e9vention qui, loin de fragiliser l&rsquo;action publique, la rendent au contraire l\u00e9gitime\u00a0\u00bb.<\/p>\n","protected":false},"excerpt":{"rendered":"L\u2019\u00e9lue lyonnaise Nathalie Perrin-Gilbert met en cause la responsabilit\u00e9 politique de la M\u00e9tropole et de l\u2019\u00c9tat apr\u00e8s l\u2019explosion&hellip;\n","protected":false},"author":2,"featured_media":626872,"comment_status":"","ping_status":"","sticky":false,"template":"","format":"standard","meta":{"footnotes":""},"categories":[1889],"tags":[1111,11,2813,2190,2430,1109,251,1112,2811,1777,674,118,1011,27,1922,1110,1114,2428,2810,12,241,316,25,2812,517,800],"class_list":{"0":"post-626871","1":"post","2":"type-post","3":"status-publish","4":"format-standard","5":"has-post-thumbnail","7":"category-lyon","8":"tag-actu","9":"tag-actualites","10":"tag-article","11":"tag-asvel","12":"tag-auvergne-rhone-alpes","13":"tag-breves","14":"tag-culture","15":"tag-depeches","16":"tag-economique","17":"tag-eu","18":"tag-europe","19":"tag-faits-divers","20":"tag-fr","21":"tag-france","22":"tag-info","23":"tag-informations","24":"tag-infos","25":"tag-lyon","26":"tag-lyonmag","27":"tag-news","28":"tag-ol","29":"tag-politique","30":"tag-republique-francaise","31":"tag-sociale","32":"tag-sport","33":"tag-transports"},"share_on_mastodon":{"url":"https:\/\/pubeurope.com\/@fr\/115796713410973721","error":""},"_links":{"self":[{"href":"https:\/\/www.europesays.com\/fr\/wp-json\/wp\/v2\/posts\/626871","targetHints":{"allow":["GET"]}}],"collection":[{"href":"https:\/\/www.europesays.com\/fr\/wp-json\/wp\/v2\/posts"}],"about":[{"href":"https:\/\/www.europesays.com\/fr\/wp-json\/wp\/v2\/types\/post"}],"author":[{"embeddable":true,"href":"https:\/\/www.europesays.com\/fr\/wp-json\/wp\/v2\/users\/2"}],"replies":[{"embeddable":true,"href":"https:\/\/www.europesays.com\/fr\/wp-json\/wp\/v2\/comments?post=626871"}],"version-history":[{"count":0,"href":"https:\/\/www.europesays.com\/fr\/wp-json\/wp\/v2\/posts\/626871\/revisions"}],"wp:featuredmedia":[{"embeddable":true,"href":"https:\/\/www.europesays.com\/fr\/wp-json\/wp\/v2\/media\/626872"}],"wp:attachment":[{"href":"https:\/\/www.europesays.com\/fr\/wp-json\/wp\/v2\/media?parent=626871"}],"wp:term":[{"taxonomy":"category","embeddable":true,"href":"https:\/\/www.europesays.com\/fr\/wp-json\/wp\/v2\/categories?post=626871"},{"taxonomy":"post_tag","embeddable":true,"href":"https:\/\/www.europesays.com\/fr\/wp-json\/wp\/v2\/tags?post=626871"}],"curies":[{"name":"wp","href":"https:\/\/api.w.org\/{rel}","templated":true}]}}