{"id":626875,"date":"2025-12-28T10:28:19","date_gmt":"2025-12-28T10:28:19","guid":{"rendered":"https:\/\/www.europesays.com\/fr\/626875\/"},"modified":"2025-12-28T10:28:19","modified_gmt":"2025-12-28T10:28:19","slug":"cette-ville-dile-de-france-bien-moins-connue-que-paris-seduit-par-sa-douceur-de-vivre","status":"publish","type":"post","link":"https:\/\/www.europesays.com\/fr\/626875\/","title":{"rendered":"Cette ville d\u2019\u00cele-de-France, bien moins connue que Paris, s\u00e9duit par sa douceur de vivre"},"content":{"rendered":"<p>Je me souviens encore de ma premi\u00e8re escapade \u00e0 <strong>Fontainebleau<\/strong>, cette perle rare nich\u00e9e \u00e0 seulement une heure de la capitale. Pendant que les foules s\u2019agglutinent sur les Champs-\u00c9lys\u00e9es, j\u2019ai d\u00e9couvert une destination o\u00f9 le temps semble avoir ralenti son rythme effr\u00e9n\u00e9. Les fa\u00e7ades ocre de l\u2019architecture historique se refl\u00e8tent dans les eaux paisibles des \u00e9tangs, tandis que les sentiers forestiers s\u2019\u00e9tirent \u00e0 perte de vue sous une canop\u00e9e protectrice.<\/p>\n<p>Cette commune de Seine-et-Marne propose une authenticit\u00e9 que j\u2019ai rarement rencontr\u00e9e ailleurs en \u00cele-de-France. Les terrasses des bistrots accueillent les conversations anim\u00e9es des habitants, cr\u00e9ant cette ambiance chaleureuse que vous cherchez peut-\u00eatre lors de vos p\u00e9riples touristiques.<\/p>\n<p>\n&gt;<\/p>\n<p>Un patrimoine royal qui raconte l\u2019histoire de France<\/p>\n<p>Lorsque je franchis les grilles du <strong>ch\u00e2teau de Fontainebleau<\/strong>, je comprends imm\u00e9diatement pourquoi Fran\u00e7ois Ier en tomba \u00e9perdument amoureux. Cette r\u00e9sidence imp\u00e9riale et royale d\u00e9voile huit si\u00e8cles d\u2019architecture fran\u00e7aise \u00e0 travers ses galeries majestueuses. Les fresques de la galerie Fran\u00e7ois Ier illustrent la Renaissance italienne avec une \u00e9l\u00e9gance stup\u00e9fiante, tandis que <strong>les appartements de Napol\u00e9on<\/strong> t\u00e9moignent du faste imp\u00e9rial.<\/p>\n<p>J\u2019ai pass\u00e9 des heures \u00e0 d\u00e9ambuler dans les jardins \u00e0 la fran\u00e7aise, admirant comment le Grand Canal s\u2019\u00e9tire sur plus d\u2019un kilom\u00e8tre. Contrairement \u00e0 Versailles o\u00f9 vous jouez des coudes pour prendre une photo, ici r\u00e8gne une s\u00e9r\u00e9nit\u00e9 bienvenue. Les visiteurs se dispersent naturellement entre les diff\u00e9rents espaces, cr\u00e9ant une atmosph\u00e8re contemplative.<\/p>\n<tr>\nEspaces remarquables<br \/>\nCaract\u00e9ristiques<br \/>\nTemps de visite conseill\u00e9<br \/>\n<\/tr>\n<tr>\n<td>Grands Appartements<\/td>\n<td>D\u00e9cors Renaissance et Second Empire<\/td>\n<td>90 minutes<\/td>\n<\/tr>\n<tr>\n<td>Jardins \u00e0 la fran\u00e7aise<\/td>\n<td>Parterres g\u00e9om\u00e9triques et Grand Canal<\/td>\n<td>60 minutes<\/td>\n<\/tr>\n<tr>\n<td>Galerie de Diane<\/td>\n<td>Biblioth\u00e8que de 16 000 volumes<\/td>\n<td>30 minutes<\/td>\n<\/tr>\n<p>Pour ceux qui appr\u00e9cient les <a href=\"https:\/\/www.carredinfo.fr\/voyage\/decouvrez-le-raincy-le-plus-beau-village-de-la-seine-saint-denis\/\" target=\"_blank\" rel=\"noopener\">charmes m\u00e9connus de l\u2019\u00cele-de-France<\/a>, cette r\u00e9sidence royale constitue une \u00e9tape incontournable de votre itin\u00e9raire culturel.<\/p>\n<p>La for\u00eat domaniale, terrain de jeu grandeur nature<\/p>\n<p>J\u2019avoue avoir sous-estim\u00e9 <strong>la for\u00eat de Fontainebleau<\/strong> avant ma premi\u00e8re randonn\u00e9e. Ce massif forestier de 25 000 hectares forme un \u00e9crin naturel exceptionnel o\u00f9 les grimpeurs du monde entier viennent tester leur adresse sur des blocs de gr\u00e8s aux formes surprenantes. Les chaos rocheux \u00e9mergent entre les pins sylvestres et les ch\u00eanes centenaires, cr\u00e9ant des paysages dignes des plus beaux r\u00e9cits d\u2019aventure.<\/p>\n<p>Mes sentiers pr\u00e9f\u00e9r\u00e9s vous m\u00e8neront vers des panoramas insoup\u00e7onn\u00e9s :<\/p>\n<ul>\n<li>La route des gorges d\u2019Apremont offre des points de vue spectaculaires sur les formations rocheuses<\/li>\n<li>Le sentier Denecourt-Colinet traverse les zones les plus pittoresques du massif forestier<\/li>\n<li>Les plati\u00e8res du Coquibus r\u00e9v\u00e8lent des \u00e9tendues de sable blanc unique en r\u00e9gion parisienne<\/li>\n<li>La mare aux \u00c9v\u00e9es propose une pause rafra\u00eechissante au c\u0153ur des bois<\/li>\n<\/ul>\n<p>Cette <strong>diversit\u00e9 de paysages<\/strong> transforme chaque excursion en d\u00e9couverte renouvel\u00e9e. J\u2019ai crois\u00e9 des familles pique-niquant paisiblement, des artistes capturant la lumi\u00e8re filtrant entre les feuillages, et des sportifs d\u00e9fiant la gravit\u00e9 sur les blocs d\u2019escalade.<\/p>\n<p><img loading=\"lazy\" width=\"1200\" height=\"800\" decoding=\"async\" src=\"data:image\/svg+xml,%3Csvg%20xmlns=\" http:=\"\" alt=\"Cette ville d\u2019\u00cele-de-France, bien moins connue que Paris, s\u00e9duit par sa douceur de vivre\" data-lazy-src=\"https:\/\/www.europesays.com\/fr\/wp-content\/uploads\/2025\/12\/ville_francilienne_agreable_meconnue_6418.jpg\"\/><\/p>\n<p>Vivre comme un bellifontain le temps d\u2019un s\u00e9jour<\/p>\n<p>Au-del\u00e0 des attractions touristiques, j\u2019appr\u00e9cie particuli\u00e8rement l\u2019art de vivre local qui s\u2019exprime dans les march\u00e9s hebdomadaires. Les producteurs r\u00e9gionaux installent leurs \u00e9tals place de la R\u00e9publique, proposant fromages affin\u00e9s et produits du terroir avec une g\u00e9n\u00e9rosit\u00e9 communicative. Les boutiques d\u2019antiquaires jalonnent les ruelles pav\u00e9es, invitant \u00e0 la fl\u00e2nerie contemplative.<\/p>\n<p>Cette destination combine harmonieusement <strong>richesse culturelle et tranquillit\u00e9 naturelle<\/strong>, offrant une alternative authentique aux circuits touristiques satur\u00e9s de la m\u00e9tropole francilienne.<\/p>\n<p><img loading=\"lazy\" decoding=\"async\" src=\"data:image\/svg+xml,%3Csvg%20xmlns=\" http:=\"\" width=\"100\" height=\"100\" alt=\"Anne-Sophie\" itemprop=\"image\" data-lazy-src=\"https:\/\/www.europesays.com\/fr\/wp-content\/uploads\/2025\/06\/Anne-Sophie.jpg\"\/><\/p>\n<p>Je m\u2019appelle Anne-Sophie et je suis la madame voyage en France de carr\u00e9 d\u2019info !<br \/>Exploratrice boh\u00e8me passionn\u00e9e de d\u00e9couvertes. Ma\u00eetrise l\u2019art de d\u00e9nicher les tr\u00e9sors cach\u00e9s des villes et des villages de France .<br \/>Je sait capturer l\u2019essence des lieux en photographies et j\u2019adore vous emmener avec moi pour profiter de notre magnifique pays \ud83d\ude42<\/p>\n","protected":false},"excerpt":{"rendered":"Je me souviens encore de ma premi\u00e8re escapade \u00e0 Fontainebleau, cette perle rare nich\u00e9e \u00e0 seulement une heure&hellip;\n","protected":false},"author":2,"featured_media":626876,"comment_status":"","ping_status":"","sticky":false,"template":"","format":"standard","meta":{"footnotes":""},"categories":[1592],"tags":[1111,11,73618,1777,674,7405,1011,27,35986,662,12,626,35988,25],"class_list":{"0":"post-626875","1":"post","2":"type-post","3":"status-publish","4":"format-standard","5":"has-post-thumbnail","7":"category-ile-de-france","8":"tag-actu","9":"tag-actualites","10":"tag-escapade-a-fontainebleau","11":"tag-eu","12":"tag-europe","13":"tag-fontainebleau","14":"tag-fr","15":"tag-france","16":"tag-histoire-de-france","17":"tag-ile-de-france","18":"tag-news","19":"tag-paris","20":"tag-patrimoine-royal","21":"tag-republique-francaise"},"share_on_mastodon":{"url":"https:\/\/pubeurope.com\/@fr\/115796725292303631","error":""},"_links":{"self":[{"href":"https:\/\/www.europesays.com\/fr\/wp-json\/wp\/v2\/posts\/626875","targetHints":{"allow":["GET"]}}],"collection":[{"href":"https:\/\/www.europesays.com\/fr\/wp-json\/wp\/v2\/posts"}],"about":[{"href":"https:\/\/www.europesays.com\/fr\/wp-json\/wp\/v2\/types\/post"}],"author":[{"embeddable":true,"href":"https:\/\/www.europesays.com\/fr\/wp-json\/wp\/v2\/users\/2"}],"replies":[{"embeddable":true,"href":"https:\/\/www.europesays.com\/fr\/wp-json\/wp\/v2\/comments?post=626875"}],"version-history":[{"count":0,"href":"https:\/\/www.europesays.com\/fr\/wp-json\/wp\/v2\/posts\/626875\/revisions"}],"wp:featuredmedia":[{"embeddable":true,"href":"https:\/\/www.europesays.com\/fr\/wp-json\/wp\/v2\/media\/626876"}],"wp:attachment":[{"href":"https:\/\/www.europesays.com\/fr\/wp-json\/wp\/v2\/media?parent=626875"}],"wp:term":[{"taxonomy":"category","embeddable":true,"href":"https:\/\/www.europesays.com\/fr\/wp-json\/wp\/v2\/categories?post=626875"},{"taxonomy":"post_tag","embeddable":true,"href":"https:\/\/www.europesays.com\/fr\/wp-json\/wp\/v2\/tags?post=626875"}],"curies":[{"name":"wp","href":"https:\/\/api.w.org\/{rel}","templated":true}]}}