{"id":626877,"date":"2025-12-28T10:29:13","date_gmt":"2025-12-28T10:29:13","guid":{"rendered":"https:\/\/www.europesays.com\/fr\/626877\/"},"modified":"2025-12-28T10:29:13","modified_gmt":"2025-12-28T10:29:13","slug":"2026-doit-etre-une-annee-de-reset-en-matiere-migratoire-estime-sur-rtl-le-depute-charles-rodwell-apres-lattaque-au-couteau-a-paris","status":"publish","type":"post","link":"https:\/\/www.europesays.com\/fr\/626877\/","title":{"rendered":"\u00ab\u00a02026 doit \u00eatre une ann\u00e9e de &lsquo;reset&rsquo; en mati\u00e8re migratoire\u00a0\u00bb, estime sur RTL le d\u00e9put\u00e9 Charles Rodwell apr\u00e8s l&rsquo;attaque au couteau \u00e0 Paris"},"content":{"rendered":"<p class=\"article-p mdl\">L&rsquo;attaque au couteau,\u00a0<a class=\"link\" href=\"https:\/\/www.rtl.fr\/actu\/justice-faits-divers\/connu-de-la-justice-prison-oqtf-ce-qu-on-sait-du-suspect-de-l-attaque-au-couteau-dans-le-metro-parisien-7900582782\" title=\"Connu de la justice, prison, OQTF... Ce qu&#039;on sait du suspect de l&#039;attaque au couteau dans le m\u00e9tro parisien\" target=\"_blank\" rel=\"noopener\">commise vendredi 26 d\u00e9cembre dans le m\u00e9tro parisien<\/a>\u00a0par un jeune malien ayant fait l&rsquo;objet d&rsquo;une obligation de quitter le territoire fran\u00e7ais, relance le d\u00e9bat sur l&rsquo;ex\u00e9cution de ces OQTF et, plus largement, sur la politique migratoire de la France. Au micro de RTL ce dimanche 28 d\u00e9cembre, le d\u00e9put\u00e9 macroniste de la 1\u00e8re circonscription des Yvelines, Charles Rodwell, \u00ab\u00a0constate l&rsquo;\u00e9chec d&rsquo;une partie de notre politique migratoire depuis ces derni\u00e8res ann\u00e9es\u00a0\u00bb.<\/p>\n<p class=\"article-p mdl\">\u00ab\u00a0Maintenant, nous avons le choix : soit nous faisons simplement ce constat, soit nous redressons la barre\u00a0\u00bb, poursuit celui qui a travaill\u00e9 \u00e0 plusieurs reprises sur le sujet \u00e0 l&rsquo;Assembl\u00e9e nationale. Il plaide pour que 2026 soit \u00ab\u00a0une ann\u00e9e de &lsquo;reset&rsquo; [r\u00e9initialisation, ndlr] de notre politique migratoire\u00a0\u00bb. \u00ab\u00a0Nous n&rsquo;avons pas d&rsquo;autre choix que de r\u00e9duire massivement l&rsquo;immigration entrante en France pour assurer la s\u00e9curit\u00e9 des Fran\u00e7ais\u00a0\u00bb, explique-t-il.<\/p>\n<p>            Passer la dur\u00e9e maximale de r\u00e9tention de 90 \u00e0 210 jours<\/p>\n<p class=\"article-p mdl\">D\u00e9but d\u00e9cembre, le d\u00e9put\u00e9 Renaissance a d\u00e9pos\u00e9 une proposition de loi avec l&rsquo;ancien Premier ministre\u00a0<a class=\"link\" href=\"https:\/\/www.rtl.fr\/actu\/politique\/legislative-a-paris-michel-barnier-retrouve-l-assemblee-nationale-apres-32-ans-d-absence-7900546659\" title=\"L\u00e9gislative \u00e0 Paris : Michel Barnier retrouve l&#039;Assembl\u00e9e nationale apr\u00e8s 32 ans d&#039;absence\" target=\"_blank\" rel=\"noopener\">Michel Barnier<\/a>,\u00a0visant \u00e0 renforcer la s\u00e9curit\u00e9, la r\u00e9tention administrative et la pr\u00e9vention des risques d\u2019attentat. Elle doit \u00eatre examin\u00e9e en commission des Lois fin janvier. L&rsquo;un des principaux objectifs de ce texte est d'\u00a0\u00bbaugmenter la dur\u00e9e maximale de r\u00e9tention de 90 \u00e0 180, voire 210 jours pour certains profils qui posent des probl\u00e8mes de troubles \u00e0 l&rsquo;ordre public\u00a0\u00bb d\u00e9taille Charles Rodwell sur RTL.<\/p>\n<p class=\"article-p mdl\">\u00ab\u00a0Les dur\u00e9es de r\u00e9tention des \u00e9trangers sous OQTF sont tr\u00e8s limit\u00e9es. Au bout de 90 jours, le juge est oblig\u00e9 de lib\u00e9rer ces personnes. Je consid\u00e8re que c&rsquo;est insupportable parce que le droit europ\u00e9en nous permet d&rsquo;aller jusqu&rsquo;\u00e0 180 jours, voire 210\u00a0\u00bb, argumente le parlementaire.<\/p>\n<p class=\"article-p mdl\">\u00ab\u00a0L&rsquo;objectif de ce texte est donc de garder ces personnes en r\u00e9tention, de les expulser du territoire fran\u00e7ais avant qu&rsquo;elles ne passent \u00e0 l&rsquo;acte\u00a0\u00bb, abonde l&rsquo;\u00e9lu. Il estime par ailleurs qu'\u00a0\u00bbil y a\u00a0trop d&rsquo;OQTF dans le pays par rapport au nombre de places en centre de r\u00e9tention. Si on veut continuer \u00e0 construire des centres de r\u00e9tention, donc des places pour enfermer des gens dangereux qui n&rsquo;ont rien \u00e0 faire en France, il faut\u00a0<a class=\"link\" href=\"https:\/\/www.rtl.fr\/actu\/politique\/le-compromis-n-est-ni-un-renoncement-ni-une-confusion-lecornu-redit-sa-determination-a-faire-adopter-un-budget-pour-2026-7900582188\" title=\"&quot;Le compromis n&#039;est ni un renoncement, ni une confusion&quot; : Lecornu d\u00e9termin\u00e9 \u00e0 faire adopter un budget pour 2026\" target=\"_blank\" rel=\"noopener\">adopter le budget<\/a>\u00a0\u00bb pour 2026, explique Charles Rodwell, pointant ici \u00ab\u00a0la contradiction majeure du\u00a0<a class=\"link\" href=\"https:\/\/www.rtl.fr\/actu\/politique\/il-fait-les-poches-des-francais-sur-rtl-sebastien-chenu-denonce-la-malhonnetete-de-sebastien-lecornu-sur-le-budget-2026-7900582271\" title=\"&quot;Il fait les poches des Fran\u00e7ais&quot; : sur RTL, S\u00e9bastien Chenu d\u00e9nonce la &quot;malhonn\u00eatet\u00e9&quot; de S\u00e9bastien Lecornu sur le budget 2026\" target=\"_blank\" rel=\"noopener\">Rassemblement national<\/a>\u00a0sur la question\u00a0\u00bb.<\/p>\n<p>    L&rsquo;\u00e9quipe de l&rsquo;\u00e9mission vous recommande<\/p>\n<p class=\"s-newsletter__title\">\n                L\u2019actualit\u00e9 par la r\u00e9daction de RTL dans votre bo\u00eete mail.\n            <\/p>\n<p class=\"s-newsletter__subtitle\">\n                Gr\u00e2ce \u00e0 votre compte RTL abonnez-vous \u00e0 la newsletter RTL info pour suivre toute l&rsquo;actualit\u00e9 au quotidien\n            <\/p>\n<p>\n                                    Lire la suite\n                                <\/p>\n","protected":false},"excerpt":{"rendered":"L&rsquo;attaque au couteau,\u00a0commise vendredi 26 d\u00e9cembre dans le m\u00e9tro parisien\u00a0par un jeune malien ayant fait l&rsquo;objet d&rsquo;une obligation&hellip;\n","protected":false},"author":2,"featured_media":626878,"comment_status":"","ping_status":"","sticky":false,"template":"","format":"standard","meta":{"footnotes":""},"categories":[1888],"tags":[1111,1928,11,1927,1777,674,107,1011,27,1061,4047,1251,12,1926,626,1925,25],"class_list":{"0":"post-626877","1":"post","2":"type-post","3":"status-publish","4":"format-standard","5":"has-post-thumbnail","7":"category-paris","8":"tag-actu","9":"tag-actu-paris","10":"tag-actualites","11":"tag-actualites-paris","12":"tag-eu","13":"tag-europe","14":"tag-fil-info","15":"tag-fr","16":"tag-france","17":"tag-immigration","18":"tag-metro","19":"tag-migrants","20":"tag-news","21":"tag-news-paris","22":"tag-paris","23":"tag-paris-news","24":"tag-republique-francaise"},"share_on_mastodon":{"url":"https:\/\/pubeurope.com\/@fr\/115796729215615544","error":""},"_links":{"self":[{"href":"https:\/\/www.europesays.com\/fr\/wp-json\/wp\/v2\/posts\/626877","targetHints":{"allow":["GET"]}}],"collection":[{"href":"https:\/\/www.europesays.com\/fr\/wp-json\/wp\/v2\/posts"}],"about":[{"href":"https:\/\/www.europesays.com\/fr\/wp-json\/wp\/v2\/types\/post"}],"author":[{"embeddable":true,"href":"https:\/\/www.europesays.com\/fr\/wp-json\/wp\/v2\/users\/2"}],"replies":[{"embeddable":true,"href":"https:\/\/www.europesays.com\/fr\/wp-json\/wp\/v2\/comments?post=626877"}],"version-history":[{"count":0,"href":"https:\/\/www.europesays.com\/fr\/wp-json\/wp\/v2\/posts\/626877\/revisions"}],"wp:featuredmedia":[{"embeddable":true,"href":"https:\/\/www.europesays.com\/fr\/wp-json\/wp\/v2\/media\/626878"}],"wp:attachment":[{"href":"https:\/\/www.europesays.com\/fr\/wp-json\/wp\/v2\/media?parent=626877"}],"wp:term":[{"taxonomy":"category","embeddable":true,"href":"https:\/\/www.europesays.com\/fr\/wp-json\/wp\/v2\/categories?post=626877"},{"taxonomy":"post_tag","embeddable":true,"href":"https:\/\/www.europesays.com\/fr\/wp-json\/wp\/v2\/tags?post=626877"}],"curies":[{"name":"wp","href":"https:\/\/api.w.org\/{rel}","templated":true}]}}