{"id":626879,"date":"2025-12-28T10:30:19","date_gmt":"2025-12-28T10:30:19","guid":{"rendered":"https:\/\/www.europesays.com\/fr\/626879\/"},"modified":"2025-12-28T10:30:19","modified_gmt":"2025-12-28T10:30:19","slug":"%f0%9f%8e%a5news-pros-les-178-realisations-a-voir-revivez-tous-les-buts-inscrits-par-le-paris-saint-germain-en-2025","status":"publish","type":"post","link":"https:\/\/www.europesays.com\/fr\/626879\/","title":{"rendered":"\ud83c\udfa5[News-Pros] Les 178 r\u00e9alisations \u00e0 voir : Revivez tous les buts inscrits par le Paris Saint-Germain en 2025 !"},"content":{"rendered":"<p class=\"date\">\n\t\t\t\t\t\t\t\tPubli\u00e9 le 28 d\u00e9cembre 2025\t\t\t\t\t\t\t\t<\/p>\n<p>\t\t\t\t\t\t\t\t\t\t\t\t\t\t\t\t\t<img decoding=\"async\" class=\"img-responsive img-thumbnail\" src=\"https:\/\/www.europesays.com\/fr\/wp-content\/uploads\/2025\/12\/Breaking-News-2025-12-25T232012.707-1024x576.png\" alt=\"\"\/><\/p>\n<p>Pour finir 2025 en beaut\u00e9, le Paris Saint-Germain a partag\u00e9 une compilation des 178 buts inscrits cette ann\u00e9e. Et on peut vous assurer que vous allez vous r\u00e9galer.<\/p>\n<p>Les \u00e9motions sont garanties dans cette vid\u00e9o de 35 minutes, publi\u00e9e sur la cha\u00eene YouTube du club de la capitale.<\/p>\n<p>Le premier buteur du PSG en 2025 \u00e9tait Ousmane Demb\u00e9l\u00e9, lors de la finale du Troph\u00e9e des Champions le 5 janvier contre l\u2019AS Monaco.<\/p>\n<p>Les r\u00e9alisations en Ligue des Champions sont forc\u00e9ment les plus m\u00e9morables, notamment les quatre buts inscrits lors de la victoire 4-2 contre Manchester City qui a compl\u00e8tement chang\u00e9 la saison 2024\/25 du PSG.<\/p>\n<p>Gon\u00e7alo Ramos est le dernier buteur du club parisien cette ann\u00e9e, avec le cinqui\u00e8me but de la victoire (4-0) contre Fontenay en Coupe de France.<\/p>\n<\/p>\n<p class=\"content-etiquette\">\n\t\t\t\t\t\t\t\t\t<a href=\"https:\/\/www.lestitisdupsg.fr\/tag\/buts-video-psg\/\" rel=\"tag noopener\" target=\"_blank\">buts vid\u00e9o PSG<\/a>\t\t\t\t\t\t\t\t<\/p>\n","protected":false},"excerpt":{"rendered":"Publi\u00e9 le 28 d\u00e9cembre 2025 Pour finir 2025 en beaut\u00e9, le Paris Saint-Germain a partag\u00e9 une compilation des&hellip;\n","protected":false},"author":2,"featured_media":626880,"comment_status":"","ping_status":"","sticky":false,"template":"","format":"standard","meta":{"footnotes":""},"categories":[1888],"tags":[1111,1928,11,1927,1777,674,1011,27,12,1926,626,1925,25],"class_list":{"0":"post-626879","1":"post","2":"type-post","3":"status-publish","4":"format-standard","5":"has-post-thumbnail","7":"category-paris","8":"tag-actu","9":"tag-actu-paris","10":"tag-actualites","11":"tag-actualites-paris","12":"tag-eu","13":"tag-europe","14":"tag-fr","15":"tag-france","16":"tag-news","17":"tag-news-paris","18":"tag-paris","19":"tag-paris-news","20":"tag-republique-francaise"},"share_on_mastodon":{"url":"https:\/\/pubeurope.com\/@fr\/115796733889563550","error":""},"_links":{"self":[{"href":"https:\/\/www.europesays.com\/fr\/wp-json\/wp\/v2\/posts\/626879","targetHints":{"allow":["GET"]}}],"collection":[{"href":"https:\/\/www.europesays.com\/fr\/wp-json\/wp\/v2\/posts"}],"about":[{"href":"https:\/\/www.europesays.com\/fr\/wp-json\/wp\/v2\/types\/post"}],"author":[{"embeddable":true,"href":"https:\/\/www.europesays.com\/fr\/wp-json\/wp\/v2\/users\/2"}],"replies":[{"embeddable":true,"href":"https:\/\/www.europesays.com\/fr\/wp-json\/wp\/v2\/comments?post=626879"}],"version-history":[{"count":0,"href":"https:\/\/www.europesays.com\/fr\/wp-json\/wp\/v2\/posts\/626879\/revisions"}],"wp:featuredmedia":[{"embeddable":true,"href":"https:\/\/www.europesays.com\/fr\/wp-json\/wp\/v2\/media\/626880"}],"wp:attachment":[{"href":"https:\/\/www.europesays.com\/fr\/wp-json\/wp\/v2\/media?parent=626879"}],"wp:term":[{"taxonomy":"category","embeddable":true,"href":"https:\/\/www.europesays.com\/fr\/wp-json\/wp\/v2\/categories?post=626879"},{"taxonomy":"post_tag","embeddable":true,"href":"https:\/\/www.europesays.com\/fr\/wp-json\/wp\/v2\/tags?post=626879"}],"curies":[{"name":"wp","href":"https:\/\/api.w.org\/{rel}","templated":true}]}}