{"id":626881,"date":"2025-12-28T10:31:15","date_gmt":"2025-12-28T10:31:15","guid":{"rendered":"https:\/\/www.europesays.com\/fr\/626881\/"},"modified":"2025-12-28T10:31:15","modified_gmt":"2025-12-28T10:31:15","slug":"mefiez-vous-des-fake-news-non-le-telepherique-de-creteil-nest-pas-tombe-en-panne-pendant-deux-heures-et-aucune-famille-na-porte-plainte","status":"publish","type":"post","link":"https:\/\/www.europesays.com\/fr\/626881\/","title":{"rendered":"\u00ab M\u00e9fiez-vous des fake news \u00bb : non, le t\u00e9l\u00e9ph\u00e9rique de Cr\u00e9teil n\u2019est pas tomb\u00e9 en panne pendant deux heures et aucune famille n\u2019a port\u00e9 plainte"},"content":{"rendered":"<p class=\"paragraph text_align_left lp-f-body-02\">Deux semaines apr\u00e8s sa mise en service, le premier t\u00e9l\u00e9ph\u00e9rique d\u2019\u00cele-de-France, <a href=\"https:\/\/www.leparisien.fr\/val-de-marne-94\/ca-ouvre-plein-de-possibilites-les-habitants-ont-hate-de-monter-dans-le-cable-1-11-12-2025-4EV22WO6T5DGTB4YWRKSDKJSGM.php\" target=\"_self\" rel=\"noopener\">le C\u00e2ble 1<\/a>, continue de faire parler de lui. Et au plus grand d\u00e9sarroi de ses d\u00e9tracteurs, en bien. Depuis qu\u2019il vole dans le ciel du <a href=\"https:\/\/www.leparisien.fr\/val-de-marne-94\/\" target=\"_self\" rel=\"noopener\">Val-de-Marne<\/a>, entre Cr\u00e9teil et Villeneuve-Saint-Georges, aucun incident n\u2019a \u00e9t\u00e9 recens\u00e9.<\/p>\n<p class=\"\">Pour trouver des critiques \u00e0 l\u2019encontre du t\u00e9l\u00e9ph\u00e9rique, il faut se rendre sur les r\u00e9seaux sociaux, rarement avares en la mati\u00e8re. Les premiers jours, certains se sont interrog\u00e9s sur les arr\u00eats de quelques minutes que pouvaient effectuer les cabines en l\u2019air. <a href=\"https:\/\/www.leparisien.fr\/val-de-marne-94\/cable-1-non-meme-sil-sarrete-le-premier-telepherique-dile-de-france-nest-pas-en-panne-15-12-2025-DU4BNZZW2BC4DFPRZXIEGPQU24.php\" target=\"_self\" rel=\"noopener\">Chose qui est parfaitement normale et m\u00eame \u00ab n\u00e9cessaire \u00bb<\/a> dans tout p\u00e9riph\u00e9rique, comme nous l\u2019expliquait \u00cele-de-France Mobilit\u00e9s mi-d\u00e9cembre.<\/p>\n<p>Une vid\u00e9o post\u00e9e sur TikTok \u00e0 la base<\/p>\n<p class=\"\">Quand tout se passe bien, il faut donc cr\u00e9er soi-m\u00eame sa pol\u00e9mique. C\u2019est ce qu\u2019a fait le compte X \u00ab Pascal Laurent \u00bb, suivi par pr\u00e8s de 100 000 personnes. Au milieu de posts prorusses, anti-UE et d\u2019autres carr\u00e9ment racistes, il partage une vid\u00e9o post\u00e9e originellement sur TikTok.<\/p>\n<p class=\"\">Dedans, une voix off explique ce qu\u2019il se serait pass\u00e9. \u00ab Une famille reste bloqu\u00e9e dans le t\u00e9l\u00e9ph\u00e9rique parisien pendant deux heures et porte plainte \u00bb, peut-on entendre. Elle fait savoir qu\u2019\u00ab en plein milieu du trajet, le t\u00e9l\u00e9ph\u00e9rique s\u2019est brusquement arr\u00eat\u00e9 \u00bb et qu\u2019il est rest\u00e9 \u00ab suspendu \u00e0 plusieurs m\u00e8tres du sol \u00bb.<\/p>\n<p>\u00cele-de-France Mobilit\u00e9s r\u00e9agit<\/p>\n<p class=\"\">Selon la vid\u00e9o, post\u00e9e par le compte \u00ab orizonn.fr \u00bb, la famille aurait ressenti \u00ab stress et inqui\u00e9tude face \u00e0 l\u2019absence d\u2019information et \u00e0 l\u2019impossibilit\u00e9 de sortir \u00bb. Elle aurait m\u00eame t\u00e9moign\u00e9 qu\u2019aucune annonce n\u2019aurait \u00e9t\u00e9 faite pendant l\u2019arr\u00eat et aurait donc port\u00e9 plainte, la voix off annon\u00e7ant m\u00eame l\u2019ouverture d\u2019une enqu\u00eate.<\/p>\n<p class=\"\">Des \u00e9l\u00e9ments tous faux, qu\u2019\u00cele-de-France Mobilit\u00e9s a tenu \u00e0 d\u00e9mentir. \u00ab Non, le C1 n\u2019a pas \u00e9t\u00e9 arr\u00eat\u00e9 deux heures et aucune \u00e9vacuation par les pompiers n\u2019a eu lieu depuis son ouverture (\u2026). M\u00e9fiez-vous des fake news et des comptes qui cherchent le buzz au d\u00e9triment de l\u2019information \u00bb, \u00e9crit le compte officiel du t\u00e9l\u00e9ph\u00e9rique francilien sur X.<\/p>\n<p class=\"\">Pourtant, le compte TikTok orizonn.fr avait annonc\u00e9 la couleur. Dans sa biographie, il se d\u00e9finit ainsi : \u00ab Compte parodique, tout pour te faire r\u00e9agir, 91,1 % faux \u00bb.<\/p>\n","protected":false},"excerpt":{"rendered":"Deux semaines apr\u00e8s sa mise en service, le premier t\u00e9l\u00e9ph\u00e9rique d\u2019\u00cele-de-France, le C\u00e2ble 1, continue de faire parler&hellip;\n","protected":false},"author":2,"featured_media":626882,"comment_status":"","ping_status":"","sticky":false,"template":"","format":"standard","meta":{"footnotes":""},"categories":[1888],"tags":[11,1777,674,1011,27,1944,12,626,25,2382],"class_list":{"0":"post-626881","1":"post","2":"type-post","3":"status-publish","4":"format-standard","5":"has-post-thumbnail","7":"category-paris","8":"tag-actualites","9":"tag-eu","10":"tag-europe","11":"tag-fr","12":"tag-france","13":"tag-ma-ville","14":"tag-news","15":"tag-paris","16":"tag-republique-francaise","17":"tag-transport-idf-oise"},"share_on_mastodon":{"url":"https:\/\/pubeurope.com\/@fr\/115796736991614151","error":""},"_links":{"self":[{"href":"https:\/\/www.europesays.com\/fr\/wp-json\/wp\/v2\/posts\/626881","targetHints":{"allow":["GET"]}}],"collection":[{"href":"https:\/\/www.europesays.com\/fr\/wp-json\/wp\/v2\/posts"}],"about":[{"href":"https:\/\/www.europesays.com\/fr\/wp-json\/wp\/v2\/types\/post"}],"author":[{"embeddable":true,"href":"https:\/\/www.europesays.com\/fr\/wp-json\/wp\/v2\/users\/2"}],"replies":[{"embeddable":true,"href":"https:\/\/www.europesays.com\/fr\/wp-json\/wp\/v2\/comments?post=626881"}],"version-history":[{"count":0,"href":"https:\/\/www.europesays.com\/fr\/wp-json\/wp\/v2\/posts\/626881\/revisions"}],"wp:featuredmedia":[{"embeddable":true,"href":"https:\/\/www.europesays.com\/fr\/wp-json\/wp\/v2\/media\/626882"}],"wp:attachment":[{"href":"https:\/\/www.europesays.com\/fr\/wp-json\/wp\/v2\/media?parent=626881"}],"wp:term":[{"taxonomy":"category","embeddable":true,"href":"https:\/\/www.europesays.com\/fr\/wp-json\/wp\/v2\/categories?post=626881"},{"taxonomy":"post_tag","embeddable":true,"href":"https:\/\/www.europesays.com\/fr\/wp-json\/wp\/v2\/tags?post=626881"}],"curies":[{"name":"wp","href":"https:\/\/api.w.org\/{rel}","templated":true}]}}