{"id":626885,"date":"2025-12-28T10:33:22","date_gmt":"2025-12-28T10:33:22","guid":{"rendered":"https:\/\/www.europesays.com\/fr\/626885\/"},"modified":"2025-12-28T10:33:22","modified_gmt":"2025-12-28T10:33:22","slug":"en-direct-guerre-en-ukraine-en-route-pour-la-floride-zelensky-espere-une-discussion-constructive-avec-trump","status":"publish","type":"post","link":"https:\/\/www.europesays.com\/fr\/626885\/","title":{"rendered":"EN DIRECT &#8211; Guerre en Ukraine : en route pour la Floride, Zelensky esp\u00e8re \u00ab\u00a0une discussion constructive\u00a0\u00bb avec Trump"},"content":{"rendered":"<ul class=\"jsx-862013697 ArticleChapo__List\">\n<li class=\"jsx-862013697 ArticleChapo__List_Item flex\">Apr\u00e8s une escale au Canada, Volodymyr Zelensky se rend ce dimanche aux \u00c9tats-Unis pour une rencontre cruciale avec Donald Trump.<\/li>\n<li class=\"jsx-862013697 ArticleChapo__List_Item flex\">Les deux hommes doivent se retrouver en Floride pour \u00e9voquer le plan am\u00e9ricain visant \u00e0 mettre fin \u00e0 la guerre.<\/li>\n<li class=\"jsx-862013697 ArticleChapo__List_Item flex\">Suivez les derni\u00e8res informations en direct.<\/li>\n<\/ul>\n<p><a href=\"https:\/\/www.tf1info.fr\/actualite\/guerre-ukraine-russie-une-rencontre-donald-trump-vladimir-poutine-historique-le-vendredi-15-aout-2025-en-alaska-sans-volodymyr-zelensky-14326\/\" rel=\"noopener\" class=\"jsx-484472199 Link jsx-1428418400 jsx-554215408\" target=\"_blank\"><\/p>\n<p style=\"font-weight:400\" class=\"jsx-1837267516\">Suivez la couverture compl\u00e8te<\/p>\n<p style=\"font-weight:800\" class=\"jsx-1837267516\">Ukraine-Russie : la perspective de n\u00e9gociations relanc\u00e9e ?<\/p>\n<p><\/a>Minute par minuteMOSCOU VA POURSUIVRE \u00ab\u00a0SON ENGAGEMENT\u00a0\u00bb DANS LES N\u00c9GOCIATIONS10:21<\/p>\n<p>Le ministre russe des Affaires \u00e9trang\u00e8res, Sergue\u00ef Lavrov, assure \u00e0 l&rsquo;agence de presse d&rsquo;\u00c9tat TASS que Moscou poursuivra son \u00ab\u00a0engagement aupr\u00e8s des n\u00e9gociateurs am\u00e9ricains afin d&rsquo;\u00e9laborer des accords durables qui s&rsquo;attaquent aux causes profondes du conflit\u00a0\u00bb. Il a \u00e9galement tanc\u00e9 les Europ\u00e9ens. \u00ab\u00a0Apr\u00e8s le changement d&rsquo;administration aux \u00c9tats-Unis, l&rsquo;Europe et l&rsquo;Union europ\u00e9enne sont devenues le principal obstacle \u00e0 la paix\u00a0\u00bb, d\u00e9nonce-t-il, ajoutant que les Europ\u00e9ens \u00ab\u00a0ne cachent pas leurs intentions de pr\u00e9parer une guerre contre la Russie\u00a0\u00bb.\u00a0<\/p>\n<p>\u00ab\u00a0LA RENCONTRE SERA BONNE\u00a0\u00bb09:48<\/p>\n<p>En route pour les Etats-Unis, o\u00f9 il doit s&rsquo;entretenir avec le pr\u00e9sident am\u00e9ricain, Volodymyr Zelensky se montre positif quant \u00e0 sa rencontre avec Donald Trump. \u00a0<\/p>\n<p>\u00ab\u00a0Je suis en route vers les \u00c9tats-Unis avant la rencontre avec le pr\u00e9sident Trump. Nous avons discut\u00e9 de 20 points, notre position sur les questions territoriales, sur la centrale \u00e9lectrique de Zaporijia et sur les questions financi\u00e8res. Comme nous l&rsquo;avons dit, sur les 20 points, 90% sont d\u00e9j\u00e0 pr\u00eats, car les d\u00e9cisions ont \u00e9t\u00e9 prises. Nous souhaitons vivement obtenir ces documents imm\u00e9diatement apr\u00e8s notre conversation. Et nous esp\u00e9rons vivement qu&rsquo;il y aura une discussion constructive aux \u00c9tats-Unis afin de nous r\u00e9unir avec les dirigeants europ\u00e9ens pour entendre tout le travail qui a \u00e9t\u00e9 accompli et en discuter\u00a0\u00bb, souligne le chef d&rsquo;\u00c9tat.\u00a0<\/p>\n<p>\u00ab\u00a0La rencontre avec Trump sera bonne\u00a0\u00bb, assure ZelenskySource : TF1 Info<\/p>\n<p><img decoding=\"async\" src=\"https:\/\/www.europesays.com\/fr\/wp-content\/uploads\/2025\/12\/la-rencontre-avec-trump-sera-bonne-assure-zelensky-cac67b-0@1x.jpeg\" alt=\"&quot;La rencontre avec Trump sera bonne&quot;, assure Zelensky\" loading=\"lazy\" importance=\"low\" fetchpriority=\"low\" class=\"\"\/><img decoding=\"async\" src=\"https:\/\/www.tf1info.fr\/images\/icons\/player-logo-play.svg\" alt=\"Logo lecture\" class=\"jsx-d0de44c05fe3042c PlayerLazyload__Play\"\/>LA POLOGNE PREND DES PR\u00c9CAUTIONS08:36<\/p>\n<p>La Pologne va \u00e9riger de nouvelles fortifications anti-drones le long de sa fronti\u00e8re orientale. Les travaux, d&rsquo;un co\u00fbt sup\u00e9rieur \u00e0 2 milliards d&rsquo;euros, doivent \u00eatre achev\u00e9s d&rsquo;ici \u00e0 24 mois.<\/p>\n<p>International<img decoding=\"async\" src=\"https:\/\/www.europesays.com\/fr\/wp-content\/uploads\/2025\/12\/pologne-drapeau-illus-6a6c77-0@1x.jpeg\" alt=\"Incursions de drones en Europe : un redoutable dispositif de d\u00e9fense va voir le jour en Pologne\" loading=\"lazy\" importance=\"low\" fetchpriority=\"low\" class=\"\" aria-hidden=\"true\"\/><\/p>\n<p>Publi\u00e9 aujourd&rsquo;hui \u00e0 7h35<\/p>\n<p>ZELENSKY-TRUMP06:56<\/p>\n<p>Volodymyr Zelensky rencontre Donald Trump ce dimanche (13h, 20h heure fran\u00e7aise), dans sa r\u00e9sidence de Mar-a-Lago en Floride, pour plaider la cause de l&rsquo;Ukraine. Le pr\u00e9sident ukrainien va tenter de d\u00e9crocher le feu vert du pr\u00e9sident am\u00e9ricain sur la derni\u00e8re version du plan de paix visant \u00e0 mettre fin \u00e0 pr\u00e8s de quatre ans de guerre avec la Russie. Mais le pensionnaire de la Maison Blanche a pr\u00e9venu, Volodymyr Zelensky n&rsquo;aura \u00ab\u00a0rien tant que je ne donne pas mon accord\u00a0\u00bb.\u00a0<\/p>\n<p>Rencontre Trump-Zelensky : tournant de la guerre ?Source : TF1 Info<\/p>\n<p><img decoding=\"async\" src=\"https:\/\/www.europesays.com\/fr\/wp-content\/uploads\/2025\/12\/rencontre-trump-zelensky-tournant-de-la-guerre-59f095-0@1x.jpg\" alt=\"Rencontre Trump-Zelensky : tournant de la guerre ?\" loading=\"lazy\" class=\"jsx-d0de44c05fe3042c PlayerLazyload__Image\"\/><img decoding=\"async\" src=\"https:\/\/www.tf1info.fr\/images\/icons\/player-logo-play.svg\" alt=\"Logo lecture\" class=\"jsx-d0de44c05fe3042c PlayerLazyload__Play\"\/>LE POINT SUR L&rsquo;AGENCE UKRAINIENNE ANTI-CORRUPTION06:52<\/p>\n<p>L&rsquo;Agence anticorruption ukrainienne (NABU) a accus\u00e9 ce samedi plusieurs d\u00e9put\u00e9s d&rsquo;avoir touch\u00e9 des pots-de-vin. Le mois dernier, elle r\u00e9v\u00e9lait d\u00e9j\u00e0 un scandale retentissant, soup\u00e7onnant un proche ami de Volodymyr Zelensky d&rsquo;\u00eatre impliqu\u00e9 dans un d\u00e9tournement colossal.<\/p>\n<p>International<img decoding=\"async\" src=\"https:\/\/www.europesays.com\/fr\/wp-content\/uploads\/2025\/12\/nabu-ukraine-agence-anticorruption-novembre-2025-d15255-0@1x.jpeg\" alt=\"Sur cette photo prise par le m\u00e9dia ukrainien Ukrainska Pravda le 28 novembre 2025, des agents du Bureau national anticorruption (NABU) passent un poste de contr\u00f4le dans le quartier gouvernemental de Kiev. \" loading=\"lazy\" importance=\"low\" fetchpriority=\"low\" class=\"\" aria-hidden=\"true\"\/><\/p>\n<p>Publi\u00e9 hier \u00e0 23h17<\/p>\n<p>BIENVENUE06:47<\/p>\n<p>Bonjour, bienvenue sur ce live pour suivre les derni\u00e8res actualit\u00e9s autour de la guerre en Ukraine.\u00a0<\/p>\n<p data-module=\"article-paragraph\" class=\"jsx-157965717 Paragraph\">Le pr\u00e9sident ukrainien Volodymyr Zelensky, qui a fait escale ce samedi dans la ville canadienne d&rsquo;Halifax sur la route de la Floride, a re\u00e7u le soutien appuy\u00e9 des Europ\u00e9ens et du Canada \u00e0 la veille d&rsquo;une rencontre cruciale avec Donald Trump.<\/p>\n<p data-module=\"article-paragraph\" class=\"jsx-157965717 Paragraph Paragraph__End\">Dans la nuit de vendredi \u00e0 samedi, peu avant le voyage du pr\u00e9sident ukrainien, des frappes russes massives ont vis\u00e9 la capitale Kiev et sa r\u00e9gion, faisant deux morts, une quarantaine de bless\u00e9s et laissant plus d&rsquo;un million de foyers sans \u00e9lectricit\u00e9. Ces nouveaux bombardements montrent que la Russie \u00ab\u00a0ne veut pas mettre fin \u00e0 la guerre\u00a0\u00bb, s&rsquo;est emport\u00e9 M. Zelensky. Plus tard, au cours d&rsquo;une visioconf\u00e9rence entre le chef de l&rsquo;\u00c9tat ukrainien et les principaux dirigeants europ\u00e9ens, le pr\u00e9sident fran\u00e7ais Emmanuel Macron a de son c\u00f4t\u00e9 soulign\u00e9 que ces attaques illustraient \u00ab\u00a0le contraste entre la disposition de l&rsquo;Ukraine \u00e0 b\u00e2tir une paix et durable et la d\u00e9termination de la Russie \u00e0 prolonger la guerre qu&rsquo;elle a d\u00e9clench\u00e9e il y a pr\u00e8s de quatre ans\u00a0\u00bb.<\/p>\n<p><a href=\"https:\/\/www.tf1info.fr\/international\/en-direct-guerre-en-ukraine-zelensky-dit-avoir-eu-une-tres-bonne-conversation-avec-les-emissaires-americains-witkoff-et-kushner-2414940.html\" rel=\"noopener\" class=\"jsx-3308031228 Link flex\" target=\"_blank\"><img decoding=\"async\" src=\"https:\/\/www.europesays.com\/fr\/wp-content\/uploads\/2025\/12\/donald-trump-08-decembre-2025-6e27ce-0@1x.jpeg\" alt=\"Donald Trump \u00e0 la Maison Blanche le 8 d\u00e9cembre 2025.\" loading=\"lazy\" importance=\"low\" fetchpriority=\"low\" class=\"\" aria-hidden=\"true\"\/><\/p>\n<p class=\"jsx-3657663356 ReadMoreArticle__Title\">Lire aussi<\/p>\n<p class=\"jsx-3657663356\">Guerre en Ukraine : Zelensky \u00ab\u00a0n&rsquo;a rien tant que je ne donne pas mon accord\u00a0\u00bb, ass\u00e8ne Trump<\/p>\n<p><\/a><\/p>\n<p data-module=\"article-paragraph\" class=\"jsx-157965717 Paragraph\">Les pays europ\u00e9ens, le Canada, l&rsquo;UE et l&rsquo;Otan ont \u00e0 cette occasion assur\u00e9 M. Zelensky de \u00ab\u00a0leur plein soutien\u00a0\u00bb avant ses discussions pr\u00e9vues pour le lendemain avec le pr\u00e9sident am\u00e9ricain, a d\u00e9clar\u00e9 le chancelier allemand Friedrich Merz. Ce dernier a affirm\u00e9 que les efforts des Europ\u00e9ens et du Canada en vue d'\u00a0\u00bbune paix durable et juste en Ukraine\u00a0\u00bb se feraient \u00ab\u00a0en \u00e9troite coordination avec les \u00c9tats-Unis\u00a0\u00bb. \u00ab\u00a0Nous saluons tous les efforts qui m\u00e8nent \u00e0 notre objectif commun : une paix juste et durable qui pr\u00e9serve la souverainet\u00e9 et l&rsquo;int\u00e9grit\u00e9 territoriale de l&rsquo;Ukraine\u00a0\u00bb, a rench\u00e9ri la pr\u00e9sidente de la Commission europ\u00e9enne, Ursula von der Leyen.<\/p>\n<p data-module=\"article-paragraph\" class=\"jsx-157965717 Paragraph Paragraph__End\">Le Premier ministre canadien Mark Carney a quant \u00e0 lui insist\u00e9, en recevant M. Zelensky en Nouvelle-\u00c9cosse, sur le fait que toute \u00ab\u00a0paix juste et durable\u00a0\u00bb en Ukraine ne pourrait \u00eatre \u00e9tablie qu&rsquo;avec \u00ab\u00a0une Russie pr\u00eate \u00e0 coop\u00e9rer\u00a0\u00bb. \u00ab\u00a0Nous devons mettre fin \u00e0 cette guerre, et pour cela, nous avons besoin de deux choses : exercer une pression sur la Russie et apporter un soutien suffisamment fort \u00e0 l&rsquo;Ukraine\u00a0\u00bb, a pour sa part plaid\u00e9 le pr\u00e9sident ukrainien.<\/p>\n<p data-module=\"article-paragraph\" class=\"jsx-157965717 Paragraph\">Volodymyr Zelensky doit s&rsquo;entretenir avec Donald Trump \u00e0 propos des \u00ab\u00a0questions sensibles\u00a0\u00bb que sont le sort du bassin minier du Donbass, dans l&rsquo;est de l&rsquo;Ukraine, et les garanties de s\u00e9curit\u00e9 occidentales pour Kiev, dans le cadre des n\u00e9gociations sur le plan am\u00e9ricain destin\u00e9 \u00e0 mettre fin au conflit.<\/p>\n<p data-module=\"article-paragraph\" class=\"jsx-157965717 Paragraph Paragraph__End\">Les deux hommes \u00a0\u00e9voqueront en Floride le plan am\u00e9ricain, pr\u00e9sent\u00e9 par Washington il y a pr\u00e8s d&rsquo;un mois. Le pr\u00e9sident ukrainien a d\u00e9voil\u00e9 cette semaine la nouvelle mouture de ce document, retravaill\u00e9 apr\u00e8s d&rsquo;\u00e2pres n\u00e9gociations avec Kiev. Cette nouvelle version propose un gel du front sur les positions actuelles sans offrir de solution imm\u00e9diate face aux revendications territoriales de la Russie, qui contr\u00f4le environ 19% de l&rsquo;Ukraine. Le nouveau document abandonne deux exigences cl\u00e9s du Kremlin : un retrait des troupes ukrainiennes de la r\u00e9gion de Donetsk et un engagement de l&rsquo;Ukraine juridiquement contraignant de non-adh\u00e9sion \u00e0 l&rsquo;Otan. Dans ces conditions, la validation de cet accord par Moscou para\u00eet improbable.<\/p>\n<p>La r\u00e9daction de TF1info<\/p>\n","protected":false},"excerpt":{"rendered":"Apr\u00e8s une escale au Canada, Volodymyr Zelensky se rend ce dimanche aux \u00c9tats-Unis pour une rencontre cruciale avec&hellip;\n","protected":false},"author":2,"featured_media":626886,"comment_status":"","ping_status":"","sticky":false,"template":"","format":"standard","meta":{"footnotes":""},"categories":[1591],"tags":[1111,11,672,1921,75,1073,1887,4710,1922,2581,12,1885,1886,132,220,1917,67457,133,1920,135,134],"class_list":{"0":"post-626885","1":"post","2":"type-post","3":"status-publish","4":"format-standard","5":"has-post-thumbnail","7":"category-russie","8":"tag-actu","9":"tag-actualites","10":"tag-allemagne","11":"tag-article-video","12":"tag-donald-trump","13":"tag-emmanuel-macron","14":"tag-federation-de-russie","15":"tag-friedrich-merz","16":"tag-info","17":"tag-keir-starmer","18":"tag-news","19":"tag-russia","20":"tag-russian-federation","21":"tag-russie","22":"tag-ukraine","23":"tag-ukraine-4-annee-de-guerre","24":"tag-ukraine-russie-la-perspective-de-negociations-relancee","25":"tag-video","26":"tag-video-international","27":"tag-vladimir-poutine","28":"tag-volodymyr-zelensky"},"share_on_mastodon":{"url":"https:\/\/pubeurope.com\/@fr\/115796747056753858","error":""},"_links":{"self":[{"href":"https:\/\/www.europesays.com\/fr\/wp-json\/wp\/v2\/posts\/626885","targetHints":{"allow":["GET"]}}],"collection":[{"href":"https:\/\/www.europesays.com\/fr\/wp-json\/wp\/v2\/posts"}],"about":[{"href":"https:\/\/www.europesays.com\/fr\/wp-json\/wp\/v2\/types\/post"}],"author":[{"embeddable":true,"href":"https:\/\/www.europesays.com\/fr\/wp-json\/wp\/v2\/users\/2"}],"replies":[{"embeddable":true,"href":"https:\/\/www.europesays.com\/fr\/wp-json\/wp\/v2\/comments?post=626885"}],"version-history":[{"count":0,"href":"https:\/\/www.europesays.com\/fr\/wp-json\/wp\/v2\/posts\/626885\/revisions"}],"wp:featuredmedia":[{"embeddable":true,"href":"https:\/\/www.europesays.com\/fr\/wp-json\/wp\/v2\/media\/626886"}],"wp:attachment":[{"href":"https:\/\/www.europesays.com\/fr\/wp-json\/wp\/v2\/media?parent=626885"}],"wp:term":[{"taxonomy":"category","embeddable":true,"href":"https:\/\/www.europesays.com\/fr\/wp-json\/wp\/v2\/categories?post=626885"},{"taxonomy":"post_tag","embeddable":true,"href":"https:\/\/www.europesays.com\/fr\/wp-json\/wp\/v2\/tags?post=626885"}],"curies":[{"name":"wp","href":"https:\/\/api.w.org\/{rel}","templated":true}]}}