{"id":626889,"date":"2025-12-28T10:35:12","date_gmt":"2025-12-28T10:35:12","guid":{"rendered":"https:\/\/www.europesays.com\/fr\/626889\/"},"modified":"2025-12-28T10:35:12","modified_gmt":"2025-12-28T10:35:12","slug":"des-armes-acoustiques-signalees-a-los-angeles-la-peur-dun-nouveau-syndrome-de-la-havane","status":"publish","type":"post","link":"https:\/\/www.europesays.com\/fr\/626889\/","title":{"rendered":"des armes acoustiques signal\u00e9es \u00e0 Los Angeles, la peur d\u2019un nouveau \u201csyndrome de La Havane\u201d"},"content":{"rendered":"<p>Vertiges, naus\u00e9es, acouph\u00e8nes, irritabilit\u00e9, <a href=\"https:\/\/www.futura-sciences.com\/sante\/definitions\/medecine-cephalee-3121\/\" target=\"_blank\" rel=\"noopener\">c\u00e9phal\u00e9es<\/a>&#8230;\u00a0\u00c0\u00a0partir de 2016, des dizaines de <a href=\"https:\/\/www.futura-sciences.com\/formation\/metiers\/metiers-diplomate-482\/\" target=\"_blank\" rel=\"noopener\">diplomates<\/a> et de fonctionnaires am\u00e9ricains ont \u00e9t\u00e9 victimes d&rsquo;\u00e9tranges maux dans certains pays o\u00f9 ils \u00e9taient en poste. On avait baptis\u00e9 ces troubles \u00ab <a href=\"https:\/\/www.futura-sciences.com\/sante\/actualites\/medecine-symptomes-etranges-apparaissent-partout-monde-sait-on-vraiment-syndrome-havane-116935\/\" title=\"Des sympt\u00f4mes \u00e9tranges qui apparaissent partout dans le monde : que sait-on vraiment du syndrome de La Havane ?\" target=\"_blank\" rel=\"noopener\">le syndrome de la Havane<\/a>\u00a0\u00bb, car les premiers cas ont \u00e9t\u00e9 identifi\u00e9s \u00e0 l&rsquo;ambassade\u00a0des \u00c9tats-Unis dans la capitale cubaine.<\/p>\n<p>Ces <a href=\"https:\/\/www.futura-sciences.com\/sante\/definitions\/medecine-symptome-834\/\" target=\"_blank\" rel=\"noopener\">sympt\u00f4mes<\/a> ont \u00e9t\u00e9 suppos\u00e9ment li\u00e9s \u00e0 l&rsquo;usage d&rsquo;une arme <a href=\"https:\/\/www.futura-sciences.com\/maison\/comparatifs\/meilleur-isolant-phonique-comparatif\/\" title=\"Comparatif isolant phonique\" class=\"link-type-comparo\" target=\"_blank\" rel=\"noopener\">acoustique<\/a> dirig\u00e9e, et certaines enqu\u00eates ont \u00e9voqu\u00e9 une possible implication\u00a0d&rsquo;<a href=\"https:\/\/www.futura-sciences.com\/tech\/actualites\/cyberguerre-enquete-revele-sont-agents-russes-responsables-etrange-syndrome-havane-87399\/\" title=\"Une enqu\u00eate r\u00e9v\u00e8le qui sont les agents russes responsables de l\u2019\u00e9trange \u00ab syndrome de la Havane \u00bb\" target=\"_blank\" rel=\"noopener\">agents russes<\/a>. Si aucune preuve r\u00e9elle n&rsquo;a jamais pu \u00eatre \u00e9tablie, l&rsquo;expression est rest\u00e9e et\u00a0revient aujourd&rsquo;hui d&rsquo;une mani\u00e8re\u00a0plus \u00e9tonnante encore.<\/p>\n<p>Cette fois, l&rsquo;utilisation d&rsquo;un syst\u00e8me acoustique, provoquant les m\u00eames effets ind\u00e9sirables, est clairement identifi\u00e9e\u00a0et c&rsquo;est \u00e0 Los Angeles, aux \u00c9tats-Unis, que cela se passe.\u00a0Dans un quartier tr\u00e8s fr\u00e9quent\u00e9 du nord de la ville, une grande cha\u00eene de magasins a install\u00e9 plusieurs dispositifs \u00e9mettant des <a href=\"https:\/\/www.futura-sciences.com\/sante\/actualites\/maladie-ecoutez-son-implique-etrange-syndrome-havane-105150\/\" title=\"\u00c9coutez le son impliqu\u00e9 dans l&#039;\u00e9trange \u00ab syndrome de La Havane \u00bb\" target=\"_blank\" rel=\"noopener\">sons<\/a> de haute fr\u00e9quence dans les zones de stationnement de son point de vente.<\/p>\n<p>L&rsquo;objectif\u00a0? Dissuader les travailleurs journaliers qui s&rsquo;y rassemblent en qu\u00eate d&rsquo;un emploi temporaire d&rsquo;occuper ces parkings. L\u00e0 encore, les victimes expos\u00e9es subissent des effets ind\u00e9sirables tels que des maux de t\u00eate et des naus\u00e9es, rendant leur pr\u00e9sence aux abords du commerce difficilement soutenable. Certains travailleurs <a href=\"https:\/\/www.latimes.com\/california\/story\/2025-12-17\/day-laborers-protest-noise-machines-home-depot\" title=\"It \u2018penetrates your bones\u2019: Day laborers protest noise machines installed at Home Depot\" target=\"_blank\" rel=\"noopener\">d\u00e9crivent<\/a>\u00a0m\u00eame le son \u00e9mis comme \u00ab\u00a0p\u00e9n\u00e9trant jusqu&rsquo;aux os\u00a0\u00bb.<\/p>\n<p>Un m\u00e9lange des genres, hostile<\/p>\n<p>Comme ces chercheurs d&#8217;emploi sont essentiellement issus de l&rsquo;immigration, la soci\u00e9t\u00e9 se d\u00e9fend de participer, \u00e0 sa mani\u00e8re, \u00e0 l&rsquo;<a href=\"https:\/\/www.futura-sciences.com\/sciences\/definitions\/mathematiques-application-13200\/\" target=\"_blank\" rel=\"noopener\">application<\/a> actuelle des lois migratoires ou de cibler des populations sp\u00e9cifiques.<\/p>\n<p>Interrog\u00e9e sur la pr\u00e9sence de ces dispositifs, elle explique\u00a0qu&rsquo;il ne s&rsquo;agit que\u00a0d&rsquo;une \u00ab mesure de s\u00e9curit\u00e9 visant \u00e0 pr\u00e9venir le stationnement ill\u00e9gal la nuit \u00bb. Un argument qui convainc peu localement, car il faut souligner que les agents du Service de l&rsquo;immigration et des douanes des \u00c9tats-Unis, la fameuse ICE, ont coutume de mener des descentes muscl\u00e9es dans ce type de parking pour interpeler les travailleurs migrants. De quoi renforcer l&rsquo;impression que cette entreprise vient ajouter une couche suppl\u00e9mentaire\u00a0au\u00a0<a href=\"https:\/\/www.futura-sciences.com\/planete\/definitions\/climatologie-climat-13771\/\" target=\"_blank\" rel=\"noopener\">climat<\/a> d&rsquo;hostilit\u00e9 envers cette population.<\/p>\n<p>Cette utilisation de syst\u00e8mes acoustiques controvers\u00e9s a engendr\u00e9 le courroux <a href=\"https:\/\/www.instagram.com\/p\/DSYgLYCkqwy\/\" target=\"_blank\" rel=\"noopener\">d\u2019\u00e9lus locaux<\/a>. Ils consid\u00e8rent que ces m\u00e9thodes de dissuasion agressives rappellent les outils de contr\u00f4le utilis\u00e9s dans des contextes de maintien de l&rsquo;ordre, \u00e0 l&rsquo;instar des canons sonores de la police aux \u00c9tats-Unis.<\/p>\n<p>De fait, cet usage suscite des appels \u00e0 une r\u00e9gulation plus stricte de l&rsquo;usage de technologies acoustiques dans les espaces publics et priv\u00e9s.<\/p>\n<p>En attendant, il est certain que\u00a0la pr\u00e9sence de ces technologies ne saurait\u00a0remplacer\u00a0des r\u00e9ponses sociales adapt\u00e9es \u00e0 la situation de ces migrants en recherche d&#8217;emploi.<\/p>\n<p><script async src=\"\/\/www.instagram.com\/embed.js\"><\/script><\/p>\n","protected":false},"excerpt":{"rendered":"Vertiges, naus\u00e9es, acouph\u00e8nes, irritabilit\u00e9, c\u00e9phal\u00e9es&#8230;\u00a0\u00c0\u00a0partir de 2016, des dizaines de diplomates et de fonctionnaires am\u00e9ricains ont \u00e9t\u00e9 victimes&hellip;\n","protected":false},"author":2,"featured_media":626890,"comment_status":"","ping_status":"","sticky":false,"template":"","format":"standard","meta":{"footnotes":""},"categories":[1589],"tags":[73623,32852,11,73621,73622,73620,73625,231,73,1866,7565,13691,25439,1251,73624,12,4990,73619,717,1864,1865,1863,308],"class_list":{"0":"post-626889","1":"post","2":"type-post","3":"status-publish","4":"format-standard","5":"has-post-thumbnail","7":"category-etats-unis","8":"tag-acouphenes","9":"tag-acoustique","10":"tag-actualites","11":"tag-arme-du-futur","12":"tag-arme-non-letale","13":"tag-armes-acoustiques","14":"tag-cephalees","15":"tag-cerveau","16":"tag-etats-unis","17":"tag-etats-unis-damerique","18":"tag-guerre-du-futur","19":"tag-maux-de-tete","20":"tag-migraine","21":"tag-migrants","22":"tag-nausees","23":"tag-news","24":"tag-stress","25":"tag-syndrome-de-la-havane","26":"tag-technologie","27":"tag-united-states","28":"tag-united-states-of-america","29":"tag-us","30":"tag-usa"},"share_on_mastodon":{"url":"https:\/\/pubeurope.com\/@fr\/115796752757697190","error":""},"_links":{"self":[{"href":"https:\/\/www.europesays.com\/fr\/wp-json\/wp\/v2\/posts\/626889","targetHints":{"allow":["GET"]}}],"collection":[{"href":"https:\/\/www.europesays.com\/fr\/wp-json\/wp\/v2\/posts"}],"about":[{"href":"https:\/\/www.europesays.com\/fr\/wp-json\/wp\/v2\/types\/post"}],"author":[{"embeddable":true,"href":"https:\/\/www.europesays.com\/fr\/wp-json\/wp\/v2\/users\/2"}],"replies":[{"embeddable":true,"href":"https:\/\/www.europesays.com\/fr\/wp-json\/wp\/v2\/comments?post=626889"}],"version-history":[{"count":0,"href":"https:\/\/www.europesays.com\/fr\/wp-json\/wp\/v2\/posts\/626889\/revisions"}],"wp:featuredmedia":[{"embeddable":true,"href":"https:\/\/www.europesays.com\/fr\/wp-json\/wp\/v2\/media\/626890"}],"wp:attachment":[{"href":"https:\/\/www.europesays.com\/fr\/wp-json\/wp\/v2\/media?parent=626889"}],"wp:term":[{"taxonomy":"category","embeddable":true,"href":"https:\/\/www.europesays.com\/fr\/wp-json\/wp\/v2\/categories?post=626889"},{"taxonomy":"post_tag","embeddable":true,"href":"https:\/\/www.europesays.com\/fr\/wp-json\/wp\/v2\/tags?post=626889"}],"curies":[{"name":"wp","href":"https:\/\/api.w.org\/{rel}","templated":true}]}}