{"id":626891,"date":"2025-12-28T10:36:28","date_gmt":"2025-12-28T10:36:28","guid":{"rendered":"https:\/\/www.europesays.com\/fr\/626891\/"},"modified":"2025-12-28T10:36:28","modified_gmt":"2025-12-28T10:36:28","slug":"un-activiste-climatique-asperge-de-peinture-rouge-lambassade-britannique-a-bruxelles","status":"publish","type":"post","link":"https:\/\/www.europesays.com\/fr\/626891\/","title":{"rendered":"Un activiste climatique asperge de peinture rouge l\u2019ambassade britannique \u00e0 Bruxelles"},"content":{"rendered":"<p>Un activiste climatique connu a men\u00e9 une action de protestation samedi midi \u00e0 Bruxelles en aspergeant de peinture rouge l\u2019entr\u00e9e de l\u2019ambassade du Royaume-Uni, rapporte HLN. L\u2019auteur des faits est Wouter Mouton, un militant originaire de Bruges d\u00e9j\u00e0 \u00e0 l\u2019origine de plusieurs actions similaires par le pass\u00e9.<\/p>\n<p>Les faits se sont d\u00e9roul\u00e9s peu apr\u00e8s midi, lorsque des passants ont vu un homme peindre la fa\u00e7ade de l\u2019Ambassade du Royaume-Uni \u00e0 Bruxelles. L\u2019activiste entendait ainsi attirer l\u2019attention sur ce qu\u2019il consid\u00e8re comme de graves violations du droit international commises en Isra\u00ebl, avec la complicit\u00e9 de certains alli\u00e9s occidentaux, au premier rang desquels le Royaume-Uni.<\/p>\n<p>Une action pour d\u00e9noncer la situation \u00e0 Gaza<\/p>\n<p>Dans le message accompagnant son action, Wouter Mouton affirme vouloir d\u00e9noncer des \u00ab\u00a0atrocit\u00e9s commises quotidiennement\u00a0\u00bb par l\u2019Israel Defence Forces. Il \u00e9voque notamment l\u2019utilisation de la faim comme arme de guerre, des actes de torture, des attaques contre des \u00e9coles et des h\u00f4pitaux ainsi que la mort de civils, y compris des enfants. Selon lui, ces exactions ne seraient possibles qu\u2019avec l\u2019appui ou la tol\u00e9rance de pays alli\u00e9s, dont le Royaume-Uni.<\/p>\n<p>L\u2019activiste fait \u00e9galement r\u00e9f\u00e9rence au cas de la \u00ab\u00a0Filton 24\u00a0\u00bb, un groupe de militants pro-palestiniens arr\u00eat\u00e9s au Royaume-Uni \u00e0 la suite d\u2019une action visant le fabricant d\u2019armes Elbit. Toujours selon HLN, Wouter Mouton affirme que ces activistes seraient d\u00e9tenus depuis plus d\u2019un an sans proc\u00e8s, certains devant attendre jusqu\u2019en 2027 avant de compara\u00eetre devant un tribunal.<\/p>\n<p>Il souligne en outre que huit des personnes arr\u00eat\u00e9es auraient entam\u00e9 une gr\u00e8ve de la faim d\u00e9but novembre et n\u2019auraient plus mang\u00e9 depuis pr\u00e8s de cinquante jours. Les gr\u00e9vistes d\u00e9noncent notamment leurs conditions de d\u00e9tention, l\u2019absence de lib\u00e9ration provisoire et des contacts tr\u00e8s limit\u00e9s avec l\u2019ext\u00e9rieur.<\/p>\n<p>\u00a0<\/p>\n<p>BruxellesToday est d\u00e9sormais disponible sur mobile! <a class=\"u-color-theme\" href=\"https:\/\/www.bruxellestoday.be\/~shared\/do\/api\/mobile-app\/get\/?campaign=bt_article\" target=\"_blank\" rel=\"noopener\">T\u00e9l\u00e9chargez l\u2019app<\/a> d\u00e8s maintenant.<\/p>\n","protected":false},"excerpt":{"rendered":"Un activiste climatique connu a men\u00e9 une action de protestation samedi midi \u00e0 Bruxelles en aspergeant de peinture&hellip;\n","protected":false},"author":2,"featured_media":626892,"comment_status":"","ping_status":"","sticky":false,"template":"","format":"standard","meta":{"footnotes":""},"categories":[1588],"tags":[73626,11,1777,674,12,473,1853,72999,1851,1850,1852,11942],"class_list":{"0":"post-626891","1":"post","2":"type-post","3":"status-publish","4":"format-standard","5":"has-post-thumbnail","7":"category-royaume-uni","8":"tag-activisme","9":"tag-actualites","10":"tag-eu","11":"tag-europe","12":"tag-news","13":"tag-royaume-uni","14":"tag-royaume-uni-de-grande-bretagne-et-dirlande-du-nord","15":"tag-soutien-a-la-palestine","16":"tag-uk","17":"tag-united-kingdom","18":"tag-united-kingdom-of-great-britain-and-northern-ireland","19":"tag-vandalisme"},"share_on_mastodon":{"url":"https:\/\/pubeurope.com\/@fr\/115796756593761956","error":""},"_links":{"self":[{"href":"https:\/\/www.europesays.com\/fr\/wp-json\/wp\/v2\/posts\/626891","targetHints":{"allow":["GET"]}}],"collection":[{"href":"https:\/\/www.europesays.com\/fr\/wp-json\/wp\/v2\/posts"}],"about":[{"href":"https:\/\/www.europesays.com\/fr\/wp-json\/wp\/v2\/types\/post"}],"author":[{"embeddable":true,"href":"https:\/\/www.europesays.com\/fr\/wp-json\/wp\/v2\/users\/2"}],"replies":[{"embeddable":true,"href":"https:\/\/www.europesays.com\/fr\/wp-json\/wp\/v2\/comments?post=626891"}],"version-history":[{"count":0,"href":"https:\/\/www.europesays.com\/fr\/wp-json\/wp\/v2\/posts\/626891\/revisions"}],"wp:featuredmedia":[{"embeddable":true,"href":"https:\/\/www.europesays.com\/fr\/wp-json\/wp\/v2\/media\/626892"}],"wp:attachment":[{"href":"https:\/\/www.europesays.com\/fr\/wp-json\/wp\/v2\/media?parent=626891"}],"wp:term":[{"taxonomy":"category","embeddable":true,"href":"https:\/\/www.europesays.com\/fr\/wp-json\/wp\/v2\/categories?post=626891"},{"taxonomy":"post_tag","embeddable":true,"href":"https:\/\/www.europesays.com\/fr\/wp-json\/wp\/v2\/tags?post=626891"}],"curies":[{"name":"wp","href":"https:\/\/api.w.org\/{rel}","templated":true}]}}