{"id":626893,"date":"2025-12-28T10:38:11","date_gmt":"2025-12-28T10:38:11","guid":{"rendered":"https:\/\/www.europesays.com\/fr\/626893\/"},"modified":"2025-12-28T10:38:11","modified_gmt":"2025-12-28T10:38:11","slug":"trafic-perturbe-a-laeroport-de-hanovre-a-cause-de-drones-non-identifies","status":"publish","type":"post","link":"https:\/\/www.europesays.com\/fr\/626893\/","title":{"rendered":"trafic perturb\u00e9 \u00e0 l&rsquo;a\u00e9roport de Hanovre \u00e0 cause de drones non identifi\u00e9s"},"content":{"rendered":"<p>\t\t\tLe trafic a\u00e9rien dans la ville allemande de Hanovre a subi des perturbations \u00e0 cause de l\u2019observation de drones non identifi\u00e9s survolant, vendredi soir, l\u2019a\u00e9roport de la capitale de la Basse-Saxe (nord), rapporte la presse locale.<\/p>\n<p style=\"text-align: justify;\">Deux pistes ont \u00e9t\u00e9 ferm\u00e9es par mesure de s\u00e9curit\u00e9 suite \u00e0 cet incident, qui a caus\u00e9 l\u2019annulation de plusieurs vols et le d\u00e9routement de six avions vers les a\u00e9roports de Paderborn et de Br\u00eame, selon la presse, qui pr\u00e9cise que \u00ab\u00a0les objets volants \u00e9taient visibles \u00e0 l\u2019\u0153il nu\u00a0\u00bb.<\/p>\n<p style=\"text-align: justify;\">Les autorit\u00e9s de l\u2019a\u00e9roport de Hanovre ont \u00e9galement annul\u00e9 les vols pr\u00e9vus samedi matin \u00e0 destination de Francfort et de Paris, ajoute la m\u00eame source.<\/p>\n<p style=\"text-align: justify;\"><strong><a style=\"color: #008000;\" href=\"https:\/\/maroc-diplomatique.net\/espagne-demantelement-en-collaboration-avec-le-maroc-dun-reseau-de-trafic-de-haschich-a-laide-de-drones\/\" target=\"_blank\" rel=\"noopener\">Lire aussi : Espagne : D\u00e9mant\u00e8lement en collaboration avec le Maroc d\u2019un r\u00e9seau de trafic de haschich \u00e0 l\u2019aide de drones<\/a><\/strong><\/p>\n<p style=\"text-align: justify;\">En Allemagne, plus de 1.000 survols de drones non identifi\u00e9s ont \u00e9t\u00e9 observ\u00e9s en 2025 au-dessus de plusieurs installations sensibles, notamment militaires, a\u00e9roportuaires, portuaires et de production d\u2019arme, selon l\u2019Office f\u00e9d\u00e9ral de la police criminelle (BKA).<\/p>\n<p style=\"text-align: justify;\">Les autorit\u00e9s f\u00e9d\u00e9rales allemandes et les L\u00e4nder ont inaugur\u00e9 r\u00e9cemment \u00e0 Berlin un \u00ab\u00a0Centre commun de d\u00e9fense anti-drones\u00a0\u00bb, destin\u00e9 \u00e0 coordonner la r\u00e9ponse aux incidents impliquant des drones au-dessus des infrastructures sensibles.<\/p>\n<p style=\"text-align: justify;\">Install\u00e9 au sein des locaux de la Direction de la Police f\u00e9d\u00e9rale, le Centre regroupe des repr\u00e9sentants des autorit\u00e9s de s\u00e9curit\u00e9, du BKA, de l\u2019arm\u00e9e (Bundeswehr) et des services de renseignement afin d\u2019\u00e9changer des informations et de coordonner les op\u00e9rations.<\/p>\n<p style=\"text-align: justify;\">Pour sa part, le minist\u00e8re de l\u2019Int\u00e9rieur vient de mettre en service d\u2019une nouvelle unit\u00e9 de la Police f\u00e9d\u00e9rale sp\u00e9cialis\u00e9e dans la lutte contre les drones, d\u00e9ploy\u00e9e notamment dans les a\u00e9roports, et \u00e0 proximit\u00e9 d\u2019installations sensibles \u00e0 travers le pays.<\/p>\n<p style=\"text-align: justify;\">Avec MAP<\/p>\n","protected":false},"excerpt":{"rendered":"Le trafic a\u00e9rien dans la ville allemande de Hanovre a subi des perturbations \u00e0 cause de l\u2019observation de&hellip;\n","protected":false},"author":2,"featured_media":626894,"comment_status":"","ping_status":"","sticky":false,"template":"","format":"standard","meta":{"footnotes":""},"categories":[1587],"tags":[11,663,672,1804,1805,1803,2024,1777,674,1801,17546,12,1802,1097],"class_list":{"0":"post-626893","1":"post","2":"type-post","3":"status-publish","4":"format-standard","5":"has-post-thumbnail","7":"category-allemagne","8":"tag-actualites","9":"tag-aeroport","10":"tag-allemagne","11":"tag-bundesrepublik-deutschland","12":"tag-de","13":"tag-deutschland","14":"tag-drones","15":"tag-eu","16":"tag-europe","17":"tag-germany","18":"tag-hanovre","19":"tag-news","20":"tag-republique-federale-dallemagne","21":"tag-trafic"},"share_on_mastodon":{"url":"https:\/\/pubeurope.com\/@fr\/115796764654796747","error":""},"_links":{"self":[{"href":"https:\/\/www.europesays.com\/fr\/wp-json\/wp\/v2\/posts\/626893","targetHints":{"allow":["GET"]}}],"collection":[{"href":"https:\/\/www.europesays.com\/fr\/wp-json\/wp\/v2\/posts"}],"about":[{"href":"https:\/\/www.europesays.com\/fr\/wp-json\/wp\/v2\/types\/post"}],"author":[{"embeddable":true,"href":"https:\/\/www.europesays.com\/fr\/wp-json\/wp\/v2\/users\/2"}],"replies":[{"embeddable":true,"href":"https:\/\/www.europesays.com\/fr\/wp-json\/wp\/v2\/comments?post=626893"}],"version-history":[{"count":0,"href":"https:\/\/www.europesays.com\/fr\/wp-json\/wp\/v2\/posts\/626893\/revisions"}],"wp:featuredmedia":[{"embeddable":true,"href":"https:\/\/www.europesays.com\/fr\/wp-json\/wp\/v2\/media\/626894"}],"wp:attachment":[{"href":"https:\/\/www.europesays.com\/fr\/wp-json\/wp\/v2\/media?parent=626893"}],"wp:term":[{"taxonomy":"category","embeddable":true,"href":"https:\/\/www.europesays.com\/fr\/wp-json\/wp\/v2\/categories?post=626893"},{"taxonomy":"post_tag","embeddable":true,"href":"https:\/\/www.europesays.com\/fr\/wp-json\/wp\/v2\/tags?post=626893"}],"curies":[{"name":"wp","href":"https:\/\/api.w.org\/{rel}","templated":true}]}}