{"id":626909,"date":"2025-12-28T10:54:18","date_gmt":"2025-12-28T10:54:18","guid":{"rendered":"https:\/\/www.europesays.com\/fr\/626909\/"},"modified":"2025-12-28T10:54:18","modified_gmt":"2025-12-28T10:54:18","slug":"cc-cdm-termonde-u19-hommes-les-reactions-actualite","status":"publish","type":"post","link":"https:\/\/www.europesays.com\/fr\/626909\/","title":{"rendered":"CC &#8211; CDM &#8211; Termonde &#8211; U19 Hommes : Les r\u00e9actions &#8211; Actualit\u00e9"},"content":{"rendered":"<p style=\"text-align: justify;\"><strong><a href=\"https:\/\/www.directvelo.com\/coureur\/64539\/patrik-pezzo-rosola\" target=\"_blank\" rel=\"noopener\">Patrik Pezzo Rosola<\/a><\/strong> (Italie) a remport\u00e9, ce dimanche, \u00e0 Termonde (Flandre orientale), <strong><a href=\"https:\/\/www.directvelo.com\/actualite\/126151\/cc-coupe-du-monde-4-u19-hommes-patrik-pezzo-rosola-1er\" target=\"_blank\" rel=\"noopener\">la quatri\u00e8me manche de la Coupe du Monde de cyclo-cross dans la cat\u00e9gorie U19 Hommes<\/a><\/strong>. Le Champion d&rsquo;Italie a devanc\u00e9 son compatriote <strong><a href=\"https:\/\/www.directvelo.com\/coureur\/64538\/filippo-grigolini\" target=\"_blank\" rel=\"noopener\">Filippo Grigolini<\/a><\/strong> et <strong><a href=\"https:\/\/www.directvelo.com\/coureur\/64536\/giel-lejeune\" target=\"_blank\" rel=\"noopener\">Giel Lejeune<\/a><\/strong> (Belgique).<br \/>Matin\u00e9e difficile pour les Fran\u00e7ais puisqu&rsquo;aucun d&rsquo;entre eux n&rsquo;a pris place dans le Top 20. Retrouvez ci-dessous les r\u00e9actions recueillies par DirectVelo sur place et \u00e0 chaud.<\/p>\n<p>\n    R\u00e9actions<\/p>\n<p class=\"reactions-nav-title\">Aller \u00e0 la r\u00e9action de :<\/p>\n<p>                    <img decoding=\"async\" src=\"https:\/\/www.europesays.com\/fr\/wp-content\/uploads\/2025\/12\/65a28b99c81f0.jpeg\" height=\"auto\" loading=\"lazy\"\/><\/p>\n<p>                            Portrait de Soen LE PANN<\/p>\n<p class=\"reaction-caption\">21e<\/p>\n<blockquote class=\"reaction-quote\">\n<p class=\"reaction-content\">\u00ab J\u2019ai r\u00e9ussi \u00e0 prendre un bon d\u00e9part, j\u2019\u00e9tais directement dans le Top 20. J\u2019ai r\u00e9ussi \u00e0 bien remonter jusqu\u2019\u00e0 la 15e place environ, mais j\u2019ai eu plus de mal \u00e0 partir de la mi-course. Ce n\u2019\u00e9tait pas forc\u00e9ment une bonne matin\u00e9e pour moi. Je me suis retrouv\u00e9 dans le dur sur la seconde partie de course, ce n\u2019\u00e9tait pas terrible\u2026<\/p>\n<p>Je ne sais pas vraiment ce qu\u2019il s\u2019est pass\u00e9. D\u2019ordinaire, sur les circuits rapides, je suis plut\u00f4t bon. Il n\u2019y a pas vraiment d\u2019explications. C\u2019\u00e9tait vraiment bizarre car c\u2019\u00e9tait bien au d\u00e9but. On a bien travaill\u00e9 cette semaine avec beaucoup d\u2019efforts mais de l\u00e0 \u00e0 \u00eatre aussi loin, c\u2019est difficile. Il y a forc\u00e9ment de la d\u00e9ception mais je vais analyser \u00e7a avec mon coach. Il faut se tourner vers la suite, il reste de belles courses et des choses \u00e0 faire. Mais c\u2019est dommage. \u00bb <\/p>\n<p>                    S. LE PANN\n                <\/p><\/blockquote>\n<p>                    <img decoding=\"async\" src=\"https:\/\/www.europesays.com\/fr\/wp-content\/uploads\/2025\/12\/65757f00e96da.jpg\" height=\"auto\" loading=\"lazy\"\/><\/p>\n<p>                            Portrait de Augustin FAHY<\/p>\n<p class=\"reaction-caption\">29e<\/p>\n<blockquote class=\"reaction-quote\">\n<p class=\"reaction-content\">\u00ab C\u2019\u00e9tait ma premi\u00e8re s\u00e9lection en \u00e9quipe de France, je venais donc ici en d\u00e9couverte. Je suis parti d\u2019un peu loin, en cinqui\u00e8me ligne, et je me suis retrouv\u00e9 en milieu de paquet. Au d\u00e9but, \u00e7a allait quand m\u00eame car j\u2019ai trouv\u00e9 quelques ouvertures. J\u2019ai r\u00e9ussi \u00e0 gratter des places au fur et \u00e0 mesure. J\u2019ai vraiment pris beaucoup de plaisir avec l\u2019ambiance, je me sentais vraiment bien physiquement comme techniquement. Je n\u2019ai pas eu de coup de mou. J\u2019ai simplement fait deux erreurs dans des virages mais \u00e7a ne m\u2019a pas fait perdre de temps. Pour une d\u00e9couverte, je suis ravi. J\u2019ai ador\u00e9, j\u2019esp\u00e8re en faire d\u2019autres maintenant.<\/p>\n<p>Je fais le plein de confiance, je vois que je suis en forme. Je suis pr\u00eat pour le Championnat de France maintenant, j\u2019ai h\u00e2te d\u2019y \u00eatre. Je ne sais pas encore si je vais courir \u00e0 nouveau en Belgique d\u2019ici-l\u00e0. \u00bb <\/p>\n<p>                    A. FAHY\n                <\/p><\/blockquote>\n<p>                    <img decoding=\"async\" src=\"https:\/\/www.europesays.com\/fr\/wp-content\/uploads\/2025\/11\/6704ed5cae934.jpg\" height=\"auto\" loading=\"lazy\"\/><\/p>\n<p>                            Portrait de Soren BRUY\u00c8RE JOUMARD<\/p>\n<p class=\"reaction-caption\">43e<\/p>\n<blockquote class=\"reaction-quote\">\n<p class=\"reaction-content\">\u00ab J\u2019avais un peu peur de retomber, apr\u00e8s ce qu\u2019il s\u2019\u00e9tait pass\u00e9 \u00e0 Coxyde, alors j\u2019ai pris l\u2019option d\u2019un d\u00e9part prudent. Je me suis logiquement retrouv\u00e9 dans le trafic mais \u00e7a allait quand m\u00eame. Sur le d\u00e9but de course, \u00e7a jouait \u00e9norm\u00e9ment des coudes. C\u2019\u00e9tait assez limite de la part de certains, pas tr\u00e8s fair-play, mais c\u2019est la vie\u2026 Pour le reste, \u00e7a s\u2019est fait tout seul. J\u2019ai r\u00e9ussi \u00e0 remonter tranquillement, on s\u2019est retrouv\u00e9s \u00e0 quatre devant avec les deux Italiens et (Giel) Lejeune.<\/p>\n<p>Lorsque j\u2019ai pris la t\u00eate, je me suis retrouv\u00e9 uniquement avec le Champion d\u2019Italie (Patrik Pesso Rosola, NDLR). Derri\u00e8re la ferme, sur la mini-passerelle avec le S, j\u2019ai d\u00e9raill\u00e9. J\u2019ai cass\u00e9 l\u2019anti-d\u00e9railleur, j\u2019ai bloqu\u00e9 la cha\u00eene\u2026 Pff\u2026 C\u2019est chiant. Forc\u00e9ment, c\u2019est d\u00e9cevant mais c\u2019est comme \u00e7a.<\/p>\n<p>Il ne faut pas baisser les bras. Ce n\u2019est qu\u2019un incident m\u00e9canique. Physiquement, \u00e7a allait alors je ne m\u2019en fais pas pour la suite. Je me sens m\u00eame de mieux en mieux au fil des courses, m\u00eame si le parcours n\u2019\u00e9tait pas \u00e0 mon avantage car je pr\u00e9f\u00e8re quand c\u2019est boueux. Il me reste \u00e0 peaufiner encore la forme ces deux prochaines semaines pour arriver au top sur la fin de saison, et notamment au Championnat de France, avant Benidorm, Hoogerheide et le Mondial. \u00bb <\/p>\n<p>                    S. BRUY\u00c8RE JOUMARD\n                <\/p><\/blockquote>\n<p>                    <img decoding=\"async\" src=\"https:\/\/www.europesays.com\/fr\/wp-content\/uploads\/2025\/12\/6950fde1d21c4.jpg\" height=\"auto\" loading=\"lazy\"\/><\/p>\n<p>                            Portrait de Caliste CHAINEL<\/p>\n<p class=\"reaction-caption\">64e<\/p>\n<blockquote class=\"reaction-quote\">\n<p class=\"reaction-content\">\u00ab Je m\u2019attendais \u00e0 avoir enfin un bourbier mais toujours pas. Visiblement, cette ann\u00e9e, tous les circuits se ressemblent. Je suis un peu d\u00e9\u00e7u des conditions de course. Sur le papier, ce n\u2019est pas le genre de circuit qui me convient le mieux.<\/p>\n<p>Je me sentais bien en d\u00e9but de course malgr\u00e9 tout, j\u2019avais m\u00eame de super jambes. J\u2019\u00e9tais dans le groupe de Soen (Le Pann), aux alentours de la vingti\u00e8me place. J\u2019ai couru proprement sur la premi\u00e8re partie de course, mais j\u2019ai ensuite eu un probl\u00e8me m\u00e9canique qui m\u2019a compl\u00e8tement sorti de la course. J\u2019ai d\u00e9raill\u00e9, j\u2019ai remis la cha\u00eene assez vite mais \u00e7a ne faisait que sauter alors que j\u2019\u00e9tais loin du poste. J\u2019ai d\u00fb changer de v\u00e9lo. Cardiaquement comme musculairement, il \u00e9tait tr\u00e8s dur de se remettre dedans. Je me suis fait monter le c\u0153ur, \u00e7a m&rsquo;a bloqu\u00e9 la respiration. C\u2019est tr\u00e8s d\u00e9cevant de finir comme \u00e7a\u2026 C\u2019\u00e9tait une manche de Coupe du Monde alors forc\u00e9ment, il y avait de la pression.<\/p>\n<p>Le Championnat de France reste la priorit\u00e9, l\u2019objectif N\u00b01. Je vais tout donner l\u00e0-bas avec l\u2019envie d\u2019aller chercher au minimum un podium. \u00bb <\/p>\n<p>                    C. CHAINEL\n                <\/p><\/blockquote>\n<p>\u00a0<\/p>\n","protected":false},"excerpt":{"rendered":"Patrik Pezzo Rosola (Italie) a remport\u00e9, ce dimanche, \u00e0 Termonde (Flandre orientale), la quatri\u00e8me manche de la Coupe&hellip;\n","protected":false},"author":2,"featured_media":626910,"comment_status":"","ping_status":"","sticky":false,"template":"","format":"standard","meta":{"footnotes":""},"categories":[1411],"tags":[834,828,836,829,837,827,83,826,824,823,1154,207,814,817,815,816,822,821,832,211,839,1011,27,820,818,819,835,831,830,833,838,60,212,208,825],"class_list":{"0":"post-626909","1":"post","2":"type-post","3":"status-publish","4":"format-standard","5":"has-post-thumbnail","7":"category-cyclisme","8":"tag-attaque","9":"tag-belgique","10":"tag-braquet","11":"tag-bretagne","12":"tag-chute","13":"tag-competition","14":"tag-coupe-de-france","15":"tag-coureur","16":"tag-course-cyclisme","17":"tag-course-cycliste","18":"tag-cycling","19":"tag-cyclisme","20":"tag-direct","21":"tag-direct-velo","22":"tag-directvelo","23":"tag-directvelo-com","24":"tag-epreuve","25":"tag-epreuve-cycliste","26":"tag-federation-francaise-de-cyclisme","27":"tag-ffc","28":"tag-flandres","29":"tag-fr","30":"tag-france","31":"tag-live","32":"tag-live-course","33":"tag-live-epreuve","34":"tag-peloton","35":"tag-radio-peloton","36":"tag-radio-tour","37":"tag-ravitaillement","38":"tag-relance","39":"tag-sports","40":"tag-uci","41":"tag-velo","42":"tag-velos"},"share_on_mastodon":{"url":"https:\/\/pubeurope.com\/@fr\/115796828862123396","error":""},"_links":{"self":[{"href":"https:\/\/www.europesays.com\/fr\/wp-json\/wp\/v2\/posts\/626909","targetHints":{"allow":["GET"]}}],"collection":[{"href":"https:\/\/www.europesays.com\/fr\/wp-json\/wp\/v2\/posts"}],"about":[{"href":"https:\/\/www.europesays.com\/fr\/wp-json\/wp\/v2\/types\/post"}],"author":[{"embeddable":true,"href":"https:\/\/www.europesays.com\/fr\/wp-json\/wp\/v2\/users\/2"}],"replies":[{"embeddable":true,"href":"https:\/\/www.europesays.com\/fr\/wp-json\/wp\/v2\/comments?post=626909"}],"version-history":[{"count":0,"href":"https:\/\/www.europesays.com\/fr\/wp-json\/wp\/v2\/posts\/626909\/revisions"}],"wp:featuredmedia":[{"embeddable":true,"href":"https:\/\/www.europesays.com\/fr\/wp-json\/wp\/v2\/media\/626910"}],"wp:attachment":[{"href":"https:\/\/www.europesays.com\/fr\/wp-json\/wp\/v2\/media?parent=626909"}],"wp:term":[{"taxonomy":"category","embeddable":true,"href":"https:\/\/www.europesays.com\/fr\/wp-json\/wp\/v2\/categories?post=626909"},{"taxonomy":"post_tag","embeddable":true,"href":"https:\/\/www.europesays.com\/fr\/wp-json\/wp\/v2\/tags?post=626909"}],"curies":[{"name":"wp","href":"https:\/\/api.w.org\/{rel}","templated":true}]}}