{"id":626917,"date":"2025-12-28T10:59:17","date_gmt":"2025-12-28T10:59:17","guid":{"rendered":"https:\/\/www.europesays.com\/fr\/626917\/"},"modified":"2025-12-28T10:59:17","modified_gmt":"2025-12-28T10:59:17","slug":"billie-fait-un-sale-coup-a-ferdinand-et-le-karma-frappe-vite-ici-tout-commence-spoilers-du-31-decembre-2025","status":"publish","type":"post","link":"https:\/\/www.europesays.com\/fr\/626917\/","title":{"rendered":"Billie fait un SALE COUP \u00e0 Ferdinand&#8230; et le karma frappe vite ! &#8211; Ici tout commence (spoilers) du 31 d\u00e9cembre 2025"},"content":{"rendered":"<p><strong>Ici tout commence en avance avec du 31 d\u00e9cembre 2025 : tout savoir sur le replay \/ d\u00e9cryptage critique et les moments marquants de l\u2019\u00e9pisode 1340. <\/strong><br \/>\ud83d\udd25 Jos\u00e9phine veut surprendre Loup avec des bougies\u2026 mais une flamme tombe et le feu ravage la maison de Clotilde sans qu\u2019ils ne voient rien. Pendant ce temps, Billie ment \u00e0 Ferdinand et Ang\u00e8le finit ivre \u00e0 cause de son propre pi\u00e8ge.<\/p>\n<p>Ici tout commence en avance du 31 d\u00e9cembre 2025 : ce qui vous attend (spoilers \u00e9pisode 1340)<\/p>\n<p>Le <a href=\"https:\/\/www.nouveautes-tele.com\/335435-josephine-et-loup-declenchent-un-drame-le-feu-ravage-la-maison-de-clotilde-ici-tout-commence-31-decembre-2025-episode-1340.html\" target=\"_blank\" rel=\"noopener\"><strong>r\u00e9sum\u00e9 complet Ici tout commence du 31 d\u00e9cembre 2025<\/strong><\/a> avec l\u2019\u00e9pisode 1340 o\u00f9 Jos\u00e9phine commet l\u2019irr\u00e9parable chez Clotilde.<br \/>D\u00e9couvrez la vid\u00e9o de <strong><a href=\"https:\/\/www.nouveautes-tele.com\/118986-nouveau-feuilleton-sur-tf1.html\" target=\"_blank\" rel=\"noopener\">l\u2019\u00e9pisode 1340 d\u2019Ici tout commence<\/a><\/strong> : le r\u00e9sum\u00e9 express en 1 minute avec les moments forts :<\/p>\n<p>\ud83d\udd1c Restez connect\u00e9s ! La <strong>vid\u00e9o Ici tout commence du 1er janvier 2026<\/strong> avec l\u2019\u00e9pisode 1341 sur Nouveaut\u00e9s T\u00e9l\u00e9 et l\u2019\u00e9pisode pr\u00e9c\u00e9dent <strong><a href=\"https:\/\/www.nouveautes-tele.com\/335383-josephine-va-t-elle-replonger-le-geste-de-bianca-qui-fait-craindre-le-pire-ici-tout-commence-spoilers-30-decembre-2025.html\" target=\"_blank\" rel=\"noopener\">ITC 1339<\/a><\/strong>.<\/p>\n<p>Notre synth\u00e8se : l\u2019avis de Nouveaut\u00e9s-T\u00e9l\u00e9 sur l\u2019\u00e9pisode 1340 d\u2019Ici tout commence<\/p>\n<p>                Notre avis<\/p>\n<p>                                Les +<\/p>\n<ul>\n<li>Bel \u00e9pisode de r\u00e9veillon ! On commence avec <strong>Billie qui ment \u00e0 Ferdinand<\/strong> pour aller faire la f\u00eate avec Ana\u00efs, P\u00e9n\u00e9lope et Tom\u2026 C\u2019est vraiment pas cool de sa part car <strong>Ferdinand a refus\u00e9 l\u2019invitation de L\u00e9onard<\/strong> pour le 31 et en plus il avait tout pr\u00e9par\u00e9. Et quand Ferdinand d\u00e9barque avec la potion anti-rhume de sa grand-m\u00e8re, il voit <strong>Billie en tenue de soir\u00e9e<\/strong>. Elle s\u2019est fait griller et on a mal au c\u0153ur pour Ferdinand. Il a voulu faire confiance et il s\u2019est fait humilier. Comment Billie va-t-elle pouvoir se rattraper ? Ferdinand pourra-t-il \u00e0 nouveau lui faire confiance ? Le <strong>duo Billie\/Ferdi<\/strong> marche tr\u00e8s bien, j\u2019esp\u00e8re que les sc\u00e9naristes ne vont pas le d\u00e9truire. La sc\u00e8ne est \u00e0 la fois g\u00eanante et hilarante. <strong>Billie s\u2019est fait griller<\/strong> devant tout le monde, bien fait !\n<\/li>\n<li>C\u00f4t\u00e9 ferme, <strong>Ang\u00e8le et Stanislas<\/strong> qui veulent tester C\u00e9sar en le saoulant, c\u2019est du grand n\u2019importe quoi ! Le retournement de situation est savoureux : <strong>C\u00e9sar jette toute l\u2019eau-de-vie dans la plante<\/strong> et ce sont eux qui finissent compl\u00e8tement bourr\u00e9s. C\u00e9sar marque des points, il g\u00e8re la situation avec classe. <strong>Coline semble vraiment heureuse<\/strong> avec C\u00e9sar, une jolie love story est en train de se construire.<br \/>L\u2019intrigue <strong>Jos\u00e9phine\/Loup<\/strong> prend une tournure dramatique. La sc\u00e8ne romantique avec les bougies est magnifique, <strong>Loup est touch\u00e9<\/strong> comme jamais\u2026 Mais on sait que \u00e7a va mal tourner. Et effectivement, <strong>une bougie tombe et le feu se propage<\/strong> alors qu\u2019ils partent dans la chambre sans rien voir ! Le pire, c\u2019est que <strong>Jos\u00e9phine garde les m\u00e9dicaments<\/strong> en secret\u2026 \u00c7a n\u2019annonce vraiment rien de bon pour la suite. Va-t-elle replonger ? Esp\u00e9rons d\u00e9j\u00e0 que Loup et Jos\u00e9phine s\u2019en sortent indemnes.\n<\/li>\n<\/ul>\n<p>                            Casting principal<\/p>\n<p>Lucie Flory, Margaux Aguilar, Simon Dartois, Julie Sassoust, Laurence Facelina, Talina Boyaci<\/p>\n<p>                            Dur\u00e9e des \u00e9pisodes (moyenne)<\/p>\n<p>26<\/p>\n<p><img fetchpriority=\"high\" decoding=\"async\" aria-describedby=\"caption-attachment-335445\" src=\"data:image\/svg+xml,%3Csvg%20xmlns=\" http:=\"\" alt=\"cesar et coline itc \" width=\"1200\" height=\"695\" class=\"size-full wp-image-335445\" data-lazy- data-lazy- data-lazy-src=\"https:\/\/www.europesays.com\/fr\/wp-content\/uploads\/2025\/12\/ITC1340b.jpg\"\/><\/p>\n<p id=\"caption-attachment-335445\" class=\"wp-caption-text\">Le couple C\u00e9sar et Coline va-t-il durer ?<\/p>\n<p>\ud83d\udccc Les moments cl\u00e9s de l\u2019\u00e9pisode 1340 : ce qu\u2019il ne fallait pas manquer (ITC mercredi 31 d\u00e9cembre 2025) <\/p>\n<ul>\n<li><strong>Billie re\u00e7oit la liste des t\u00e9moins de Valdine<\/strong> et se retrouve face \u00e0 des chefs r\u00e9put\u00e9s et des stars de t\u00e9l\u00e9<\/li>\n<li><strong>Ana\u00efs et Tom proposent \u00e0 Billie<\/strong> une soir\u00e9e de r\u00e9veillon \u00e0 Aigues-Mortes pour lui remonter le moral<\/li>\n<li><strong>Billie ment \u00e0 Ferdinand<\/strong> en pr\u00e9textant \u00eatre malade pour aller \u00e0 une f\u00eate sans lui<\/li>\n<li><strong>Ferdinand d\u00e9barque \u00e0 la coloc<\/strong> avec la potion magique de sa grand-m\u00e8re pour soigner Billie. Il d\u00e9couvre le mensonge de Billie<\/li>\n<li><strong>Jos\u00e9phine garde secr\u00e8tement les m\u00e9dicaments<\/strong> de Bianca au lieu de les jeter comme elle l\u2019avait dit<\/li>\n<li><strong>Ang\u00e8le et Stanislas veulent tester C\u00e9sar<\/strong> en essayant de le saouler pendant le r\u00e9veillon \u00e0 la ferme<\/li>\n<li><strong>C\u00e9sar jette l\u2019alcool dans la plante<\/strong> tandis qu\u2019Ang\u00e8le et Stanislas finissent compl\u00e8tement ivres<\/li>\n<li><strong>Jos\u00e9phine d\u00e9core la maison de Clotilde<\/strong> avec des bougies pour faire une surprise romantique \u00e0 Loup<\/li>\n<li><strong>Loup est profond\u00e9ment touch\u00e9<\/strong> par l\u2019attention de Jos\u00e9phine : \u00ab\u00a0Personne n\u2019a jamais fait d\u2019aussi beau pour moi\u00a0\u00bb<\/li>\n<li><strong>Une bougie tombe et le feu se propage<\/strong> au rideau du salon pendant que Jos\u00e9phine et Loup ne voient rien<\/li>\n<\/ul>\n<p><img loading=\"lazy\" decoding=\"async\" aria-describedby=\"caption-attachment-335451\" src=\"data:image\/svg+xml,%3Csvg%20xmlns=\" http:=\"\" alt=\"Jos\u00e9phine itc\" width=\"1200\" height=\"793\" class=\"size-full wp-image-335451\" data-lazy- data-lazy- data-lazy-src=\"https:\/\/www.europesays.com\/fr\/wp-content\/uploads\/2025\/12\/ITC1340e.jpg\"\/><\/p>\n<p id=\"caption-attachment-335451\" class=\"wp-caption-text\">Jos\u00e9phine va-t-elle sombrer ? elle semble instable en ce moment<\/p>\n<p>\u2753 Les questions qui restent en suspens apr\u00e8s l\u2019\u00e9pisode 1340 d\u2019Ici tout commence  <\/p>\n<ul>\n<li><strong>Jos\u00e9phine et Loup vont-ils d\u00e9couvrir l\u2019incendie<\/strong> \u00e0 temps ou la maison de Clotilde va-t-elle \u00eatre d\u00e9truite ?<\/li>\n<li><strong>Billie va-t-elle r\u00e9ussir \u00e0 se faire pardonner<\/strong> par Ferdinand apr\u00e8s ce mensonge humiliant ?<\/li>\n<li><strong>Jos\u00e9phine va-t-elle replonger<\/strong> en gardant les pilules de Bianca au lieu de les jeter ?<\/li>\n<li><strong>C\u00e9sar a-t-il r\u00e9ussi le test<\/strong> d\u2019Ang\u00e8le et Stanislas malgr\u00e9 leur plan rat\u00e9 ?<\/li>\n<li><strong>Clotilde et Joachim vont-ils revenir<\/strong> \u00e0 temps pour sauver Jo et Loup ? <\/li>\n<\/ul>\n<p>\ud83d\udcac <strong>Et vous, qu\u2019en pensez-vous ?<\/strong> Partagez votre avis en commentaire ou sur le <a href=\"https:\/\/www.nouveautes-tele.com\/141204-ici-tout-commence-tf1-la-date-de-diffusion-et-horaire.html\" target=\"_blank\" rel=\"noopener\"><strong>forum Ici tout commence<\/strong><\/a> : Qu\u2019attendez-vous de la suite ?  R\u00e9agissez ci-dessous ! <\/p>\n<p><\/p>\n<p> \u00a0 \u00a0\ud83d\udcfa Ici tout commence &#8211; Intrigue \u00ab\u00a0Scandale\u00a0\u00bb<br \/>\n    &#13;<\/p>\n<tr>&#13;<br \/>\n            \ud83d\udcc5 Date&#13;<br \/>\n            \ud83c\udfac \u00c9pisode&#13;<br \/>\n            \ud83d\udd25 Point Cl\u00e9&#13;<br \/>\n        <\/tr>\n<p>&#13;<br \/>\n      &#13;<br \/>\n     &#13;<\/p>\n<tr>&#13;<br \/>\n \u00a0 \u00a0 \u00a0 \u00a0 \u00a0 \u00a0<\/p>\n<td>29 d\u00e9cembre 2025<\/td>\n<p>&#13;<\/p>\n<td><a href=\"https:\/\/www.nouveautes-tele.com\/335075-josephine-joue-avec-le-feu-loup-va-t-il-decouvrir-son-vrai-visage-ici-tout-commence-29-decembre-2025-episode-1338-resume-complet-itc.html\" target=\"_blank\" rel=\"noopener\"><strong>1338<\/strong><\/a><\/td>\n<p>&#13;<br \/>\n \u00a0 \u00a0 \u00a0 \u00a0 \u00a0 \u00a0<\/p>\n<td>Fleur et Jos\u00e9phine se disputent \u00e0 cause du secret<\/td>\n<p>&#13;<br \/>\n        <\/tr>\n<p>&#13;<\/p>\n<tr>&#13;<br \/>\n \u00a0 \u00a0 \u00a0 \u00a0 \u00a0 \u00a0<\/p>\n<td>30 d\u00e9cembre 2025<\/td>\n<p>&#13;<\/p>\n<td><a href=\"https:\/\/www.nouveautes-tele.com\/335285-milan-derape-andrea-insultee-anais-le-sanctionne-lourdement-ici-tout-commence-30-decembre-2025-episode-1339-resume-complet-itc.html\" target=\"_blank\" rel=\"noopener\"><strong>1339<\/strong><\/a><\/td>\n<p>&#13;<br \/>\n \u00a0 \u00a0 \u00a0 \u00a0 \u00a0 \u00a0<\/p>\n<td>Jos\u00e9phine se retrouve avec les pilules de Bianca<\/td>\n<p>&#13;<br \/>\n        <\/tr>\n<p>&#13;<\/p>\n<tr>&#13;<br \/>\n \u00a0 \u00a0 \u00a0 \u00a0 \u00a0 \u00a0<\/p>\n<td>31 d\u00e9cembre 2025<\/td>\n<p>&#13;<\/p>\n<td><a href=\"https:\/\/www.nouveautes-tele.com\/335435-josephine-et-loup-declenchent-un-drame-le-feu-ravage-la-maison-de-clotilde-ici-tout-commence-31-decembre-2025-episode-1340.html\" target=\"_blank\" rel=\"noopener\"><strong>1340<\/strong><\/a><\/td>\n<p>&#13;<br \/>\n \u00a0 \u00a0 \u00a0 \u00a0 \u00a0 \u00a0<\/p>\n<td>Jos\u00e9phine met le feu chez Clotilde<\/td>\n<p>&#13;<br \/>\n        <\/tr>\n<p>&#13;<br \/>\n\t \t\t&#13;<\/p>\n<p><\/p>\n<p>                          <img loading=\"lazy\" decoding=\"async\" width=\"512\" height=\"512\" src=\"data:image\/svg+xml,%3Csvg%20xmlns=\" http:=\"\" alt=\"Logo de Nouveaut\u00e9 t\u00e9l\u00e9\" data-lazy-src=\"https:\/\/www.europesays.com\/fr\/wp-content\/uploads\/2025\/06\/nt-logo.png\"\/><\/p>\n<p>\t\t\t  Isabelle Corteilles<\/p>\n<p>Titou, fondatrice de Nouveaut\u00e9s T\u00e9l\u00e9 en 2014, passionn\u00e9e de m\u00e9dias et incollable sur l\u2019actualit\u00e9 des s\u00e9ries t\u00e9l\u00e9. De la g\u00e9n\u00e9ration Dawson\u2019s Creek et Sous le Soleil, je navigue aujourd\u2019hui entre le Spoon de DNA, les marais salants d\u2019ITC, le Mistral de PBLV et les Sauvages d\u2019Un Si Grand Soleil, pour ne rien rater des derni\u00e8res intrigues et des indiscr\u00e9tions.<\/p>\n","protected":false},"excerpt":{"rendered":"Ici tout commence en avance avec du 31 d\u00e9cembre 2025 : tout savoir sur le replay \/ d\u00e9cryptage&hellip;\n","protected":false},"author":2,"featured_media":626918,"comment_status":"","ping_status":"","sticky":false,"template":"","format":"standard","meta":{"footnotes":""},"categories":[1356],"tags":[58,59,1011,27,252,1364],"class_list":{"0":"post-626917","1":"post","2":"type-post","3":"status-publish","4":"format-standard","5":"has-post-thumbnail","7":"category-television","8":"tag-divertissement","9":"tag-entertainment","10":"tag-fr","11":"tag-france","12":"tag-television","13":"tag-tv"},"share_on_mastodon":{"url":"https:\/\/pubeurope.com\/@fr\/115796847249247526","error":""},"_links":{"self":[{"href":"https:\/\/www.europesays.com\/fr\/wp-json\/wp\/v2\/posts\/626917","targetHints":{"allow":["GET"]}}],"collection":[{"href":"https:\/\/www.europesays.com\/fr\/wp-json\/wp\/v2\/posts"}],"about":[{"href":"https:\/\/www.europesays.com\/fr\/wp-json\/wp\/v2\/types\/post"}],"author":[{"embeddable":true,"href":"https:\/\/www.europesays.com\/fr\/wp-json\/wp\/v2\/users\/2"}],"replies":[{"embeddable":true,"href":"https:\/\/www.europesays.com\/fr\/wp-json\/wp\/v2\/comments?post=626917"}],"version-history":[{"count":0,"href":"https:\/\/www.europesays.com\/fr\/wp-json\/wp\/v2\/posts\/626917\/revisions"}],"wp:featuredmedia":[{"embeddable":true,"href":"https:\/\/www.europesays.com\/fr\/wp-json\/wp\/v2\/media\/626918"}],"wp:attachment":[{"href":"https:\/\/www.europesays.com\/fr\/wp-json\/wp\/v2\/media?parent=626917"}],"wp:term":[{"taxonomy":"category","embeddable":true,"href":"https:\/\/www.europesays.com\/fr\/wp-json\/wp\/v2\/categories?post=626917"},{"taxonomy":"post_tag","embeddable":true,"href":"https:\/\/www.europesays.com\/fr\/wp-json\/wp\/v2\/tags?post=626917"}],"curies":[{"name":"wp","href":"https:\/\/api.w.org\/{rel}","templated":true}]}}