{"id":626919,"date":"2025-12-28T11:00:14","date_gmt":"2025-12-28T11:00:14","guid":{"rendered":"https:\/\/www.europesays.com\/fr\/626919\/"},"modified":"2025-12-28T11:00:14","modified_gmt":"2025-12-28T11:00:14","slug":"je-ne-suis-pas-concerne-mise-au-point-apres-la-sortie-dyngwie-malmsteen","status":"publish","type":"post","link":"https:\/\/www.europesays.com\/fr\/626919\/","title":{"rendered":"\u201cJe ne suis pas concern\u00e9\u201d \u2013 Mise au point apr\u00e8s la sortie d\u2019Yngwie Malmsteen"},"content":{"rendered":"<p><strong>Jeff Scott Soto a r\u00e9agi aux r\u00e9centes d\u00e9clarations d\u2019<a href=\"https:\/\/www.metalzone.fr\/yngwie-malmsteen\/\" target=\"_blank\" rel=\"noopener\">Yngwie Malmsteen<\/a> visant certains de ses anciens chanteurs. Il affirme ne pas \u00eatre concern\u00e9. L\u2019ex-vocaliste de Rising Force souhaite aujourd\u2019hui tourner la page et renouer le dialogue avec le guitariste su\u00e9dois.<\/strong><\/p>\n<p>\u201cRien \u00e0 voir avec moi\u201d : Soto clarifie la situation<\/p>\n<p>Invit\u00e9 de l\u2019\u00e9mission <a href=\"https:\/\/www.youtube.com\/watch?v=dqzhZ2iT3bc\" target=\"_blank\" rel=\"noopener noreferrer\">Artists On Record with Stefan Adika<\/a>, Jeff Scott Soto a tenu \u00e0 dissiper un malentendu : contrairement \u00e0 ce que beaucoup ont cru, il n\u2019\u00e9tait pas vis\u00e9 par le message publi\u00e9 par Yngwie Malmsteen le 18 d\u00e9cembre, dans lequel le guitariste reprochait \u00e0 certains anciens chanteurs de \u201ccapitaliser sur [sa] marque\u201d.<\/p>\n<p>\u201cMon t\u00e9l\u00e9phone n\u2019a pas arr\u00eat\u00e9 de vibrer pendant deux jours\u201d, raconte-t-il. \u201cTout le monde pensait qu\u2019il parlait de moi. Mais en r\u00e9alit\u00e9, il visait deux autres chanteurs qui donnent des concerts ax\u00e9s sur leur passage chez Yngwie. Moi, je ne suis pas concern\u00e9.\u201d<\/p>\n<p>Soto assure qu\u2019il ne cherche pas \u00e0 exploiter cette partie de son parcours : \u201cJe ne fais aucun concert ax\u00e9 sur son r\u00e9pertoire. Je me contente de c\u00e9l\u00e9brer ce que j\u2019ai fait avec lui, car \u00e7a fait partie de mon histoire.\u201d<\/p>\n<p>\u201cJe veux juste qu\u2019on soit en paix\u201d<\/p>\n<p>Le chanteur am\u00e9ricain, pr\u00e9sent sur les deux premiers albums solo de Malmsteen au milieu des ann\u00e9es 1980, exprime une volont\u00e9 de r\u00e9conciliation : \u201cOn ne se parle plus depuis longtemps, mais je tente de renouer le contact. Je ne cherche pas \u00e0 retravailler avec lui ni \u00e0 ressasser le pass\u00e9. Je veux juste qu\u2019on soit en paix.\u201d<\/p>\n<p>En fin d\u2019interview, Soto s\u2019adresse directement \u00e0 son ancien coll\u00e8gue : \u201cOn a une longue histoire. On a fait de la belle musique ensemble. Je ne veux rien de toi, j\u2019aimerais simplement qu\u2019on redevienne amis.\u201d<\/p>\n<p>Malmsteen, qui n\u2019a pas r\u00e9pondu publiquement \u00e0 cette nouvelle tentative d\u2019apaisement, avait d\u00e9clar\u00e9 que les chanteurs de ses albums solo \u00e9taient des musiciens r\u00e9mun\u00e9r\u00e9s \u00e0 la prestation, sans aucun droit sur son \u0153uvre. Une vision que plusieurs ex-collaborateurs ont contest\u00e9e ces derni\u00e8res ann\u00e9es.<\/p>\n","protected":false},"excerpt":{"rendered":"Jeff Scott Soto a r\u00e9agi aux r\u00e9centes d\u00e9clarations d\u2019Yngwie Malmsteen visant certains de ses anciens chanteurs. Il affirme&hellip;\n","protected":false},"author":2,"featured_media":626920,"comment_status":"","ping_status":"","sticky":false,"template":"","format":"standard","meta":{"footnotes":""},"categories":[1355],"tags":[58,59,1011,27,1361,873],"class_list":{"0":"post-626919","1":"post","2":"type-post","3":"status-publish","4":"format-standard","5":"has-post-thumbnail","7":"category-musique","8":"tag-divertissement","9":"tag-entertainment","10":"tag-fr","11":"tag-france","12":"tag-music","13":"tag-musique"},"share_on_mastodon":{"url":"https:\/\/pubeurope.com\/@fr\/115796851080256601","error":""},"_links":{"self":[{"href":"https:\/\/www.europesays.com\/fr\/wp-json\/wp\/v2\/posts\/626919","targetHints":{"allow":["GET"]}}],"collection":[{"href":"https:\/\/www.europesays.com\/fr\/wp-json\/wp\/v2\/posts"}],"about":[{"href":"https:\/\/www.europesays.com\/fr\/wp-json\/wp\/v2\/types\/post"}],"author":[{"embeddable":true,"href":"https:\/\/www.europesays.com\/fr\/wp-json\/wp\/v2\/users\/2"}],"replies":[{"embeddable":true,"href":"https:\/\/www.europesays.com\/fr\/wp-json\/wp\/v2\/comments?post=626919"}],"version-history":[{"count":0,"href":"https:\/\/www.europesays.com\/fr\/wp-json\/wp\/v2\/posts\/626919\/revisions"}],"wp:featuredmedia":[{"embeddable":true,"href":"https:\/\/www.europesays.com\/fr\/wp-json\/wp\/v2\/media\/626920"}],"wp:attachment":[{"href":"https:\/\/www.europesays.com\/fr\/wp-json\/wp\/v2\/media?parent=626919"}],"wp:term":[{"taxonomy":"category","embeddable":true,"href":"https:\/\/www.europesays.com\/fr\/wp-json\/wp\/v2\/categories?post=626919"},{"taxonomy":"post_tag","embeddable":true,"href":"https:\/\/www.europesays.com\/fr\/wp-json\/wp\/v2\/tags?post=626919"}],"curies":[{"name":"wp","href":"https:\/\/api.w.org\/{rel}","templated":true}]}}