{"id":626923,"date":"2025-12-28T11:02:11","date_gmt":"2025-12-28T11:02:11","guid":{"rendered":"https:\/\/www.europesays.com\/fr\/626923\/"},"modified":"2025-12-28T11:02:11","modified_gmt":"2025-12-28T11:02:11","slug":"cette-liste-integre-plus-dune-centaine-de-medicaments-a-eviter","status":"publish","type":"post","link":"https:\/\/www.europesays.com\/fr\/626923\/","title":{"rendered":"Cette liste int\u00e8gre plus d&rsquo;une centaine de m\u00e9dicaments \u00e0 \u00e9viter !"},"content":{"rendered":"<p><strong>La revue ind\u00e9pendante Prescrire a r\u00e9cemment publi\u00e9 une mise \u00e0 jour de sa liste des m\u00e9dicaments \u00e0 \u00e9viter car jug\u00e9s plus dangereux qu\u2019utiles. Or, sur 108 traitement figurant dans le document, pas moins de 89 font l\u2019objet d\u2019une distribution en France. Par ailleurs, deux nouveaux m\u00e9dicaments y figurent, dont l\u2019autorisation de mise sur le march\u00e9 date de cette ann\u00e9e.<\/strong><\/p>\n<p>Une liste qui s\u2019allonge<\/p>\n<p>Chaque ann\u00e9e, la revue ind\u00e9pendante Prescrire publie <strong>un bilan de m\u00e9dicaments \u00e0 \u00e9carter<\/strong> afin d\u2019\u00e9viter certains risques disproportionn\u00e9s et ce, tout en am\u00e9liorant la qualit\u00e9 des soins. Cette \u00ab\u00a0liste noire\u00a0\u00bb inclut des traitements divers, notamment pour la douleur, le rhume ou encore, des troubles digestifs. Or, <a href=\"https:\/\/www.prescrire.org\/medicaments-et-evaluations\/medicaments-a-ecarter\" target=\"_blank\" rel=\"noopener\">Prescrire vient de publier son bilan 2026<\/a>, dont les d\u00e9tails ont \u00e9t\u00e9 relay\u00e9s dans <a href=\"https:\/\/www.quechoisir.org\/actualite-medicaments-a-eviter-des-medicaments-recents-dans-la-liste-noire-de-2026-n172930\/\" target=\"_blank\" rel=\"noopener\">un article publi\u00e9 par le magazine UFC Que choisir<\/a> le 3 d\u00e9cembre 2025.<\/p>\n<p>Il s\u2019av\u00e8re que <strong>certains m\u00e9dicaments ne sont pas toujours la meilleure option<\/strong> face \u00e0 des troubles tr\u00e8s courants comme les naus\u00e9es, la toux et les maux de ventre, entre autres. En cas de diarrh\u00e9e aigu\u00eb par exemple \u2013 en particulier chez les enfants \u2013 les argiles m\u00e9dicamenteuses sont d\u00e9conseill\u00e9es, notamment le diosmectite (Smecta), l\u2019hydrotalcite (Rennieliquo) ou encore, la montmorillonite beidellitique (Bedelix). Selon Prescrire, il existe <a href=\"https:\/\/sciencepost.fr\/plomb-sang-enfants-etats-unis\/\" target=\"_blank\" rel=\"noopener\">des risques de contamination au plomb<\/a>, un m\u00e9tal lourd <strong>dont les effets peuvent \u00eatre neurotoxiques<\/strong>. Ainsi, des alternatives comme les antiacides sans argile et l\u2019om\u00e9prazole (Mopral) sont pr\u00e9f\u00e9rables.<\/p>\n<p>Cette ann\u00e9e, la liste des m\u00e9dicaments plus dangereux qu\u2019utiles s\u2019est encore allong\u00e9e, avec 108 mol\u00e9cules \u00e0 \u00e9viter, dont <strong>89 faisant d\u00e9j\u00e0 l\u2019objet d\u2019une distribution en France<\/strong>. Parmi les nouveaux venus, nous retrouvons deux traitements autoris\u00e9s depuis 2025 : le f\u00e9zolin\u00e9tant (Veoza) et le g\u00e9fapixant (Lyfnua).<\/p>\n<p><img loading=\"lazy\" data-lazyloaded=\"1\" decoding=\"async\" class=\"size-full wp-image-321835\" src=\"https:\/\/www.europesays.com\/fr\/wp-content\/uploads\/2025\/12\/medicament-diosmectite-Smecta.jpg\" alt=\"m\u00e9dicament diosmectite (Smecta)\" width=\"384\" height=\"692\"  data-\/>Cr\u00e9dit : R1235613 \/ Wikimedia CommonsLe diosmectite (Smecta) fait partie de la liste des m\u00e9dicaments \u00e0 \u00e9viter de la revue Prescrire depuis 2022.Deux nouveaux m\u00e9dicaments dont il faut se m\u00e9fier<\/p>\n<p>Le f\u00e9zolin\u00e9tant (Veoza) est le <strong>tout premier<\/strong> <strong>traitement non hormonal de la m\u00e9nopause<\/strong>. Celui-ci agit sur des r\u00e9cepteurs jouant un r\u00f4le dans la r\u00e9gulation thermique de l\u2019organisme. Ainsi, ce traitement a pour mission de limiter les bouff\u00e9es de chaleur induites par la m\u00e9nopause. En revanche, son efficacit\u00e9 pr\u00e9sente en pratique, certaines limites. Lors des essais cliniques, le Veoza a supprim\u00e9 2 \u00e0 3 bouff\u00e9es mod\u00e9r\u00e9es \u00e0 s\u00e9v\u00e8res sur une moyenne de 11 par jour. Le m\u00e9dicament induit aussi des effets ind\u00e9sirables, notamment une toxicit\u00e9 pour le foie n\u00e9cessitant un suivi r\u00e9gulier de la fonction h\u00e9patique. \u00c9galement, il est question d\u2019une <strong>possible augmentation des risques de cancer<\/strong> \u2013 notamment de la peau \u2013 ainsi que de troubles digestifs ou neuropsychiques, comme l\u2019anxi\u00e9t\u00e9 ou l\u2019insomnie.<\/p>\n<p>Le g\u00e9fapixant (Lyfnua) <strong>vise \u00e0 traiter la toux chronique<\/strong>, que celle-ci soit r\u00e9fractaire (TOCRI) ou d\u2019origine inexpliqu\u00e9e. Ce traitement \u2013 le premier du genre disponible en Europe \u2013 agit sur certains r\u00e9cepteurs purinergiques jouant un r\u00f4le dans le m\u00e9canisme de la toux. Seulement voila, l\u2019efficacit\u00e9 de la mol\u00e9cule est limit\u00e9e et assez mal d\u00e9montr\u00e9e. Durant les tests, le traitement a \u00e9vit\u00e9 1 \u00e0 2 \u00e9pisodes de toux par heure sur une moyenne de 20. Aussi, il n\u2019existe aucune \u00e9valuation concernant les \u00e9ventuels impacts sur la qualit\u00e9 de vie des patients. Des effets ind\u00e9sirables sont \u00e9galement pr\u00e9sents, par exemple une <strong>augmentation des risques d\u2019infections respiratoires de type pneumonie<\/strong> mais aussi, de calculs urinaires. Lors des tests, des volontaires ont observ\u00e9 des troubles du go\u00fbt, \u00e0 tel point que 14% d\u2019entre-eux ont rapidement mis un terme au traitement.<\/p>\n","protected":false},"excerpt":{"rendered":"La revue ind\u00e9pendante Prescrire a r\u00e9cemment publi\u00e9 une mise \u00e0 jour de sa liste des m\u00e9dicaments \u00e0 \u00e9viter&hellip;\n","protected":false},"author":2,"featured_media":626924,"comment_status":"","ping_status":"","sticky":false,"template":"","format":"standard","meta":{"footnotes":""},"categories":[10],"tags":[1011,27,72,71],"class_list":{"0":"post-626923","1":"post","2":"type-post","3":"status-publish","4":"format-standard","5":"has-post-thumbnail","7":"category-sante","8":"tag-fr","9":"tag-france","10":"tag-health","11":"tag-sante"},"share_on_mastodon":{"url":"https:\/\/pubeurope.com\/@fr\/115796859831777740","error":""},"_links":{"self":[{"href":"https:\/\/www.europesays.com\/fr\/wp-json\/wp\/v2\/posts\/626923","targetHints":{"allow":["GET"]}}],"collection":[{"href":"https:\/\/www.europesays.com\/fr\/wp-json\/wp\/v2\/posts"}],"about":[{"href":"https:\/\/www.europesays.com\/fr\/wp-json\/wp\/v2\/types\/post"}],"author":[{"embeddable":true,"href":"https:\/\/www.europesays.com\/fr\/wp-json\/wp\/v2\/users\/2"}],"replies":[{"embeddable":true,"href":"https:\/\/www.europesays.com\/fr\/wp-json\/wp\/v2\/comments?post=626923"}],"version-history":[{"count":0,"href":"https:\/\/www.europesays.com\/fr\/wp-json\/wp\/v2\/posts\/626923\/revisions"}],"wp:featuredmedia":[{"embeddable":true,"href":"https:\/\/www.europesays.com\/fr\/wp-json\/wp\/v2\/media\/626924"}],"wp:attachment":[{"href":"https:\/\/www.europesays.com\/fr\/wp-json\/wp\/v2\/media?parent=626923"}],"wp:term":[{"taxonomy":"category","embeddable":true,"href":"https:\/\/www.europesays.com\/fr\/wp-json\/wp\/v2\/categories?post=626923"},{"taxonomy":"post_tag","embeddable":true,"href":"https:\/\/www.europesays.com\/fr\/wp-json\/wp\/v2\/tags?post=626923"}],"curies":[{"name":"wp","href":"https:\/\/api.w.org\/{rel}","templated":true}]}}