{"id":626936,"date":"2025-12-28T11:09:15","date_gmt":"2025-12-28T11:09:15","guid":{"rendered":"https:\/\/www.europesays.com\/fr\/626936\/"},"modified":"2025-12-28T11:09:15","modified_gmt":"2025-12-28T11:09:15","slug":"en-direct-guerre-en-ukraine-serguei-lavrov-etrille-les-europeens-avant-le-sommet-trump-zelensky","status":"publish","type":"post","link":"https:\/\/www.europesays.com\/fr\/626936\/","title":{"rendered":"EN DIRECT &#8211; Guerre en Ukraine : Sergue\u00ef Lavrov \u00e9trille les Europ\u00e9ens avant le sommet Trump-Zelensky"},"content":{"rendered":"<p class=\"fig-paragraph\">Le principal fournisseur priv\u00e9 d\u2019\u00e9nergie en Ukraine a d\u00e9clar\u00e9 dimanche avoir r\u00e9tabli l\u2019\u00e9lectricit\u00e9 pour pr\u00e8s de 750 000 m\u00e9nages \u00e0 Kiev, un jour apr\u00e8s qu\u2019une attaque a\u00e9rienne russe a provoqu\u00e9 des coupures d\u2019urgence.<\/p>\n<p class=\"fig-paragraph\">Une attaque combin\u00e9e par missiles et drones, t\u00f4t samedi matin, a tu\u00e9 deux personnes et priv\u00e9 d\u2019\u00e9lectricit\u00e9 plus d\u2019un million de m\u00e9nages dans la capitale et ses environs.<\/p>\n<p class=\"fig-paragraph\">Dans un communiqu\u00e9, DTEK a indiqu\u00e9 que les consommateurs sur la rive droite de Kiev \u00e9taient revenus \u00e0 des coupures d\u2019\u00e9lectricit\u00e9 planifi\u00e9es, mais que la situation restait \u00ab plus difficile\u00a0\u00bb sur la rive gauche, o\u00f9 des coupures d\u2019urgence \u00e9taient toujours en vigueur.<\/p>\n<p class=\"fig-paragraph\">La Russie a intensifi\u00e9 ses frappes massives sur le syst\u00e8me \u00e9nerg\u00e9tique ukrainien ces derni\u00e8res semaines, alors qu\u2019elle poursuit son offensive sur le terrain au milieu d\u2019une initiative de paix men\u00e9e par les \u00c9tats-Unis pour mettre fin \u00e0 la guerre qui dure depuis pr\u00e8s de quatre ans.<\/p>\n","protected":false},"excerpt":{"rendered":"Le principal fournisseur priv\u00e9 d\u2019\u00e9nergie en Ukraine a d\u00e9clar\u00e9 dimanche avoir r\u00e9tabli l\u2019\u00e9lectricit\u00e9 pour pr\u00e8s de 750 000&hellip;\n","protected":false},"author":2,"featured_media":626937,"comment_status":"","ping_status":"","sticky":false,"template":"","format":"standard","meta":{"footnotes":""},"categories":[2],"tags":[259,11,260,75,1011,27,131,14,261,12,2403,262,134],"class_list":{"0":"post-626936","1":"post","2":"type-post","3":"status-publish","4":"format-standard","5":"has-post-thumbnail","7":"category-actualites","8":"tag-actualite-internationale","9":"tag-actualites","10":"tag-affaires-etrangeres","11":"tag-donald-trump","12":"tag-fr","13":"tag-france","14":"tag-guerre-en-ukraine","15":"tag-international","16":"tag-ministere-des-affaires-etrangeres","17":"tag-news","18":"tag-paix","19":"tag-politique-etrangere","20":"tag-volodymyr-zelensky"},"share_on_mastodon":{"url":"https:\/\/pubeurope.com\/@fr\/115796886459679191","error":""},"_links":{"self":[{"href":"https:\/\/www.europesays.com\/fr\/wp-json\/wp\/v2\/posts\/626936","targetHints":{"allow":["GET"]}}],"collection":[{"href":"https:\/\/www.europesays.com\/fr\/wp-json\/wp\/v2\/posts"}],"about":[{"href":"https:\/\/www.europesays.com\/fr\/wp-json\/wp\/v2\/types\/post"}],"author":[{"embeddable":true,"href":"https:\/\/www.europesays.com\/fr\/wp-json\/wp\/v2\/users\/2"}],"replies":[{"embeddable":true,"href":"https:\/\/www.europesays.com\/fr\/wp-json\/wp\/v2\/comments?post=626936"}],"version-history":[{"count":0,"href":"https:\/\/www.europesays.com\/fr\/wp-json\/wp\/v2\/posts\/626936\/revisions"}],"wp:featuredmedia":[{"embeddable":true,"href":"https:\/\/www.europesays.com\/fr\/wp-json\/wp\/v2\/media\/626937"}],"wp:attachment":[{"href":"https:\/\/www.europesays.com\/fr\/wp-json\/wp\/v2\/media?parent=626936"}],"wp:term":[{"taxonomy":"category","embeddable":true,"href":"https:\/\/www.europesays.com\/fr\/wp-json\/wp\/v2\/categories?post=626936"},{"taxonomy":"post_tag","embeddable":true,"href":"https:\/\/www.europesays.com\/fr\/wp-json\/wp\/v2\/tags?post=626936"}],"curies":[{"name":"wp","href":"https:\/\/api.w.org\/{rel}","templated":true}]}}