{"id":626938,"date":"2025-12-28T11:10:14","date_gmt":"2025-12-28T11:10:14","guid":{"rendered":"https:\/\/www.europesays.com\/fr\/626938\/"},"modified":"2025-12-28T11:10:14","modified_gmt":"2025-12-28T11:10:14","slug":"saint-etienne-metropole-on-vous-devoile-les-ateliers-de-noel-du-mamc-pour-occuper-petits-et-grands","status":"publish","type":"post","link":"https:\/\/www.europesays.com\/fr\/626938\/","title":{"rendered":"Saint-Etienne M\u00e9tropole. On vous d\u00e9voile les ateliers de No\u00ebl du MAMC pour occuper petits et grands"},"content":{"rendered":"<p>Envie d\u2019une sortie originale pour occuper petits et grands pendant les vacances\u00a0? Le Mus\u00e9e d\u2019art moderne et contemporain de Saint-\u00c9tienne M\u00e9tropole (MAMC) ouvre ses portes et propose tout un programme sp\u00e9cial familles autour de ses nouvelles expositions.<\/p>\n<p>De quoi m\u00ealer d\u00e9couverte, cr\u00e9ativit\u00e9 et aventures gr\u00e2ce \u00e0 des ateliers ou le mus\u00e9e invite \u00e0 explorer la transparence, en lien avec l\u2019exposition Le verre, au-del\u00e0 de la mati\u00e8re. Il est propos\u00e9 aux enfants de jouer avec la lumi\u00e8re, les couleurs et les mati\u00e8res transparentes. Trois formats d\u2019ateliers sont propos\u00e9s, adapt\u00e9s \u00e0 chaque \u00e2ge.<\/p>\n<p>  Transparence<\/p>\n<p>Les enfants cr\u00e9ent un assemblage d\u2019objets et mat\u00e9riaux transparents, puis le dessinent en jouant avec la lumi\u00e8re. Un atelier po\u00e9tique qui \u00e9veille le regard. De 4 \u00e0 6 ans, mercredis 31\u00a0d\u00e9cembre, de 9 \u00e0 12 heures. Tarif\u00a0: 12\u00a0\u20ac tarif plein\/10\u00a0\u20ac tarif r\u00e9duit<\/p>\n<p>  Laboratoire cr\u00e9atif<\/p>\n<p>Une journ\u00e9e pour exp\u00e9rimenter la transparence en cr\u00e9ant des volumes color\u00e9s. Une immersion totale dans la lumi\u00e8re et la mati\u00e8re. De 7 \u00e0 10 ans lundi 29\u00a0d\u00e9cembre de 9 \u00e0 12 heures et de 14 \u00e0 17 heures.\u00a0Tarif\u00a0: 24\u00a0\u20ac tarif plein, 20\u00a0\u20ac tarif r\u00e9duit.<\/p>\n<p>  Sculpture de lumi\u00e8re<\/p>\n<p>Les ados composent des assemblages translucides et explorent les effets lumineux. Un atelier pour laisser libre cours \u00e0 leur cr\u00e9ativit\u00e9. De 11 \u00e0 14 ans, vendredi 2\u00a0janvier de 9 \u00e0 12 heures et de &amp; 14 \u00e0 17 heures. Tarif\u00a0: 2 4\u00a0\u20ac tarif plein et 20\u00a0\u20ac tarif r\u00e9duit.<\/p>\n<p class=\"note\">Contact au 04.77.79.52.52.<\/p>\n","protected":false},"excerpt":{"rendered":"Envie d\u2019une sortie originale pour occuper petits et grands pendant les vacances\u00a0? Le Mus\u00e9e d\u2019art moderne et contemporain&hellip;\n","protected":false},"author":2,"featured_media":626939,"comment_status":"","ping_status":"","sticky":false,"template":"","format":"standard","meta":{"footnotes":""},"categories":[9653],"tags":[1111,11,2430,1687,7539,1777,674,2271,1011,27,12,25,4001,7538],"class_list":{"0":"post-626938","1":"post","2":"type-post","3":"status-publish","4":"format-standard","5":"has-post-thumbnail","7":"category-saint-etienne","8":"tag-actu","9":"tag-actualites","10":"tag-auvergne-rhone-alpes","11":"tag-culture-loisirs","12":"tag-edition-loire-sud","13":"tag-eu","14":"tag-europe","15":"tag-exposition-arts-plastiques","16":"tag-fr","17":"tag-france","18":"tag-news","19":"tag-republique-francaise","20":"tag-saint-etienne","21":"tag-saint-etienne-ville"},"share_on_mastodon":{"url":"https:\/\/pubeurope.com\/@fr\/115796890433025442","error":""},"_links":{"self":[{"href":"https:\/\/www.europesays.com\/fr\/wp-json\/wp\/v2\/posts\/626938","targetHints":{"allow":["GET"]}}],"collection":[{"href":"https:\/\/www.europesays.com\/fr\/wp-json\/wp\/v2\/posts"}],"about":[{"href":"https:\/\/www.europesays.com\/fr\/wp-json\/wp\/v2\/types\/post"}],"author":[{"embeddable":true,"href":"https:\/\/www.europesays.com\/fr\/wp-json\/wp\/v2\/users\/2"}],"replies":[{"embeddable":true,"href":"https:\/\/www.europesays.com\/fr\/wp-json\/wp\/v2\/comments?post=626938"}],"version-history":[{"count":0,"href":"https:\/\/www.europesays.com\/fr\/wp-json\/wp\/v2\/posts\/626938\/revisions"}],"wp:featuredmedia":[{"embeddable":true,"href":"https:\/\/www.europesays.com\/fr\/wp-json\/wp\/v2\/media\/626939"}],"wp:attachment":[{"href":"https:\/\/www.europesays.com\/fr\/wp-json\/wp\/v2\/media?parent=626938"}],"wp:term":[{"taxonomy":"category","embeddable":true,"href":"https:\/\/www.europesays.com\/fr\/wp-json\/wp\/v2\/categories?post=626938"},{"taxonomy":"post_tag","embeddable":true,"href":"https:\/\/www.europesays.com\/fr\/wp-json\/wp\/v2\/tags?post=626938"}],"curies":[{"name":"wp","href":"https:\/\/api.w.org\/{rel}","templated":true}]}}